{"id":130607,"date":"2026-09-06T09:07:54","date_gmt":"2026-09-06T12:07:54","guid":{"rendered":"https:\/\/www.blogdopaulonunes.com\/v5\/?p=130607"},"modified":"2026-09-06T09:07:54","modified_gmt":"2026-09-06T12:07:54","slug":"quase-95-dos-produtores-rurais-enfrentam-dificuldade-para-contratar-trabalhadores","status":"publish","type":"post","link":"https:\/\/www.blogdopaulonunes.com\/v5\/index.php\/2026\/09\/06\/quase-95-dos-produtores-rurais-enfrentam-dificuldade-para-contratar-trabalhadores\/","title":{"rendered":"Quase 95% dos produtores rurais enfrentam dificuldade para contratar trabalhadores"},"content":{"rendered":"<p style=\"text-align: justify;\"><strong>Falta de m\u00e3o de obra j\u00e1 afeta a produ\u00e7\u00e3o, eleva custos e leva produtores a acelerar investimentos em mecaniza\u00e7\u00e3o e automa\u00e7\u00e3o<\/strong><\/p>\n<p style=\"text-align: justify;\">Confedera\u00e7\u00e3o da Agricultura e Pecu\u00e1ria do Brasil (CNA) afirmam ter alguma dificuldade para contratar trabalhadores no campo.<\/p>\n<p style=\"text-align: justify;\">O levantamento, realizado em parceria com o Centro de Estudos Avan\u00e7ados em Economia Aplicada (Cepea\/Esalq\/USP), mostra ainda que <strong>84,3% dos produtores operam com um quadro de funcion\u00e1rios inferior ao necess\u00e1rio<\/strong>. O problema n\u00e3o se limita \u00e0 contrata\u00e7\u00e3o: <strong>88,3% afirmam ter enfrentado algum tipo de consequ\u00eancia produtiva por causa da falta de trabalhadores<\/strong>.<\/p>\n<p style=\"text-align: justify;\">Entre os principais impactos est\u00e3o <strong>atrasos nas opera\u00e7\u00f5es, apontados por 48,7% dos produtores<\/strong>, e <strong>adiamento ou desist\u00eancia de planos de expans\u00e3o, relatados por 48%<\/strong>. Outros 43,9% registraram aumento dos custos com m\u00e3o de obra, enquanto 42,6% anteciparam investimentos em mecaniza\u00e7\u00e3o e automa\u00e7\u00e3o. J\u00e1 <strong>42% relataram redu\u00e7\u00e3o da produ\u00e7\u00e3o<\/strong>.<\/p>\n<p style=\"text-align: justify;\">A dimens\u00e3o do problema aparece tamb\u00e9m na percep\u00e7\u00e3o dos pr\u00f3prios produtores. <strong>Para 44,5%, a m\u00e3o de obra \u00e9 hoje o principal desafio enfrentado no campo<\/strong>, \u00e0 frente de fatores como custos, clima e pre\u00e7os.<\/p>\n<h2>Escassez de m\u00e3o de obra acelera mecaniza\u00e7\u00e3o no campo<\/h2>\n<p style=\"text-align: justify;\">O cen\u00e1rio tem acelerado a transforma\u00e7\u00e3o tecnol\u00f3gica da agropecu\u00e1ria. <strong>88,8% dos produtores disseram ter buscado alguma alternativa para enfrentar a falta de trabalhadores<\/strong>, incluindo investimentos em tecnologia, medidas para atrair e reter profissionais, mudan\u00e7as na atividade produtiva e aumento da terceiriza\u00e7\u00e3o. A mecaniza\u00e7\u00e3o aparece como a principal estrat\u00e9gia adotada individualmente.<\/p>\n<p style=\"text-align: justify;\">Mesmo diante da escassez, o setor ampliou significativamente sua produtividade. Segundo o estudo, <strong>entre 1995 e 2025, a produtividade por hora trabalhada na agropecu\u00e1ria brasileira cresceu 515%<\/strong>, enquanto a produtividade por hora trabalhada no conjunto da economia avan\u00e7ou 28%.<\/p>\n<p style=\"text-align: justify;\">Outro indicador mostra a mudan\u00e7a estrutural do campo: entre 2012 e 2025, <strong>a \u00e1rea agr\u00edcola aumentou 43,2%, enquanto o n\u00famero de empregados por 100 hectares caiu 38,5%<\/strong>. Para a CNA, a pr\u00f3pria dificuldade de contrata\u00e7\u00e3o passou a estimular investimentos em tecnologia, com o objetivo de elevar a produtividade e melhorar as condi\u00e7\u00f5es oferecidas aos trabalhadores.<\/p>\n<p style=\"text-align: justify;\">A pesquisa aponta que a redu\u00e7\u00e3o da disponibilidade de trabalhadores rurais est\u00e1 relacionada a transforma\u00e7\u00f5es demogr\u00e1ficas e sociais, como o aumento da escolariza\u00e7\u00e3o, a expans\u00e3o de oportunidades de emprego fora do setor agropecu\u00e1rio e o avan\u00e7o da urbaniza\u00e7\u00e3o.<\/p>\n<p style=\"text-align: justify;\">Os resultados foram apresentados pela economista da CNA Isabel Mendes durante o evento <strong>Agenda Brasil \u2013 Crescimento, Emprego e Competitividade<\/strong>, realizado pelo Sistema CNA\/Senar em parceria com o Estad\u00e3o.<\/p>\n<div class=\"notice-content__tags\" style=\"text-align: justify;\"><a class=\"notice-content__tag\" href=\"\/noticias\/tag\/agricultura\">#Agricultura<\/a><a class=\"notice-content__tag\" href=\"\/noticias\/tag\/trabalho\">#Trabalho<\/a><\/div>\n<p>Fonte: <a href=\"https:\/\/brasil61.com\/n\/quase-95-dos-produtores-rurais-enfrentam-dificuldade-para-contratar-trabalhadores-bras2617083?email=paulonunes4@gmail.com&amp;utm_source=newsletter&amp;utm_medium=newsletter&amp;utm_campaign=newsletter\" target=\"_blank\" rel=\"noopener\">Brasil 61<\/a><\/p>\n","protected":false},"excerpt":{"rendered":"<p>Falta de m\u00e3o de obra j\u00e1 afeta a produ\u00e7\u00e3o, eleva custos e leva produtores a acelerar investimentos em mecaniza\u00e7\u00e3o e automa\u00e7\u00e3o Confedera\u00e7\u00e3o da Agricultura e Pecu\u00e1ria do Brasil (CNA) afirmam ter alguma dificuldade para contratar trabalhadores no campo. O levantamento, realizado em parceria com o Centro de Estudos Avan\u00e7ados em Economia Aplicada (Cepea\/Esalq\/USP), mostra ainda [&hellip;]<\/p>\n","protected":false},"author":2,"featured_media":130608,"comment_status":"open","ping_status":"open","sticky":false,"template":"","format":"standard","meta":[],"categories":[79,105],"tags":[1481,1330,4960,1704],"_links":{"self":[{"href":"https:\/\/www.blogdopaulonunes.com\/v5\/index.php\/wp-json\/wp\/v2\/posts\/130607"}],"collection":[{"href":"https:\/\/www.blogdopaulonunes.com\/v5\/index.php\/wp-json\/wp\/v2\/posts"}],"about":[{"href":"https:\/\/www.blogdopaulonunes.com\/v5\/index.php\/wp-json\/wp\/v2\/types\/post"}],"author":[{"embeddable":true,"href":"https:\/\/www.blogdopaulonunes.com\/v5\/index.php\/wp-json\/wp\/v2\/users\/2"}],"replies":[{"embeddable":true,"href":"https:\/\/www.blogdopaulonunes.com\/v5\/index.php\/wp-json\/wp\/v2\/comments?post=130607"}],"version-history":[{"count":1,"href":"https:\/\/www.blogdopaulonunes.com\/v5\/index.php\/wp-json\/wp\/v2\/posts\/130607\/revisions"}],"predecessor-version":[{"id":130609,"href":"https:\/\/www.blogdopaulonunes.com\/v5\/index.php\/wp-json\/wp\/v2\/posts\/130607\/revisions\/130609"}],"wp:featuredmedia":[{"embeddable":true,"href":"https:\/\/www.blogdopaulonunes.com\/v5\/index.php\/wp-json\/wp\/v2\/media\/130608"}],"wp:attachment":[{"href":"https:\/\/www.blogdopaulonunes.com\/v5\/index.php\/wp-json\/wp\/v2\/media?parent=130607"}],"wp:term":[{"taxonomy":"category","embeddable":true,"href":"https:\/\/www.blogdopaulonunes.com\/v5\/index.php\/wp-json\/wp\/v2\/categories?post=130607"},{"taxonomy":"post_tag","embeddable":true,"href":"https:\/\/www.blogdopaulonunes.com\/v5\/index.php\/wp-json\/wp\/v2\/tags?post=130607"}],"curies":[{"name":"wp","href":"https:\/\/api.w.org\/{rel}","templated":true}]}}