{"id":130600,"date":"2026-09-04T20:04:47","date_gmt":"2026-09-04T23:04:47","guid":{"rendered":"https:\/\/www.blogdopaulonunes.com\/v5\/?p=130600"},"modified":"2026-09-04T20:04:47","modified_gmt":"2026-09-04T23:04:47","slug":"aprovado-na-ccj-projeto-de-alice-portugal-que-reconhece-a-irmandade-da-boa-morte-como-manifestacao-cultural-nacional","status":"publish","type":"post","link":"https:\/\/www.blogdopaulonunes.com\/v5\/index.php\/2026\/09\/04\/aprovado-na-ccj-projeto-de-alice-portugal-que-reconhece-a-irmandade-da-boa-morte-como-manifestacao-cultural-nacional\/","title":{"rendered":"Aprovado na CCJ projeto de Alice Portugal que reconhece a Irmandade da Boa Morte como Manifesta\u00e7\u00e3o Cultural Nacional"},"content":{"rendered":"<p style=\"text-align: justify;\">A luta pelo reconhecimento e pela valoriza\u00e7\u00e3o da cultura da Bahia avan\u00e7ou mais uma etapa na C\u00e2mara dos Deputados. Foi aprovado, na \u00faltima ter\u00e7a-feira (1\u00ba), na Comiss\u00e3o de Constitui\u00e7\u00e3o e Justi\u00e7a e de Cidadania (CCJ), o parecer favor\u00e1vel ao PL 5786\/2025, de autoria da deputada federal Alice Portugal (PCdoB-BA), que reconhece a Irmandade da Boa Morte e a Festa da Irmandade da Boa Morte como manifesta\u00e7\u00f5es da cultura nacional.<\/p>\n<p style=\"text-align: justify;\">Com a aprova\u00e7\u00e3o na CCJ, o projeto supera mais uma etapa importante de sua tramita\u00e7\u00e3o na C\u00e2mara dos Deputados. A proposta j\u00e1 havia sido aprovada pela Comiss\u00e3o de Cultura, consolidando o reconhecimento do valor hist\u00f3rico, cultural e simb\u00f3lico dessa tradi\u00e7\u00e3o centen\u00e1ria de Cachoeira, no Rec\u00f4ncavo Baiano.<\/p>\n<p style=\"text-align: justify;\">A Irmandade da Boa Morte \u00e9 uma das mais importantes express\u00f5es da cultura afro-brasileira na Bahia. Sua trajet\u00f3ria est\u00e1 profundamente ligada \u00e0 hist\u00f3ria de Cachoeira, \u00e0 religiosidade, \u00e0 cultura popular e \u00e0 for\u00e7a das mulheres negras que, gera\u00e7\u00e3o ap\u00f3s gera\u00e7\u00e3o, preservam seus ritos, s\u00edmbolos e tradi\u00e7\u00f5es.<\/p>\n<p style=\"text-align: justify;\">\u201cA Irmandade da Boa Morte \u00e9 parte da hist\u00f3ria e da identidade da Bahia e do Brasil. \u00c9 uma express\u00e3o de f\u00e9, cultura, resist\u00eancia e protagonismo das mulheres negras. Esse reconhecimento \u00e9 uma forma de valorizar essa hist\u00f3ria e garantir que essa tradi\u00e7\u00e3o continue viva e respeitada\u201d, afirma Alice Portugal<\/p>\n","protected":false},"excerpt":{"rendered":"<p>A luta pelo reconhecimento e pela valoriza\u00e7\u00e3o da cultura da Bahia avan\u00e7ou mais uma etapa na C\u00e2mara dos Deputados. Foi aprovado, na \u00faltima ter\u00e7a-feira (1\u00ba), na Comiss\u00e3o de Constitui\u00e7\u00e3o e Justi\u00e7a e de Cidadania (CCJ), o parecer favor\u00e1vel ao PL 5786\/2025, de autoria da deputada federal Alice Portugal (PCdoB-BA), que reconhece a Irmandade da Boa [&hellip;]<\/p>\n","protected":false},"author":2,"featured_media":130601,"comment_status":"open","ping_status":"open","sticky":false,"template":"","format":"standard","meta":[],"categories":[23,105],"tags":[3736,6257],"_links":{"self":[{"href":"https:\/\/www.blogdopaulonunes.com\/v5\/index.php\/wp-json\/wp\/v2\/posts\/130600"}],"collection":[{"href":"https:\/\/www.blogdopaulonunes.com\/v5\/index.php\/wp-json\/wp\/v2\/posts"}],"about":[{"href":"https:\/\/www.blogdopaulonunes.com\/v5\/index.php\/wp-json\/wp\/v2\/types\/post"}],"author":[{"embeddable":true,"href":"https:\/\/www.blogdopaulonunes.com\/v5\/index.php\/wp-json\/wp\/v2\/users\/2"}],"replies":[{"embeddable":true,"href":"https:\/\/www.blogdopaulonunes.com\/v5\/index.php\/wp-json\/wp\/v2\/comments?post=130600"}],"version-history":[{"count":1,"href":"https:\/\/www.blogdopaulonunes.com\/v5\/index.php\/wp-json\/wp\/v2\/posts\/130600\/revisions"}],"predecessor-version":[{"id":130602,"href":"https:\/\/www.blogdopaulonunes.com\/v5\/index.php\/wp-json\/wp\/v2\/posts\/130600\/revisions\/130602"}],"wp:featuredmedia":[{"embeddable":true,"href":"https:\/\/www.blogdopaulonunes.com\/v5\/index.php\/wp-json\/wp\/v2\/media\/130601"}],"wp:attachment":[{"href":"https:\/\/www.blogdopaulonunes.com\/v5\/index.php\/wp-json\/wp\/v2\/media?parent=130600"}],"wp:term":[{"taxonomy":"category","embeddable":true,"href":"https:\/\/www.blogdopaulonunes.com\/v5\/index.php\/wp-json\/wp\/v2\/categories?post=130600"},{"taxonomy":"post_tag","embeddable":true,"href":"https:\/\/www.blogdopaulonunes.com\/v5\/index.php\/wp-json\/wp\/v2\/tags?post=130600"}],"curies":[{"name":"wp","href":"https:\/\/api.w.org\/{rel}","templated":true}]}}