{"id":130597,"date":"2026-09-04T07:21:47","date_gmt":"2026-09-04T10:21:47","guid":{"rendered":"https:\/\/www.blogdopaulonunes.com\/v5\/?p=130597"},"modified":"2026-09-04T07:21:47","modified_gmt":"2026-09-04T10:21:47","slug":"morre-jose-cerqueira-dirigente-politico-de-vitoria-da-conquista","status":"publish","type":"post","link":"https:\/\/www.blogdopaulonunes.com\/v5\/index.php\/2026\/09\/04\/morre-jose-cerqueira-dirigente-politico-de-vitoria-da-conquista\/","title":{"rendered":"Morre Jos\u00e9 Cerqueira  dirigente pol\u00edtico de Vit\u00f3ria da Conquista"},"content":{"rendered":"<p style=\"text-align: justify;\"><strong>Informamos o falecimento do l\u00edder comunit\u00e1rio Jos\u00e9 cerqueira, ocorrido hoje, pela manh\u00e3.<\/strong><br \/>\n<strong>O vel\u00f3rio do nosso amigo Z\u00e9 ser\u00e1 realizado na Igreja Batista Peniel, fa\u00e7o minhas as palavras do texto abaixo, desejando o conforto necess\u00e1rio a fam\u00edlia enlutada. Mais informa\u00e7\u00f5es sobre o sepultamento daremos aqui no nosso blog.<\/strong><\/p>\n<p style=\"text-align: justify;\">Hoje me despe\u00e7o, com o cora\u00e7\u00e3o cheio de gratid\u00e3o e emo\u00e7\u00e3o, de um grande companheiro, amigo, dirigente pol\u00edtico, pai, incentivador e, acima de tudo, de um homem que fez da sua vida uma permanente milit\u00e2ncia em defesa das pessoas: Jos\u00e9 Cerqueira, nosso querido Z\u00e9!<\/p>\n<p style=\"text-align: justify;\">Falar de Z\u00e9 Cerqueira \u00e9 falar de milit\u00e2ncia, compromisso social, solidariedade e luta por uma sociedade mais justa. Sua trajet\u00f3ria foi constru\u00edda ao lado dos trabalhadores, dos movimentos sociais, das associa\u00e7\u00f5es, das institui\u00e7\u00f5es e de tantas pessoas que encontraram nele algu\u00e9m disposto a ouvir, acolher e lutar junto.<\/p>\n<p style=\"text-align: justify;\">Sua hist\u00f3ria militante come\u00e7ou tamb\u00e9m na vida sindical da Telebahia, onde esteve ao lado dos trabalhadores, defendendo direitos e acreditando na organiza\u00e7\u00e3o coletiva como instrumento de transforma\u00e7\u00e3o.<\/p>\n<p style=\"text-align: justify;\">Ao longo de sua caminhada, Z\u00e9 esteve profundamente ligado aos movimentos sociais e \u00e0 luta por habita\u00e7\u00e3o popular. Nos governos do PT, nas gest\u00f5es de Z\u00e9 Raimundo e Guilherme Menezes, teve uma atua\u00e7\u00e3o fundamental como algu\u00e9m que conhecia de perto as necessidades e as lutas da popula\u00e7\u00e3o.<\/p>\n<p style=\"text-align: justify;\">Na Casa da Cidadania, atuou assessorando associa\u00e7\u00f5es e institui\u00e7\u00f5es, aproximando o poder p\u00fablico das organiza\u00e7\u00f5es populares e ajudando a transformar demandas da sociedade em pautas de governo. Foi Z\u00e9 quem levou muitas dessas vozes para dentro da gest\u00e3o p\u00fablica, fazendo da sua milit\u00e2ncia uma ponte entre o povo organizado e o governo.<\/p>\n<p style=\"text-align: justify;\">Na coordena\u00e7\u00e3o do Or\u00e7amento Participativo, tamb\u00e9m deixou sua marca, defendendo que a popula\u00e7\u00e3o deveria ter voz e participa\u00e7\u00e3o nas decis\u00f5es sobre os investimentos e as prioridades da cidade. Para Z\u00e9, democracia n\u00e3o era apenas votar: era participar, discutir, reivindicar e construir coletivamente.<\/p>\n<p style=\"text-align: justify;\">Sua atua\u00e7\u00e3o na habita\u00e7\u00e3o popular e junto aos movimentos sociais revelava aquilo que sempre esteve presente em sua vida: a certeza de que a pol\u00edtica precisava produzir mudan\u00e7as concretas na vida das pessoas.<\/p>\n<p>Z\u00e9 nunca enxergou a pol\u00edtica como espa\u00e7o de vaidade ou de poder pelo poder. Fazer pol\u00edtica, para ele, era servir. Era estar junto, ouvir, dialogar, organizar, reivindicar e encontrar caminhos para melhorar a vida de quem mais precisava.<\/p>\n<p style=\"text-align: justify;\">Os desafios nunca foram um problema. Pelo contr\u00e1rio, eram combust\u00edvel para o di\u00e1logo, para a reflex\u00e3o e para a constru\u00e7\u00e3o coletiva. Z\u00e9 tinha a capacidade de transformar uma demanda em pauta, uma pauta em mobiliza\u00e7\u00e3o e uma mobiliza\u00e7\u00e3o em conquista.<\/p>\n<p style=\"text-align: justify;\">Tamb\u00e9m nos ensinou que a f\u00e9, a solidariedade, a pol\u00edtica e o compromisso com o pr\u00f3ximo podem caminhar juntos quando colocados a servi\u00e7o do bem comum.<\/p>\n<p style=\"text-align: justify;\">Hoje, sua partida deixa uma imensa saudade. Mas deixa, sobretudo, um legado de milit\u00e2ncia e compromisso com o povo.<\/p>\n<p style=\"text-align: justify;\">Um legado constru\u00eddo no movimento sindical, nos movimentos sociais, na luta pela habita\u00e7\u00e3o popular, no apoio \u00e0s associa\u00e7\u00f5es e institui\u00e7\u00f5es, na Casa da Cidadania, no Or\u00e7amento Participativo e nas gest\u00f5es do PT de Z\u00e9 Raimundo e Guilherme Menezes.<\/p>\n<p style=\"text-align: justify;\">Em todos esses espa\u00e7os, havia uma mesma raz\u00e3o de existir: servir \u00e0s pessoas e transformar a sociedade.<\/p>\n<p style=\"text-align: justify;\">Meu abra\u00e7o e meus sentimentos \u00e0 fam\u00edlia, aos amigos e a todos os companheiros e companheiras que tiveram o privil\u00e9gio de caminhar ao lado de Z\u00e9.<\/p>\n<p style=\"text-align: justify;\">Que sua hist\u00f3ria continue inspirando aqueles que acreditam na pol\u00edtica como instrumento de transforma\u00e7\u00e3o, na participa\u00e7\u00e3o popular como exerc\u00edcio de democracia e na solidariedade como compromisso com a vida.<\/p>\n<p style=\"text-align: justify;\">Jos\u00e9 Cerqueira, nosso Z\u00e9:<br \/>\nPRESENTE!<br \/>\nPRESENTE!<br \/>\nPRESENTE!<\/p>\n<p style=\"text-align: justify;\">Sua vida foi milit\u00e2ncia.<br \/>\nSua milit\u00e2ncia foi servi\u00e7o ao povo.<br \/>\nE seu legado continuar\u00e1 vivo em cada luta por justi\u00e7a social.<\/p>\n<p>Karine Borges<\/p>\n","protected":false},"excerpt":{"rendered":"<p>Informamos o falecimento do l\u00edder comunit\u00e1rio Jos\u00e9 cerqueira, ocorrido hoje, pela manh\u00e3. O vel\u00f3rio do nosso amigo Z\u00e9 ser\u00e1 realizado na Igreja Batista Peniel, fa\u00e7o minhas as palavras do texto abaixo, desejando o conforto necess\u00e1rio a fam\u00edlia enlutada. Mais informa\u00e7\u00f5es sobre o sepultamento daremos aqui no nosso blog. Hoje me despe\u00e7o, com o cora\u00e7\u00e3o cheio [&hellip;]<\/p>\n","protected":false},"author":2,"featured_media":130598,"comment_status":"open","ping_status":"open","sticky":false,"template":"","format":"standard","meta":[],"categories":[85,105],"tags":[560,8800,8801,150],"_links":{"self":[{"href":"https:\/\/www.blogdopaulonunes.com\/v5\/index.php\/wp-json\/wp\/v2\/posts\/130597"}],"collection":[{"href":"https:\/\/www.blogdopaulonunes.com\/v5\/index.php\/wp-json\/wp\/v2\/posts"}],"about":[{"href":"https:\/\/www.blogdopaulonunes.com\/v5\/index.php\/wp-json\/wp\/v2\/types\/post"}],"author":[{"embeddable":true,"href":"https:\/\/www.blogdopaulonunes.com\/v5\/index.php\/wp-json\/wp\/v2\/users\/2"}],"replies":[{"embeddable":true,"href":"https:\/\/www.blogdopaulonunes.com\/v5\/index.php\/wp-json\/wp\/v2\/comments?post=130597"}],"version-history":[{"count":1,"href":"https:\/\/www.blogdopaulonunes.com\/v5\/index.php\/wp-json\/wp\/v2\/posts\/130597\/revisions"}],"predecessor-version":[{"id":130599,"href":"https:\/\/www.blogdopaulonunes.com\/v5\/index.php\/wp-json\/wp\/v2\/posts\/130597\/revisions\/130599"}],"wp:featuredmedia":[{"embeddable":true,"href":"https:\/\/www.blogdopaulonunes.com\/v5\/index.php\/wp-json\/wp\/v2\/media\/130598"}],"wp:attachment":[{"href":"https:\/\/www.blogdopaulonunes.com\/v5\/index.php\/wp-json\/wp\/v2\/media?parent=130597"}],"wp:term":[{"taxonomy":"category","embeddable":true,"href":"https:\/\/www.blogdopaulonunes.com\/v5\/index.php\/wp-json\/wp\/v2\/categories?post=130597"},{"taxonomy":"post_tag","embeddable":true,"href":"https:\/\/www.blogdopaulonunes.com\/v5\/index.php\/wp-json\/wp\/v2\/tags?post=130597"}],"curies":[{"name":"wp","href":"https:\/\/api.w.org\/{rel}","templated":true}]}}