{"id":130594,"date":"2026-09-04T01:40:52","date_gmt":"2026-09-04T04:40:52","guid":{"rendered":"https:\/\/www.blogdopaulonunes.com\/v5\/?p=130594"},"modified":"2026-09-04T01:40:52","modified_gmt":"2026-09-04T04:40:52","slug":"lula-anuncia-que-zerou-fila-do-inss","status":"publish","type":"post","link":"https:\/\/www.blogdopaulonunes.com\/v5\/index.php\/2026\/09\/04\/lula-anuncia-que-zerou-fila-do-inss\/","title":{"rendered":"Lula anuncia que zerou fila do INSS"},"content":{"rendered":"<p style=\"text-align: justify;\"><strong>Estoque de pedidos caiu de 3,1 milh\u00f5es no in\u00edcio do ano para 1,252 milh\u00e3o em agosto; casos acima de 45 dias recuaram de 1,9 milh\u00e3o para 235 mil.<\/strong><\/p>\n<p class=\"wp-block-paragraph\"><strong>\u00a0<\/strong>O presidente Luiz In\u00e1cio Lula da Silva (PT) anunciou nesta quinta-feira (3) que o governo considera zerada a fila do Instituto Nacional do Seguro Social (INSS). A declara\u00e7\u00e3o foi feita no Pal\u00e1cio do Planalto, durante a apresenta\u00e7\u00e3o dos resultados das medidas adotadas para acelerar a an\u00e1lise de aposentadorias, pens\u00f5es, aux\u00edlios e benef\u00edcios assistenciais.<\/p>\n<div class=\"b247-inline-ad b247-inline-ad--video-desktop\">\n<div id=\"b247-multipage-video-2\" class=\"b247-ad-slot\" data-google-query-id=\"CLa5keOM1JYDFXAGuQYdb3kWiA\">\n<div id=\"google_ads_iframe_\/55115104\/b247-multipage-video-2_0__container__\">O an\u00fancio utiliza um novo crit\u00e9rio para definir o fim da fila. Em 31 de agosto, o INSS contabilizava 1,252 milh\u00e3o de requerimentos pendentes, n\u00famero inferior aos 1,394 milh\u00e3o de novos pedidos recebidos naquele m\u00eas. O governo sustenta que essa rela\u00e7\u00e3o demonstra que o instituto passou a administrar um fluxo regular de atendimento.<\/div>\n<\/div>\n<\/div>\n<p class=\"wp-block-paragraph\" style=\"text-align: justify;\">Isso n\u00e3o significa, por\u00e9m, que todos os requerimentos tenham sido analisados. O\u00a0<a href=\"https:\/\/www1.folha.uol.com.br\/mercado\/2026\/09\/governo-lula-muda-criterio-para-dizer-que-zerou-fila-do-inss-mesmo-com-235-mil-pedidos-atrasados.shtml\">balan\u00e7o apresentado na cerim\u00f4nia<\/a>\u00a0registrava 235 mil processos sem resposta havia mais de 45 dias, prazo anteriormente utilizado para classificar os pedidos atrasados. Outros 640 mil eram solicita\u00e7\u00f5es recentes e 378 mil dependiam da apresenta\u00e7\u00e3o de documentos pelos segurados.<\/p>\n<p class=\"wp-block-paragraph\" style=\"text-align: justify;\">Os pedidos com mais de 45 dias ca\u00edram 87% desde janeiro, quando chegaram a aproximadamente 1,9 milh\u00e3o. O estoque total alcan\u00e7ou 3,1 milh\u00f5es no in\u00edcio de 2026. Em julho, o instituto recebeu 1,4 milh\u00e3o de solicita\u00e7\u00f5es e concluiu 1,6 milh\u00e3o, enquanto o tempo m\u00e9dio de an\u00e1lise recuou para 34 dias.<\/p>\n<div class=\"b247-inline-ad\" style=\"text-align: justify;\">\n<div id=\"b247-multipage-standard-4\" class=\"b247-ad-slot b247-ad-slot--inline\" data-google-query-id=\"CLq5keOM1JYDFXAGuQYdb3kWiA\">\n<div id=\"google_ads_iframe_\/55115104\/b247-multipage-standard-4_0__container__\"><span style=\"text-align: justify;\">\u201cA gente n\u00e3o quer acabar com a fila, porque isso significaria que ningu\u00e9m mais reivindica o direito. O que a gente quer \u00e9 humanizar a fila, garantindo o tempo correto para dar entrada, esperar e receber o benef\u00edcio\u201d, afirmou Lula.<\/span><\/div>\n<\/div>\n<\/div>\n<p class=\"wp-block-paragraph\" style=\"text-align: justify;\">O presidente disse que a prioridade deve ser oferecer uma resposta r\u00e1pida, inclusive quando o segurado n\u00e3o re\u00fane os requisitos exigidos. Para Lula, esperar meses por uma negativa prolonga o sofrimento e impede que a pessoa procure os documentos necess\u00e1rios ou recorra da decis\u00e3o.<\/p>\n<p class=\"wp-block-paragraph\" style=\"text-align: justify;\">A redu\u00e7\u00e3o foi impulsionada por mutir\u00f5es, pagamento de b\u00f4nus, refor\u00e7o do quadro de servidores, teleatendimento e an\u00e1lise documental de benef\u00edcios por incapacidade. O governo tamb\u00e9m priorizou pedidos iniciais no Programa de Gerenciamento de Benef\u00edcios e ampliou o uso do Atestmed.<\/p>\n<p class=\"wp-block-paragraph\" style=\"text-align: justify;\">Lula aproveitou o evento para rejeitar a responsabiliza\u00e7\u00e3o da Previd\u00eancia pelo d\u00e9ficit p\u00fablico. O presidente contrap\u00f4s as despesas previdenci\u00e1rias ao pagamento de juros da d\u00edvida e contestou o argumento de que aumentos reais do sal\u00e1rio m\u00ednimo amea\u00e7am as contas do sistema.<\/p>\n<div class=\"b247-inline-ad\" style=\"text-align: justify;\">\n<div id=\"b247-multipage-standard-6\" class=\"b247-ad-slot b247-ad-slot--inline\" data-google-query-id=\"CLy5keOM1JYDFXAGuQYdb3kWiA\">\n<div id=\"google_ads_iframe_\/55115104\/b247-multipage-standard-6_0__container__\">\u201cEu nunca aceitei jogar a responsabilidade do d\u00e9ficit em cima da Previd\u00eancia Social e n\u00e3o vou aceitar. Se houver incompatibilidade entre receita e despesa, a gente discute e acerta\u201d, declarou.<\/div>\n<\/div>\n<\/div>\n<p class=\"wp-block-paragraph\" style=\"text-align: justify;\">Ao defender o BPC, o Bolsa Fam\u00edlia e as aposentadorias, Lula afirmou que a prote\u00e7\u00e3o social n\u00e3o deve ser tratada apenas como despesa. \u201cIsso n\u00e3o \u00e9 gasto. \u00c9 obriga\u00e7\u00e3o de um Estado civilizado garantir que todos possam tomar caf\u00e9, almo\u00e7ar e jantar todos os dias\u201d, disse.<\/p>\n<p class=\"wp-block-paragraph\" style=\"text-align: justify;\">O\u00a0<a href=\"https:\/\/portal.tcu.gov.br\/imprensa\/noticias\/tribunal-de-contas-da-uniao-acompanha-beneficios-previdenciarios\">Tribunal de Contas da Uni\u00e3o<\/a>\u00a0reconheceu avan\u00e7os, mas manteve a concess\u00e3o e o pagamento de benef\u00edcios na Lista de Alto Risco da administra\u00e7\u00e3o p\u00fablica. O \u00f3rg\u00e3o apontou problemas de tecnologia, automa\u00e7\u00e3o e capacidade de processamento, al\u00e9m da depend\u00eancia de programas extraordin\u00e1rios, e determinou a continuidade da fiscaliza\u00e7\u00e3o em um novo processo.<\/p>\n","protected":false},"excerpt":{"rendered":"<p>Estoque de pedidos caiu de 3,1 milh\u00f5es no in\u00edcio do ano para 1,252 milh\u00e3o em agosto; casos acima de 45 dias recuaram de 1,9 milh\u00e3o para 235 mil. \u00a0O presidente Luiz In\u00e1cio Lula da Silva (PT) anunciou nesta quinta-feira (3) que o governo considera zerada a fila do Instituto Nacional do Seguro Social (INSS). A [&hellip;]<\/p>\n","protected":false},"author":2,"featured_media":130595,"comment_status":"open","ping_status":"open","sticky":false,"template":"","format":"standard","meta":[],"categories":[130,72],"tags":[8799,2158,138],"_links":{"self":[{"href":"https:\/\/www.blogdopaulonunes.com\/v5\/index.php\/wp-json\/wp\/v2\/posts\/130594"}],"collection":[{"href":"https:\/\/www.blogdopaulonunes.com\/v5\/index.php\/wp-json\/wp\/v2\/posts"}],"about":[{"href":"https:\/\/www.blogdopaulonunes.com\/v5\/index.php\/wp-json\/wp\/v2\/types\/post"}],"author":[{"embeddable":true,"href":"https:\/\/www.blogdopaulonunes.com\/v5\/index.php\/wp-json\/wp\/v2\/users\/2"}],"replies":[{"embeddable":true,"href":"https:\/\/www.blogdopaulonunes.com\/v5\/index.php\/wp-json\/wp\/v2\/comments?post=130594"}],"version-history":[{"count":1,"href":"https:\/\/www.blogdopaulonunes.com\/v5\/index.php\/wp-json\/wp\/v2\/posts\/130594\/revisions"}],"predecessor-version":[{"id":130596,"href":"https:\/\/www.blogdopaulonunes.com\/v5\/index.php\/wp-json\/wp\/v2\/posts\/130594\/revisions\/130596"}],"wp:featuredmedia":[{"embeddable":true,"href":"https:\/\/www.blogdopaulonunes.com\/v5\/index.php\/wp-json\/wp\/v2\/media\/130595"}],"wp:attachment":[{"href":"https:\/\/www.blogdopaulonunes.com\/v5\/index.php\/wp-json\/wp\/v2\/media?parent=130594"}],"wp:term":[{"taxonomy":"category","embeddable":true,"href":"https:\/\/www.blogdopaulonunes.com\/v5\/index.php\/wp-json\/wp\/v2\/categories?post=130594"},{"taxonomy":"post_tag","embeddable":true,"href":"https:\/\/www.blogdopaulonunes.com\/v5\/index.php\/wp-json\/wp\/v2\/tags?post=130594"}],"curies":[{"name":"wp","href":"https:\/\/api.w.org\/{rel}","templated":true}]}}