{"id":130584,"date":"2026-09-04T01:16:17","date_gmt":"2026-09-04T04:16:17","guid":{"rendered":"https:\/\/www.blogdopaulonunes.com\/v5\/?p=130584"},"modified":"2026-09-04T01:16:17","modified_gmt":"2026-09-04T04:16:17","slug":"sai-licitacao-para-pavimentacao-em-acessos-de-vitoria-da-conquista-reivindicada-por-waldenor-e-ze-raimundo","status":"publish","type":"post","link":"https:\/\/www.blogdopaulonunes.com\/v5\/index.php\/2026\/09\/04\/sai-licitacao-para-pavimentacao-em-acessos-de-vitoria-da-conquista-reivindicada-por-waldenor-e-ze-raimundo\/","title":{"rendered":"Sai licita\u00e7\u00e3o para pavimenta\u00e7\u00e3o em acessos de Vit\u00f3ria da Conquista reivindicada por Waldenor e Z\u00e9 Raimundo"},"content":{"rendered":"<div>\n<div dir=\"auto\" style=\"text-align: justify;\"><strong>Governo publica licita\u00e7\u00e3o para pavimenta\u00e7\u00e3o de acessos rurais reivindicada por Waldenor e Z\u00e9 Raimundo em Vit\u00f3ria da Conquista<\/strong><\/div>\n<div dir=\"auto\"><\/div>\n<div dir=\"auto\" style=\"text-align: justify;\">O Governo do Estado publicou no Di\u00e1rio Oficial, nesta sexta-feira (05), o edital de licita\u00e7\u00e3o para a execu\u00e7\u00e3o das obras de pavimenta\u00e7\u00e3o asf\u00e1ltica dos acessos a distritos e comunidades rurais de Vit\u00f3ria da Conquista. As interven\u00e7\u00f5es atendem a reivindica\u00e7\u00f5es dos deputados Waldenor Pereira e Z\u00e9 Raimundo, apresentadas ao Governo da Bahia e acompanhadas pelos parlamentares desde 2024.<\/div>\n<div dir=\"auto\"><\/div>\n<div dir=\"auto\" style=\"text-align: justify;\">O edital representa um importante avan\u00e7o para a concretiza\u00e7\u00e3o das obras, que v\u00e3o beneficiar os acessos a Cabeceiras (8 km), Itapirema (6 km), Itaipu (4,80 km), Barrocas (3,20 km) e Baix\u00e3o (5,80 km),\u00a0 totalizando uma extens\u00e3o de 27,80 km, melhorando a liga\u00e7\u00e3o dessas localidades \u00e0s rodovias estaduais e federais e as condi\u00e7\u00f5es de deslocamento de moradores, estudantes, trabalhadores e produtores rurais.<\/div>\n<div dir=\"auto\" style=\"text-align: justify;\"><\/div>\n<div dir=\"auto\" style=\"text-align: justify;\">As reivindica\u00e7\u00f5es foram formalizadas pelos mandatos de Waldenor e Z\u00e9 Raimundo por meio do Processo SEI n\u00ba 001.7313.2024.0007200-20 e, posteriormente, reiteradas junto \u00e0 Secretaria de Rela\u00e7\u00f5es Institucionais do Estado. Desde ent\u00e3o, os deputados v\u00eam acompanhando a elabora\u00e7\u00e3o dos projetos e cobrando agilidade para que as interven\u00e7\u00f5es chegassem \u00e0 fase de licita\u00e7\u00e3o.<\/div>\n<div dir=\"auto\"><\/div>\n<div dir=\"auto\" style=\"text-align: justify;\">No dia 27 de Julho passado, Waldenor esteve na Secretaria de Infraestrutura da Bahia (Seinfra), em Salvador, onde se reuniu com o secret\u00e1rio estadual Saulo Pontes justamente para acompanhar a etapa final dos projetos executivos e tratar da publica\u00e7\u00e3o das licita\u00e7\u00f5es.<\/div>\n<div dir=\"auto\"><\/div>\n<div dir=\"auto\" style=\"text-align: justify;\">\u201c\u00c9 uma excelente not\u00edcia para Vit\u00f3ria da Conquista e, especialmente, para as fam\u00edlias que vivem nessas localidades. S\u00e3o obras que temos reivindicado e acompanhado de perto, porque v\u00e3o melhorar muito as condi\u00e7\u00f5es de mobilidade na zona rural, facilitar o escoamento da produ\u00e7\u00e3o e proporcionar mais seguran\u00e7a e qualidade de vida \u00e0 popula\u00e7\u00e3o\u201d, comemorou Waldenor.<\/div>\n<div dir=\"auto\" style=\"text-align: justify;\"><\/div>\n<div dir=\"auto\" style=\"text-align: justify;\">Z\u00e9 Raimundo tamb\u00e9m destacou a import\u00e2ncia da publica\u00e7\u00e3o do edital como resultado de uma reivindica\u00e7\u00e3o constru\u00edda a partir das demandas apresentadas pelas pr\u00f3prias comunidades. \u201cEsse \u00e9 mais um compromisso do Governo do Estado com Vit\u00f3ria da Conquista que avan\u00e7a. Temos trabalhado em parceria com Waldenor, dialogando com as comunidades e levando suas demandas ao governador Jer\u00f4nimo Rodrigues. A pavimenta\u00e7\u00e3o desses acessos \u00e9 uma reivindica\u00e7\u00e3o muito importante para quem vive e produz na zona rural\u201d, afirmou.<\/div>\n<\/div>\n<div dir=\"auto\"><\/div>\n<div dir=\"auto\"><strong>Segue texto da publica\u00e7\u00e3o no Di\u00e1rio\u00a0 Oficial<\/strong><\/div>\n<div dir=\"auto\"><\/div>\n<div>\n<div dir=\"auto\">AVISO DE LICITA\u00c7\u00c3O &#8211; CONCORR\u00caNCIA ELETR\u00d4NICA N\u00ba 178\/2026 &#8211; SEINFRA\/SIT &#8211; BB<\/div>\n<div dir=\"auto\">N\u00ba 1099732.<\/div>\n<div dir=\"auto\">Abertura: 24\/09\/2026 \u00e0s 10h30min (Hor\u00e1rio de Bras\u00edlia). Objeto: Pavimenta\u00e7\u00e3o dos Acessos \u00e0s Rodovias\u00a0<a href=\"https:\/\/www.google.com\/maps\/search\/BA-262,+BA-263+e?entry=gmail&amp;source=g\" data-saferedirecturl=\"https:\/\/www.google.com\/url?q=https:\/\/www.google.com\/maps\/search\/BA-262,%2BBA-263%2Be?entry%3Dgmail%26source%3Dg&amp;source=gmail&amp;ust=1788580975685000&amp;usg=AOvVaw1-imuNkPxmWFt5Wg8Oagwg\">BA-262, BA-263 e<\/a>\u00a0BR116, nos Trechos: Entronc. BA-262 &#8211; Povoado de Baix\u00e3o (5,80km);<\/div>\n<div dir=\"auto\">Entronc. BA-263 &#8211; Barrocas (3,20km); Entronc. BR-415 &#8211; Itapirema (6,00km); Entronc. BR-415 &#8211; Itaipu (4,80km) e Acesso ao Povoado de Cabeceira (8,00km), no Munic\u00edpio de Vit\u00f3ria da Conquista, com extens\u00e3o total de 27,80km. Fam\u00edlia: 07.19. Fundamento legal: Lei 14.133\/21. Tipo: Maior Desconto.<\/div>\n<div dir=\"auto\">Local da sess\u00e3o:\u00a0<a href=\"https:\/\/licitacoese2.bb.com.br\/aop-inter-estatico\/tela-inicial\" target=\"_blank\" rel=\"noopener\" data-saferedirecturl=\"https:\/\/www.google.com\/url?q=https:\/\/licitacoese2.bb.com.br\/aop-inter-estatico\/tela-inicial&amp;source=gmail&amp;ust=1788580975685000&amp;usg=AOvVaw040n_fdQYnsNrG_opJjP0Z\">https:\/\/licitacoese2.bb.com.<wbr \/>br\/aop-inter-estatico\/tela-<wbr \/>inicial<\/a>. O Edital e seus anexos poder\u00e3o ser obtidos atrav\u00e9s dos sites\u00a0<a href=\"http:\/\/www.comprasnet.ba.gov.br\/\" target=\"_blank\" rel=\"noopener\" data-saferedirecturl=\"https:\/\/www.google.com\/url?q=http:\/\/www.comprasnet.ba.gov.br&amp;source=gmail&amp;ust=1788580975685000&amp;usg=AOvVaw11HTYzhgcmt0G0ApI_a7CF\">www.comprasnet.ba.gov.br<\/a>,\u00a0<a href=\"https:\/\/licitacoes-e2.bb.com.br\/\" target=\"_blank\" rel=\"noopener\" data-saferedirecturl=\"https:\/\/www.google.com\/url?q=https:\/\/licitacoes-e2.bb.com.br\/&amp;source=gmail&amp;ust=1788580975685000&amp;usg=AOvVaw1SZ6_O3VmzsdmTxo3_3HUG\">https:\/\/licitacoes-e2.bb.com.<wbr \/>br\/<\/a><\/div>\n<div dir=\"auto\">aop-inter-estatico\/tela-<wbr \/>inicial,\u00a0<a href=\"https:\/\/pncp.gov.br\/\" target=\"_blank\" rel=\"noopener\" data-saferedirecturl=\"https:\/\/www.google.com\/url?q=https:\/\/pncp.gov.br\/&amp;source=gmail&amp;ust=1788580975685000&amp;usg=AOvVaw0Pc_QYnBkhBpPNr77EsqTv\">https:\/\/pncp.gov.br\/<\/a>\u00a0ou\u00a0<a href=\"http:\/\/www.infraestrutura.ba.gov.br\/\" target=\"_blank\" rel=\"noopener\" data-saferedirecturl=\"https:\/\/www.google.com\/url?q=http:\/\/www.infraestrutura.ba.gov.br&amp;source=gmail&amp;ust=1788580975685000&amp;usg=AOvVaw0s5Z8yBgRj9hr9VW_ys5pq\">www.infraestrutura.ba.gov.br<\/a>. Os interessados poder\u00e3o entrar em contato atrav\u00e9s do e-mail:\u00a0<a href=\"mailto:cpl@infra.ba.gov.br\" target=\"_blank\" rel=\"noopener\">cpl@infra.ba.gov.br<\/a>, telefone (71) 3115-2174 ou presencialmente, de segunda a sexta-feira, das 08h30min \u00e0s 17h30min na Coordena\u00e7\u00e3o de Licita\u00e7\u00e3o da SEINFRA, localizada na 4\u00aa Avenida n\u00ba 445 &#8211; CAB &#8211; Pr\u00e9dio Anexo &#8211; 1\u00ba andar &#8211; Ala B. Salvador\/BA, 03\/09\/2026. Carlos Henrique Nunes Leal Brand\u00e3o &#8211; Agente de Contrata\u00e7\u00e3o.<\/div>\n<\/div>\n<div data-smartmail=\"gmail_signature\">\n<div dir=\"ltr\"><\/div>\n<\/div>\n","protected":false},"excerpt":{"rendered":"<p>Governo publica licita\u00e7\u00e3o para pavimenta\u00e7\u00e3o de acessos rurais reivindicada por Waldenor e Z\u00e9 Raimundo em Vit\u00f3ria da Conquista O Governo do Estado publicou no Di\u00e1rio Oficial, nesta sexta-feira (05), o edital de licita\u00e7\u00e3o para a execu\u00e7\u00e3o das obras de pavimenta\u00e7\u00e3o asf\u00e1ltica dos acessos a distritos e comunidades rurais de Vit\u00f3ria da Conquista. As interven\u00e7\u00f5es atendem [&hellip;]<\/p>\n","protected":false},"author":2,"featured_media":130585,"comment_status":"open","ping_status":"open","sticky":false,"template":"","format":"standard","meta":[],"categories":[104,105],"tags":[3169,2175,4523,4524,8797,8796,8795,186,150,165,166],"_links":{"self":[{"href":"https:\/\/www.blogdopaulonunes.com\/v5\/index.php\/wp-json\/wp\/v2\/posts\/130584"}],"collection":[{"href":"https:\/\/www.blogdopaulonunes.com\/v5\/index.php\/wp-json\/wp\/v2\/posts"}],"about":[{"href":"https:\/\/www.blogdopaulonunes.com\/v5\/index.php\/wp-json\/wp\/v2\/types\/post"}],"author":[{"embeddable":true,"href":"https:\/\/www.blogdopaulonunes.com\/v5\/index.php\/wp-json\/wp\/v2\/users\/2"}],"replies":[{"embeddable":true,"href":"https:\/\/www.blogdopaulonunes.com\/v5\/index.php\/wp-json\/wp\/v2\/comments?post=130584"}],"version-history":[{"count":1,"href":"https:\/\/www.blogdopaulonunes.com\/v5\/index.php\/wp-json\/wp\/v2\/posts\/130584\/revisions"}],"predecessor-version":[{"id":130586,"href":"https:\/\/www.blogdopaulonunes.com\/v5\/index.php\/wp-json\/wp\/v2\/posts\/130584\/revisions\/130586"}],"wp:featuredmedia":[{"embeddable":true,"href":"https:\/\/www.blogdopaulonunes.com\/v5\/index.php\/wp-json\/wp\/v2\/media\/130585"}],"wp:attachment":[{"href":"https:\/\/www.blogdopaulonunes.com\/v5\/index.php\/wp-json\/wp\/v2\/media?parent=130584"}],"wp:term":[{"taxonomy":"category","embeddable":true,"href":"https:\/\/www.blogdopaulonunes.com\/v5\/index.php\/wp-json\/wp\/v2\/categories?post=130584"},{"taxonomy":"post_tag","embeddable":true,"href":"https:\/\/www.blogdopaulonunes.com\/v5\/index.php\/wp-json\/wp\/v2\/tags?post=130584"}],"curies":[{"name":"wp","href":"https:\/\/api.w.org\/{rel}","templated":true}]}}