{"id":130581,"date":"2026-09-03T13:36:11","date_gmt":"2026-09-03T16:36:11","guid":{"rendered":"https:\/\/www.blogdopaulonunes.com\/v5\/?p=130581"},"modified":"2026-09-03T13:36:11","modified_gmt":"2026-09-03T16:36:11","slug":"mendonca-deixa-sociedade-no-instituto-iter-apos-forum-revelar-mais-de-r-10-milhoes-em-contratos-sem-licitacao","status":"publish","type":"post","link":"https:\/\/www.blogdopaulonunes.com\/v5\/index.php\/2026\/09\/03\/mendonca-deixa-sociedade-no-instituto-iter-apos-forum-revelar-mais-de-r-10-milhoes-em-contratos-sem-licitacao\/","title":{"rendered":"Mendon\u00e7a deixa sociedade no Instituto Iter ap\u00f3s F\u00f3rum revelar mais de R$ 10 milh\u00f5es em contratos sem licita\u00e7\u00e3o"},"content":{"rendered":"<p style=\"text-align: justify;\"><strong>Andr\u00e9 Mendon\u00e7a resolveu deixar a sociedade no Iter e teria dito que vai transform\u00e1-la em &#8220;entidade sem fins lucrativos&#8221; ap\u00f3s a F\u00f3rum revelar 54 contratos, que somam mais de R$ 10,4 milh\u00f5es, em contratos p\u00fablicos sem licita\u00e7\u00e3o.<\/strong><\/p>\n<p style=\"text-align: justify;\">Ap\u00f3s a <a href=\"https:\/\/revistaforum.com.br\/politica\/instituto-andre-mendonca-108-milhoes-contratos-sem-licitacao\/\" target=\"_blank\" rel=\"noopener\"><strong>F\u00f3rum<\/strong>\u00a0revelar o faturamento de mais de R$ 10,8 milh\u00f5es em contratos p\u00fablicos<\/a>, 98,2% firmados sem licita\u00e7\u00e3o, o ministro Andr\u00e9 Mendon\u00e7a, do Supremo Tribunal Federal (STF), resolveu deixar a sociedade no Instituto Iter, que deve ser transformado agora em uma \u201centidade sem fins lucrativos\u201d.<\/p>\n<div id=\"entreparrafos1\" data-google-query-id=\"CK-PtYzq0pYDFd0BHgAd2GMlLg\">\n<div id=\"google_ads_iframe_\/96014957\/entreparrafos1_0__container__\"><\/div>\n<\/div>\n<p style=\"text-align: justify;\">As informa\u00e7\u00f5es foram divulgadas por M\u00f4nica Bergamo, na Folha de S.Paulo, \u00e0s 8h46 desta quinta-feira (3). \u00c0s 7h28, o\u00a0<strong>F\u00f3rum Investiga<\/strong>, n\u00facleo de jornalismo investigativo da F\u00f3rum, divulgou reportagem exclusiva que mostram que o instituto, fundado pelo ministro em 2023, faturou R$ 10.849.759,82 em contratos p\u00fablicos, 98,2% firmados sem licita\u00e7\u00e3o.<\/p>\n<p><strong>EXCLUSIVO F\u00d3RUM INVESTIGA:<\/strong><br \/>\n<strong><a href=\"https:\/\/revistaforum.com.br\/politica\/instituto-andre-mendonca-108-milhoes-contratos-sem-licitacao\/\" target=\"_blank\" rel=\"noopener\">Instituto de Andr\u00e9 Mendon\u00e7a faturou ao menos R$ 10,8 milh\u00f5es em 55 contratos p\u00fablicos, 54 deles sem licita\u00e7\u00e3o<\/a><\/strong><br \/>\n<strong><a href=\"https:\/\/revistaforum.com.br\/politica\/instituto-de-andre-mendonca-ontratado-sem-licitacao-ricardo-nunes\/\" target=\"_blank\" rel=\"noopener\">Instituto de Andr\u00e9 Mendon\u00e7a foi contratado sem licita\u00e7\u00e3o por R$ 380 mil pela Secretaria de Gest\u00e3o de Ricardo Nunes<\/a><\/strong><br \/>\n<strong><a href=\"https:\/\/revistaforum.com.br\/politica\/instituto-andre-mendonca-contrato-16-milhao-governo-tarcisio\/\" target=\"_blank\" rel=\"noopener\">Instituto de Andr\u00e9 Mendon\u00e7a firmou contrato de R$ 1,6 milh\u00e3o com governo Tarc\u00edsio sem licita\u00e7\u00e3o<\/a><\/strong><\/p>\n<div id=\"entreparrafos3\" data-google-query-id=\"CLGPtYzq0pYDFd0BHgAd2GMlLg\">\n<div id=\"google_ads_iframe_\/96014957\/entreparrafos3_0__container__\"><\/div>\n<\/div>\n<p style=\"text-align: justify;\">A investiga\u00e7\u00e3o da\u00a0<strong>F\u00f3rum<\/strong>\u00a0identificou ao menos 55 contratos e instrumentos de contrata\u00e7\u00e3o p\u00fablica firmados pelo Instituto Iter. Desse total, 54 contratos, 98,2%, foram realizados sem pr\u00e9via licita\u00e7\u00e3o p\u00fablica. O montante inclui dois contratos j\u00e1 revelados pela F\u00f3rum, tamb\u00e9m feitos por \u201cinexigibilidade\u201d: um\u00a0<a href=\"https:\/\/revistaforum.com.br\/politica\/instituto-de-andre-mendonca-ontratado-sem-licitacao-ricardo-nunes\/\" target=\"_blank\" rel=\"noopener\">com a gest\u00e3o Ricardo Nunes, na prefeitura de S\u00e3o Paulo<\/a>, e\u00a0<a href=\"https:\/\/revistaforum.com.br\/politica\/instituto-andre-mendonca-contrato-16-milhao-governo-tarcisio\/\" target=\"_blank\" rel=\"noopener\">outro com o governo paulista, comandado pelo tamb\u00e9m ex-ministro de Jair Bolsonaro, Tarc\u00edsio Gomes de Freitas.<\/a><\/p>\n<div id=\"teads-container\" style=\"text-align: justify;\"><\/div>\n<p style=\"text-align: justify;\">Segundo a jornalista da Folha, \u201cMendon\u00e7a contesta os n\u00fameros para interlocutores e disse tamb\u00e9m que nunca teve lucro com o instituto, que teria tido preju\u00edzo em seu primeiro ano de funcionamento e pequeno lucro, de cerca de R$ 200 mil, no ano passado\u201d.<\/p>\n<p style=\"text-align: justify;\">No entanto, o Iter n\u00e3o respondeu as perguntas formuladas sobre os contratos p\u00fablicos firmados pelo Instituto \u2013 veja a rela\u00e7\u00e3o das perguntas enviadas abaixo. Segundo a Folha, \u201ca assessoria do Iter afirma que a empresa nunca distribuiu lucros\u201d.<\/p>\n<h2>Os contratos do Instituto de Mendon\u00e7a<\/h2>\n<p style=\"text-align: justify;\">Fundado pelo ministro do Supremo Tribunal Federal (STF) Andr\u00e9 Mendon\u00e7a, o Instituto Iter est\u00e1 no centro de uma rede de contrata\u00e7\u00f5es com dinheiro p\u00fablico muito maior do que os neg\u00f3cios j\u00e1 revelados pelo F\u00f3rum Investiga, n\u00facleo de jornalismo investigativo da F\u00f3rum.<\/p>\n<p style=\"text-align: justify;\">O n\u00facleo de jornalismo investigativo da F\u00f3rum h\u00e1 duas semanas realiza o levantamento e cruzamento de dados p\u00fablicos sobre contratos feitos pela institui\u00e7\u00e3o, fundada em 10 de novembro de 2023, quase dois anos ap\u00f3s o ex-ministro de Jair Bolsonaro assumir uma cadeira na corte.<\/p>\n<p style=\"text-align: justify;\">Levantamento nacional realizado pelo F\u00f3rum Investiga, a partir de dados p\u00fablicos, identificou ao menos 55 contratos e instrumentos de contrata\u00e7\u00e3o p\u00fablica firmados pelo Instituto Iter, que somam R$ 10.849.759,82.<\/p>\n<p style=\"text-align: justify;\">E h\u00e1 um dado que chama aten\u00e7\u00e3o: 54 dos 55 contratos \u2014 98,2% \u2014 foram realizados sem pr\u00e9via licita\u00e7\u00e3o p\u00fablica. A inexigibilidade, segundo Tribunal de Contas da Uni\u00e3o (TCU), ocorre quando a competi\u00e7\u00e3o entre fornecedores \u00e9 invi\u00e1vel, impossibilitando a licita\u00e7\u00e3o.<\/p>\n<p style=\"text-align: justify;\">A modalidade n\u00e3o \u00e9 crime. Mas, causa estranheza o percentual elevado na contrata\u00e7\u00e3o do Iter, uma institui\u00e7\u00e3o que oferece cursos encontrados no mercado, como o pr\u00f3prio estudo t\u00e9cnico feito para a contrata\u00e7\u00e3o pela Secretaria de Gest\u00e3o da administra\u00e7\u00e3o Ricardo Nunes (MDB), em S\u00e3o Paulo, aponta \u2013 veja aqui.<\/p>\n<p style=\"text-align: justify;\">S\u00e3o 42 contratos por inexigibilidade, tr\u00eas por dispensa e outros nove registros classificados como \u201ccontrata\u00e7\u00e3o direta\u201d. Juntos, os 54 contratos representam R$ 10,46 milh\u00f5es, ou 96,4% de todo o valor mapeado.<\/p>\n<p style=\"text-align: justify;\">A classifica\u00e7\u00e3o dos nove registros como contrata\u00e7\u00e3o direta \u00e9 importante. Segundo o pr\u00f3prio Tribunal de Contas da Uni\u00e3o (TCU), contrata\u00e7\u00e3o direta \u00e9 aquela realizada sem pr\u00e9via licita\u00e7\u00e3o p\u00fablica, abrangendo justamente as hip\u00f3teses de inexigibilidade e dispensa.<\/p>\n<p style=\"text-align: justify;\">A contrata\u00e7\u00e3o direta, por si s\u00f3, n\u00e3o significa irregularidade. Inexigibilidade e dispensa s\u00e3o mecanismos previstos na legisla\u00e7\u00e3o. O que o levantamento revela \u00e9 a dimens\u00e3o e a recorr\u00eancia da contrata\u00e7\u00e3o direta na rela\u00e7\u00e3o do Iter com o poder p\u00fablico.<\/p>\n<p style=\"text-align: justify;\">H\u00e1 ainda um contrato identificado como preg\u00e3o, no valor de R$ 390 mil. O preg\u00e3o, segundo o TCU, \u00e9 uma modalidade de licita\u00e7\u00e3o adotada para a aquisi\u00e7\u00e3o de bens e servi\u00e7os comuns, conceituados pela Lei 14.133\/2021 como \u201caqueles cujos padr\u00f5es de desempenho e qualidade podem ser objetivamente definidos pelo edital, por meio de especifica\u00e7\u00f5es usuais de mercado\u201d.<\/p>\n<p style=\"text-align: justify;\">O levantamento foi feito principalmente nos dados p\u00fablicos dispon\u00edveis no Portal Nacional de Contrata\u00e7\u00f5es P\u00fablicas (PNCP) e confirmados em portais de transpar\u00eancias estaduais e municipais, contratos, di\u00e1rios oficiais.<\/p>\n<p style=\"text-align: justify;\">O estudo amplia a investiga\u00e7\u00e3o que o F\u00f3rum Investiga j\u00e1 divulgou. Em reportagem nessa ter\u00e7a-feira (2), a F\u00f3rum revelou que o Instituto Iter havia sido contratado sem licita\u00e7\u00e3o pela gest\u00e3o Ricardo Nunes (MDB) na Prefeitura de S\u00e3o Paulo.<\/p>\n<p style=\"text-align: justify;\">Em outra reportagem, divulgada na sexta-feira (28), o n\u00facleo investigativo mostrou um contrato de R$ 1,6 milh\u00e3o com a Funda\u00e7\u00e3o para o Desenvolvimento da Educa\u00e7\u00e3o (FDE), ligada ao governo de Tarc\u00edsio de Freitas (Republicanos).<\/p>\n<p style=\"text-align: justify;\">Agora, a amplia\u00e7\u00e3o da base mostra que aqueles contratos n\u00e3o eram casos isolados. Eles fazem parte de uma carteira nacional de neg\u00f3cios do Iter com \u00f3rg\u00e3os p\u00fablicos.<\/p>\n<picture class=\"aligncenter size-full wp-image-397344\" title=\"Mendon\u00e7a deixa sociedade no Instituto Iter ap\u00f3s F\u00f3rum revelar mais de R$ 10 milh\u00f5es em contratos sem licita\u00e7\u00e3o 1\"><source srcset=\"https:\/\/revistaforum.com.br\/wp-content\/uploads\/2026\/09\/ChatGPT-Image-3-de-set.-de-2026-07_16_20.png.webp 864w, https:\/\/revistaforum.com.br\/wp-content\/uploads\/2026\/09\/ChatGPT-Image-3-de-set.-de-2026-07_16_20-142x300.png.webp 142w, https:\/\/revistaforum.com.br\/wp-content\/uploads\/2026\/09\/ChatGPT-Image-3-de-set.-de-2026-07_16_20-486x1024.png.webp 486w, https:\/\/revistaforum.com.br\/wp-content\/uploads\/2026\/09\/ChatGPT-Image-3-de-set.-de-2026-07_16_20-768x1619.png.webp 768w, https:\/\/revistaforum.com.br\/wp-content\/uploads\/2026\/09\/ChatGPT-Image-3-de-set.-de-2026-07_16_20-729x1536.png.webp 729w, https:\/\/revistaforum.com.br\/wp-content\/uploads\/2026\/09\/ChatGPT-Image-3-de-set.-de-2026-07_16_20-400x843.png.webp 400w\" type=\"image\/webp\" sizes=\"(max-width: 864px) 100vw, 864px\" \/><img loading=\"lazy\" src=\"https:\/\/revistaforum.com.br\/wp-content\/uploads\/2026\/09\/ChatGPT-Image-3-de-set.-de-2026-07_16_20.png\" sizes=\"(max-width: 864px) 100vw, 864px\" srcset=\"https:\/\/revistaforum.com.br\/wp-content\/uploads\/2026\/09\/ChatGPT-Image-3-de-set.-de-2026-07_16_20.png 864w, https:\/\/revistaforum.com.br\/wp-content\/uploads\/2026\/09\/ChatGPT-Image-3-de-set.-de-2026-07_16_20-142x300.png 142w, https:\/\/revistaforum.com.br\/wp-content\/uploads\/2026\/09\/ChatGPT-Image-3-de-set.-de-2026-07_16_20-486x1024.png 486w, https:\/\/revistaforum.com.br\/wp-content\/uploads\/2026\/09\/ChatGPT-Image-3-de-set.-de-2026-07_16_20-768x1619.png 768w, https:\/\/revistaforum.com.br\/wp-content\/uploads\/2026\/09\/ChatGPT-Image-3-de-set.-de-2026-07_16_20-729x1536.png 729w, https:\/\/revistaforum.com.br\/wp-content\/uploads\/2026\/09\/ChatGPT-Image-3-de-set.-de-2026-07_16_20-400x843.png 400w\" alt=\"ChatGPT Image 3 de set. de 2026 07 16 20\" width=\"864\" height=\"1821\" \/><\/picture>\n<h2>Outro lado<\/h2>\n<p style=\"text-align: justify;\">O\u00a0<strong>F\u00f3rum Investiga<\/strong>\u00a0enviou, nessa quarta-feira (3), 20 perguntas ao Instituto Iter pelo endere\u00e7o de e-mail disponibilizado no site, com prazo para resposta at\u00e9 o final do dia. At\u00e9 a conclus\u00e3o dessa reportagem n\u00e3o houve resposta. O espa\u00e7o segue aberto para manifesta\u00e7\u00e3o do Iter.<\/p>\n<p style=\"text-align: justify;\">As perguntas foram feitas ap\u00f3s o fechamento parcial da investiga\u00e7\u00e3o, quando a F\u00f3rum havia identificado 48 contratos. O teor, no entanto, n\u00e3o muda. Abaixo seguem as indaga\u00e7\u00f5es feitas ao Instituto Iter, de Andr\u00e9 Mendon\u00e7a, separadas por temas.<\/p>\n<p style=\"text-align: justify;\"><em><strong>1. CONTRATOS COM O PODER P\u00daBLICO<\/strong><\/em><\/p>\n<ul>\n<li style=\"text-align: justify;\"><em>O Instituto Iter confirma a exist\u00eancia de ao menos 48 contratos firmados com \u00f3rg\u00e3os p\u00fablicos, no valor total de R$ 8.841.303,47?<\/em><br \/>\n<em>Qual \u00e9 o n\u00famero total de contratos p\u00fablicos j\u00e1 firmados pelo Instituto Iter desde sua cria\u00e7\u00e3o, em novembro de 2023, e qual o valor total desses contratos?<\/em><\/li>\n<li style=\"text-align: justify;\"><em>O instituto pode fornecer a rela\u00e7\u00e3o completa de suas contrata\u00e7\u00f5es com \u00f3rg\u00e3os p\u00fablicos, indicando contratante, objeto, valor, data, prazo de vig\u00eancia e modalidade de contrata\u00e7\u00e3o?<\/em><\/li>\n<li style=\"text-align: justify;\"><em>Quais s\u00e3o os crit\u00e9rios utilizados pelo Instituto Iter para definir os valores cobrados por cursos, palestras, MBAs, consultorias, imers\u00f5es e demais servi\u00e7os prestados a \u00f3rg\u00e3os p\u00fablicos?<\/em><\/li>\n<\/ul>\n<p><em><strong>2. CONTRATA\u00c7\u00d5ES DIRETAS<\/strong><\/em><\/p>\n<ul>\n<li style=\"text-align: justify;\"><em>Quantos dos contratos p\u00fablicos do Instituto Iter foram realizados por inexigibilidade ou dispensa de licita\u00e7\u00e3o e quantos decorreram de processos competitivos?<\/em><\/li>\n<li style=\"text-align: justify;\"><em>Nos casos de inexigibilidade, quais s\u00e3o os elementos utilizados pelo Instituto Iter para caracterizar sua not\u00f3ria especializa\u00e7\u00e3o ou singularidade do servi\u00e7o contratado?<\/em><\/li>\n<li style=\"text-align: justify;\"><em>O Instituto Iter participa ativamente da prospec\u00e7\u00e3o desses contratos ou \u00e9 procurado diretamente pelos \u00f3rg\u00e3os p\u00fablicos? Como ocorre essa rela\u00e7\u00e3o comercial?<\/em><\/li>\n<\/ul>\n<p><em><strong>3. PARTICIPA\u00c7\u00c3O DE ANDR\u00c9 MENDON\u00c7A<\/strong><\/em><\/p>\n<ul>\n<li><em>Qual \u00e9 atualmente a rela\u00e7\u00e3o institucional, societ\u00e1ria e financeira de Andr\u00e9 Mendon\u00e7a com o Instituto Iter?<\/em><\/li>\n<li><em>Andr\u00e9 Mendon\u00e7a possui participa\u00e7\u00e3o societ\u00e1ria, recebe remunera\u00e7\u00e3o, honor\u00e1rios, dividendos ou qualquer outra forma de pagamento do Instituto Iter?<\/em><\/li>\n<li style=\"text-align: justify;\"><em>Em quais contratos ou atividades realizadas pelo Instituto Iter perante \u00f3rg\u00e3os p\u00fablicos Andr\u00e9 Mendon\u00e7a participou diretamente?<\/em><\/li>\n<li style=\"text-align: justify;\"><em>No contrato firmado com o Conselho Federal de Contabilidade (CFC), no valor de R$ 1.382.000, a programa\u00e7\u00e3o prev\u00ea uma confer\u00eancia magna de abertura com Andr\u00e9 Mendon\u00e7a. O ministro efetivamente participou ou participar\u00e1 dessa atividade?<\/em><\/li>\n<li style=\"text-align: justify;\"><em>Andr\u00e9 Mendon\u00e7a recebeu ou receber\u00e1 qualquer remunera\u00e7\u00e3o, direta ou indireta, pela participa\u00e7\u00e3o no evento do CFC? Em caso positivo, qual o valor e quem efetuar\u00e1 o pagamento?<\/em><\/li>\n<li style=\"text-align: justify;\"><em>O Instituto Iter considera a participa\u00e7\u00e3o de um ministro do Supremo Tribunal Federal em atividades oferecidas a \u00f3rg\u00e3os p\u00fablicos como um elemento de valor agregado aos servi\u00e7os contratados?<\/em><\/li>\n<\/ul>\n<p style=\"text-align: justify;\"><em><strong>4. VICTOR GODOY VEIGA<\/strong><\/em><\/p>\n<ul>\n<li style=\"text-align: justify;\"><em>Victor Godoy Veiga aparece no cadastro da Receita Federal como presidente do Instituto Iter desde sua cria\u00e7\u00e3o. Qual \u00e9 sua atual fun\u00e7\u00e3o no instituto e qual sua rela\u00e7\u00e3o societ\u00e1ria com a empresa?<\/em><\/li>\n<li style=\"text-align: justify;\"><em>Qual foi a participa\u00e7\u00e3o de Victor Godoy na cria\u00e7\u00e3o e na estrutura\u00e7\u00e3o do Instituto Iter?<\/em><\/li>\n<\/ul>\n<p><em><strong>5. PRINCIPAIS CONTRATOS<\/strong><\/em><\/p>\n<ul>\n<li style=\"text-align: justify;\"><em>O Tribunal de Justi\u00e7a do Amazonas firmou contrato de R$ 1.635.900 com o Instituto Iter para um MBA em Jurisdi\u00e7\u00e3o Constitucional e Temas Contempor\u00e2neos do Direito P\u00fablico. Quem definiu o conte\u00fado e a estrutura do curso e quais profissionais participaram de sua execu\u00e7\u00e3o?<\/em><\/li>\n<li style=\"text-align: justify;\"><em>O levantamento identificou tamb\u00e9m contrato de R$ 1.630.758 com a Funda\u00e7\u00e3o para o Desenvolvimento da Educa\u00e7\u00e3o (FDE), ligada ao governo de S\u00e3o Paulo. Quais servi\u00e7os foram efetivamente prestados no \u00e2mbito desse contrato?<\/em><\/li>\n<li style=\"text-align: justify;\"><em>Al\u00e9m do contrato de R$ 1.382.000, o CFC tamb\u00e9m aparece com contrata\u00e7\u00e3o de R$ 349.800 para o curso \u201cA Arte e a Ci\u00eancia da Orat\u00f3ria\u201d. Quem ministrou o curso e quais foram os crit\u00e9rios utilizados para estabelecer o valor contratado?<\/em><\/li>\n<\/ul>\n<p><em><strong>6. RELA\u00c7\u00c3O COM O PODER P\u00daBLICO<\/strong><\/em><\/p>\n<ul>\n<li style=\"text-align: justify;\"><em>O Instituto Iter mant\u00e9m atualmente negocia\u00e7\u00f5es ou tratativas para novos contratos com governos, tribunais, c\u00e2maras municipais, assembleias legislativas, Tribunais de Contas ou outros \u00f3rg\u00e3os p\u00fablicos? Em caso positivo, quais?<\/em><\/li>\n<li style=\"text-align: justify;\"><em>Que mecanismos internos o Instituto Iter adota para prevenir poss\u00edveis conflitos de interesse em contrata\u00e7\u00f5es com \u00f3rg\u00e3os p\u00fablicos, especialmente quando suas atividades envolvem a participa\u00e7\u00e3o de autoridades ou agentes p\u00fablicos?<\/em><\/li>\n<\/ul>\n","protected":false},"excerpt":{"rendered":"<p>Andr\u00e9 Mendon\u00e7a resolveu deixar a sociedade no Iter e teria dito que vai transform\u00e1-la em &#8220;entidade sem fins lucrativos&#8221; ap\u00f3s a F\u00f3rum revelar 54 contratos, que somam mais de R$ 10,4 milh\u00f5es, em contratos p\u00fablicos sem licita\u00e7\u00e3o. Ap\u00f3s a F\u00f3rum\u00a0revelar o faturamento de mais de R$ 10,8 milh\u00f5es em contratos p\u00fablicos, 98,2% firmados sem licita\u00e7\u00e3o, [&hellip;]<\/p>\n","protected":false},"author":2,"featured_media":130582,"comment_status":"open","ping_status":"open","sticky":false,"template":"","format":"standard","meta":[],"categories":[1,105],"tags":[8794,1543,8793],"_links":{"self":[{"href":"https:\/\/www.blogdopaulonunes.com\/v5\/index.php\/wp-json\/wp\/v2\/posts\/130581"}],"collection":[{"href":"https:\/\/www.blogdopaulonunes.com\/v5\/index.php\/wp-json\/wp\/v2\/posts"}],"about":[{"href":"https:\/\/www.blogdopaulonunes.com\/v5\/index.php\/wp-json\/wp\/v2\/types\/post"}],"author":[{"embeddable":true,"href":"https:\/\/www.blogdopaulonunes.com\/v5\/index.php\/wp-json\/wp\/v2\/users\/2"}],"replies":[{"embeddable":true,"href":"https:\/\/www.blogdopaulonunes.com\/v5\/index.php\/wp-json\/wp\/v2\/comments?post=130581"}],"version-history":[{"count":1,"href":"https:\/\/www.blogdopaulonunes.com\/v5\/index.php\/wp-json\/wp\/v2\/posts\/130581\/revisions"}],"predecessor-version":[{"id":130583,"href":"https:\/\/www.blogdopaulonunes.com\/v5\/index.php\/wp-json\/wp\/v2\/posts\/130581\/revisions\/130583"}],"wp:featuredmedia":[{"embeddable":true,"href":"https:\/\/www.blogdopaulonunes.com\/v5\/index.php\/wp-json\/wp\/v2\/media\/130582"}],"wp:attachment":[{"href":"https:\/\/www.blogdopaulonunes.com\/v5\/index.php\/wp-json\/wp\/v2\/media?parent=130581"}],"wp:term":[{"taxonomy":"category","embeddable":true,"href":"https:\/\/www.blogdopaulonunes.com\/v5\/index.php\/wp-json\/wp\/v2\/categories?post=130581"},{"taxonomy":"post_tag","embeddable":true,"href":"https:\/\/www.blogdopaulonunes.com\/v5\/index.php\/wp-json\/wp\/v2\/tags?post=130581"}],"curies":[{"name":"wp","href":"https:\/\/api.w.org\/{rel}","templated":true}]}}