{"id":130578,"date":"2026-09-03T13:05:49","date_gmt":"2026-09-03T16:05:49","guid":{"rendered":"https:\/\/www.blogdopaulonunes.com\/v5\/?p=130578"},"modified":"2026-09-03T13:05:49","modified_gmt":"2026-09-03T16:05:49","slug":"policia-militar-da-bahia-recebe-136-novas-viaturas-para-reforcar-frota-operacional","status":"publish","type":"post","link":"https:\/\/www.blogdopaulonunes.com\/v5\/index.php\/2026\/09\/03\/policia-militar-da-bahia-recebe-136-novas-viaturas-para-reforcar-frota-operacional\/","title":{"rendered":"Pol\u00edcia Militar da Bahia recebe 136 novas viaturas para refor\u00e7ar frota operacional"},"content":{"rendered":"<p><strong>Ve\u00edculos ser\u00e3o distribu\u00eddos entre unidades de Salvador, Regi\u00e3o Metropolitana e interior<\/strong><\/p>\n<p style=\"text-align: justify;\">A Pol\u00edcia Militar da Bahia (PMBA) recebeu, nesta quinta-feira (3), 136 novas viaturas para refor\u00e7ar a frota operacional da corpora\u00e7\u00e3o e de unidades da Secretaria da Seguran\u00e7a P\u00fablica (SSP-BA). A entrega foi realizada no Jardim de Alah, em Salvador, e os ve\u00edculos ser\u00e3o distribu\u00eddos entre unidades da capital, da Regi\u00e3o Metropolitana de Salvador (RMS) e do interior do estado.<\/p>\n<div style=\"text-align: justify;\">Do total, 125 viaturas ser\u00e3o destinadas \u00e0 Pol\u00edcia Militar, enquanto outras 11 ficar\u00e3o \u00e0 disposi\u00e7\u00e3o de unidades da SSP que atuam no suporte \u00e0s for\u00e7as de seguran\u00e7a. Os ve\u00edculos s\u00e3o dos modelos Duster, da Renault, e S10, da Chevrolet.<\/div>\n<div style=\"text-align: justify;\"><\/div>\n<div style=\"text-align: justify;\">A distribui\u00e7\u00e3o dos ve\u00edculos contempla unidades de diferentes regi\u00f5es, com o objetivo de ampliar a estrutura dispon\u00edvel para o trabalho policial e fortalecer as condi\u00e7\u00f5es de atua\u00e7\u00e3o das equipes. A medida faz parte do processo de renova\u00e7\u00e3o e amplia\u00e7\u00e3o da frota das for\u00e7as de seguran\u00e7a do estado, com o objetivo de melhorar as condi\u00e7\u00f5es de trabalho dos policiais e fortalecer o atendimento \u00e0 popula\u00e7\u00e3o.<\/div>\n<div><\/div>\n<div><\/div>\n<div><b>Rep\u00f3rter: T\u00e1cio Santos\/GOVBA<\/b><\/div>\n","protected":false},"excerpt":{"rendered":"<p>Ve\u00edculos ser\u00e3o distribu\u00eddos entre unidades de Salvador, Regi\u00e3o Metropolitana e interior A Pol\u00edcia Militar da Bahia (PMBA) recebeu, nesta quinta-feira (3), 136 novas viaturas para refor\u00e7ar a frota operacional da corpora\u00e7\u00e3o e de unidades da Secretaria da Seguran\u00e7a P\u00fablica (SSP-BA). A entrega foi realizada no Jardim de Alah, em Salvador, e os ve\u00edculos ser\u00e3o distribu\u00eddos [&hellip;]<\/p>\n","protected":false},"author":2,"featured_media":130579,"comment_status":"open","ping_status":"open","sticky":false,"template":"","format":"standard","meta":[],"categories":[75,105],"tags":[305,423],"_links":{"self":[{"href":"https:\/\/www.blogdopaulonunes.com\/v5\/index.php\/wp-json\/wp\/v2\/posts\/130578"}],"collection":[{"href":"https:\/\/www.blogdopaulonunes.com\/v5\/index.php\/wp-json\/wp\/v2\/posts"}],"about":[{"href":"https:\/\/www.blogdopaulonunes.com\/v5\/index.php\/wp-json\/wp\/v2\/types\/post"}],"author":[{"embeddable":true,"href":"https:\/\/www.blogdopaulonunes.com\/v5\/index.php\/wp-json\/wp\/v2\/users\/2"}],"replies":[{"embeddable":true,"href":"https:\/\/www.blogdopaulonunes.com\/v5\/index.php\/wp-json\/wp\/v2\/comments?post=130578"}],"version-history":[{"count":1,"href":"https:\/\/www.blogdopaulonunes.com\/v5\/index.php\/wp-json\/wp\/v2\/posts\/130578\/revisions"}],"predecessor-version":[{"id":130580,"href":"https:\/\/www.blogdopaulonunes.com\/v5\/index.php\/wp-json\/wp\/v2\/posts\/130578\/revisions\/130580"}],"wp:featuredmedia":[{"embeddable":true,"href":"https:\/\/www.blogdopaulonunes.com\/v5\/index.php\/wp-json\/wp\/v2\/media\/130579"}],"wp:attachment":[{"href":"https:\/\/www.blogdopaulonunes.com\/v5\/index.php\/wp-json\/wp\/v2\/media?parent=130578"}],"wp:term":[{"taxonomy":"category","embeddable":true,"href":"https:\/\/www.blogdopaulonunes.com\/v5\/index.php\/wp-json\/wp\/v2\/categories?post=130578"},{"taxonomy":"post_tag","embeddable":true,"href":"https:\/\/www.blogdopaulonunes.com\/v5\/index.php\/wp-json\/wp\/v2\/tags?post=130578"}],"curies":[{"name":"wp","href":"https:\/\/api.w.org\/{rel}","templated":true}]}}