{"id":130575,"date":"2026-09-03T10:38:58","date_gmt":"2026-09-03T13:38:58","guid":{"rendered":"https:\/\/www.blogdopaulonunes.com\/v5\/?p=130575"},"modified":"2026-09-03T10:38:58","modified_gmt":"2026-09-03T13:38:58","slug":"dani-lindao-estamos-na-guerra-juntos-audios-mostram-conversa-entre-nikolas-ferreira-e-vorcaro","status":"publish","type":"post","link":"https:\/\/www.blogdopaulonunes.com\/v5\/index.php\/2026\/09\/03\/dani-lindao-estamos-na-guerra-juntos-audios-mostram-conversa-entre-nikolas-ferreira-e-vorcaro\/","title":{"rendered":"\u201cDani\u201d, \u201clind\u00e3o\u201d, \u201cestamos na guerra juntos\u201d: \u00e1udios mostram conversa entre Nikolas Ferreira e Vorcaro"},"content":{"rendered":"<p style=\"text-align: justify;\"><strong>\u00c1udios revelam intimidade entre o deputado bolsonarista e o banqueiro em suposta negocia\u00e7\u00e3o sobre ativo de min\u00e9rio<\/strong><\/p>\n<p style=\"text-align: justify;\">Um \u00e1udio enviado pelo deputado federal Nikolas Ferreira (PL-MG) ao banqueiro Daniel Vorcaro, dono do Banco Master, mostra o parlamentar pedindo ajuda para encaminhar uma demanda de seu advogado e ex-assessor, Thiago Rodrigues de Faria, relacionada \u00e0 libera\u00e7\u00e3o de \u201cum ativo miner\u00e1rio\u201d.\u00a0A informa\u00e7\u00e3o foi revelada pela jornalista Juliana Dal Piva, do\u00a0<a href=\"https:\/\/iclnoticias.com.br\/nikolas-vorcaro-lindao-minerio-master\/\" data-type=\"link\" data-id=\"https:\/\/iclnoticias.com.br\/nikolas-vorcaro-lindao-minerio-master\/\">ICL Not\u00edcias<\/a>, que teve acesso \u00e0 troca de mensagens.<\/p>\n<p class=\"wp-block-paragraph\" style=\"text-align: justify;\">No \u00e1udio, enviado em 30 de mar\u00e7o de 2025, Nikolas chama Vorcaro de \u201cDani\u201d e \u201clind\u00e3o\u201d, diz que gostaria de ter mais proximidade com o banqueiro e afirma que estava repassando o contato de uma pessoa de sua confian\u00e7a.<\/p>\n<p class=\"wp-block-paragraph\" style=\"text-align: justify;\">\u201cEi Dani, tudo bom? Como voc\u00ea est\u00e1? Como est\u00e3o as coisas a\u00ed? Desculpa te incomodar num domingo a\u00ed, \u00e9 jogo r\u00e1pido, tamb\u00e9m n\u00e3o quero tomar muito seu tempo. \u00c9 o seguinte, meu amigo, meu advogado, enfim, irm\u00e3o meu aqui, comentou comigo e falou daqui do seu nome. Eu falei: \u2018n\u00e3o conhe\u00e7o o Dani, enfim, n\u00e3o tenho a proximidade assim, at\u00e9 mesmo a que eu queria ter, enfim, de conversar e trocar ideia, mas eu o conhe\u00e7o.\u2019 Ele falou: \u2018cara, t\u00f4 com um ativo miner\u00e1rio l\u00e1, inclusive j\u00e1 passou pela ficha t\u00e9cnica, o pessoal t\u00e9cnico dele, enfim, t\u00e1 pendente l\u00e1, tem algumas pessoas que sabem disso l\u00e1 na empresa.\u2019 E eu falei: \u2018n\u00e3o, u\u00e9, eu posso dar um toque nele\u2019. Ent\u00e3o assim, n\u00e3o sei nem do que se trata, mas enfim \u00e9 como \u00e9 uma pessoa, enfim, que eu confio totalmente, t\u00f4 passando a\u00ed pra voc\u00ea, pra se for do teu interesse, passar o contato dele aqui pra voc\u00eas tocarem isso, beleza? No mais, qualquer coisa t\u00f4 aqui \u00e0 disposi\u00e7\u00e3o\u201d, disse Nikolas no \u00e1udio.<\/p>\n<p class=\"wp-block-paragraph\" style=\"text-align: justify;\">Vorcaro respondeu minutos depois com um \u00e1udio de visualiza\u00e7\u00e3o \u00fanica. Em seguida, Nikolas agradeceu e enviou o contato de Thiago Faria. O banqueiro respondeu: \u201cAm\u00e9m irm\u00e3o. Estamos na guerra juntos\u201d. Nikolas afirmou que iria \u201cdar banho na pequena agora\u201d e completou: \u201cpra amanh\u00e3 voltar pra guerra\u201d. A conversa terminou com Vorcaro dizendo ao deputado para \u201cThiago me chamar\u201d.<\/p>\n<p class=\"wp-block-paragraph\" style=\"text-align: justify;\">No dia seguinte, 1\u00ba de abril de 2025, Nikolas informou ao banqueiro que Thiago estaria em Bras\u00edlia e que \u201cqualquer hor\u00e1rio ele estar\u00e1 dispon\u00edvel\u201d. Vorcaro respondeu um dia depois: \u201cDeixa comigo\u201d. As mensagens n\u00e3o permitem concluir se o banqueiro efetivamente ajudou no pedido relacionado ao ex-assessor do deputado.<\/p>\n<p class=\"wp-block-paragraph\" style=\"text-align: justify;\">No mesmo \u00e1udio, Nikolas tamb\u00e9m pediu desculpas a Vorcaro por publica\u00e7\u00f5es feitas em abril de 2024, quando criticou um evento financiado pelo Banco Master em Londres, com a presen\u00e7a de ministros do STJ, STF e TSE. O deputado afirmou ter conversado com o pastor Valad\u00e3o sobre o epis\u00f3dio e disse que n\u00e3o sabia que se tratava do \u201cBanco do Dani\u201d.<\/p>\n<p class=\"wp-block-paragraph\" style=\"text-align: justify;\">\u201cTroquei ideia l\u00e1 com o Pastor Valad\u00e3o naquela \u00e9poca, l\u00e1 naquela postagem, eu falei: \u2018Pastor, eu n\u00e3o fazia ideia que era este o Banco do Dani etc. e tudo, se n\u00e3o, obviamente eu n\u00e3o teria postado, j\u00e1 teria conversado anteriormente\u2019, mas enfim, acabou que a palavra dita n\u00e3o tem como voltar, n\u00e9? Mas espero que tenha sido esclarecido, enfim, depois vamos marcar da gente se encontrar tamb\u00e9m, t\u00e1 bem? Um abra\u00e7o, lind\u00e3o\u201d, afirmou Nikolas.<\/p>\n<p class=\"wp-block-paragraph\" style=\"text-align: justify;\">A coluna informou ter enviado cinco perguntas a Thiago Faria e a Nikolas Ferreira. Faria respondeu que o deputado estava em campanha e que n\u00e3o iria incomod\u00e1-lo. \u201cEssas perguntas s\u00e3o nada a ver\u201d, disse.<\/p>\n<p class=\"wp-block-paragraph\" style=\"text-align: justify;\">Em \u00e1udio enviado ao ICL, Faria afirmou ainda que conhece Vorcaro por ambos serem de Belo Horizonte e declarou que trabalhava na \u00e1rea de minera\u00e7\u00e3o. \u201cO Vorcaro \u00e9 de Belo Horizonte e eu sou de Belo Horizonte e a gente conhece todo mundo. Uma vez eu, enfim, tinha um ativo min\u00e9rio porque eu trabalho nessa \u00e1rea de minera\u00e7\u00e3o e mandei um ativo miner\u00e1rio pra todo mundo de um contrato que todo mundo sabe que j\u00e1 saiu de uma pessoa que teve um problema e ao qual eu nunca fui chamado para depor na PF porque eu n\u00e3o tenho nada a ver com isso\u201d, disse.<\/p>\n<p class=\"wp-block-paragraph\" style=\"text-align: justify;\">O nome de Thiago Rodrigues de Faria ganhou destaque meses depois da troca de mensagens, ap\u00f3s ser citado em apura\u00e7\u00f5es relacionadas \u00e0 Opera\u00e7\u00e3o Rejeito, deflagrada em setembro de 2025. A investiga\u00e7\u00e3o da Pol\u00edcia Federal mirou um esquema criminoso de extra\u00e7\u00e3o ilegal de min\u00e9rio de ferro na Serra do Curral, em Nova Lima, na Regi\u00e3o Metropolitana de Belo Horizonte, e resultou em 22 pris\u00f5es preventivas.<\/p>\n<p class=\"wp-block-paragraph\" style=\"text-align: justify;\">Segundo reportagem do jornal O Estado de Minas, Faria teria atuado como intermedi\u00e1rio, por meio de um contrato de confidencialidade, em uma negocia\u00e7\u00e3o envolvendo uma lavra de min\u00e9rio e empresas investigadas pela PF. Uma das empresas mencionadas \u00e9 a Gmais Ambiental.<\/p>\n<p class=\"wp-block-paragraph\" style=\"text-align: justify;\">A Thiago Rodrigues Sociedade Individual de Advocacia tinha um contrato assinado em janeiro de 2025 com a Gmais. O acordo previa remunera\u00e7\u00e3o de 25% do lucro total, estimado entre US$ 30 milh\u00f5es e US$ 45 milh\u00f5es, caso fosse obtida autoriza\u00e7\u00e3o para retomada de minera\u00e7\u00e3o em uma \u00e1rea e posterior venda de uma lavra.<\/p>\n<p class=\"wp-block-paragraph\" style=\"text-align: justify;\">Em trecho do inqu\u00e9rito da PF reproduzido pela reportagem, os investigadores afirmam: \u201cchamaram a aten\u00e7\u00e3o os valores prov\u00e1veis da negocia\u00e7\u00e3o sobre os quais os apresentantes seriam remunerados. O valor inicial era de US$ 30.000.000,00 podendo ultrapassar os US$ 45M, valor que geraria 20% de comiss\u00e3o aos parceiros Gmais, Estabil escrit\u00f3rio cont\u00e1bil e Thiago Rodrigues advocacia\u201d.<\/p>\n<p class=\"wp-block-paragraph\" style=\"text-align: justify;\">O contrato entre a Gmais e a empresa ligada ao ex-assessor de Nikolas tamb\u00e9m envolvia, segundo a reportagem, a minera\u00e7\u00e3o Top\u00e1zio Imperial, detentora dos direitos miner\u00e1rios de uma lavra onde fica a barragem \u00c1gua Fria, apontada como uma das sete estruturas com maior risco de rompimento no Brasil. \u00c0 \u00e9poca, a opera\u00e7\u00e3o estava suspensa por a\u00e7\u00e3o do Minist\u00e9rio P\u00fablico Federal.<\/p>\n<p class=\"wp-block-paragraph\" style=\"text-align: justify;\">Ainda conforme a PF, o grupo investigado pretendia vender a lavra da Top\u00e1zio para explora\u00e7\u00e3o. Para isso, seria necess\u00e1rio liberar a empresa, titular dos direitos miner\u00e1rios em Ouro Preto, no distrito de Rodrigo Silva.<\/p>\n","protected":false},"excerpt":{"rendered":"<p>\u00c1udios revelam intimidade entre o deputado bolsonarista e o banqueiro em suposta negocia\u00e7\u00e3o sobre ativo de min\u00e9rio Um \u00e1udio enviado pelo deputado federal Nikolas Ferreira (PL-MG) ao banqueiro Daniel Vorcaro, dono do Banco Master, mostra o parlamentar pedindo ajuda para encaminhar uma demanda de seu advogado e ex-assessor, Thiago Rodrigues de Faria, relacionada \u00e0 libera\u00e7\u00e3o [&hellip;]<\/p>\n","protected":false},"author":2,"featured_media":130576,"comment_status":"open","ping_status":"open","sticky":false,"template":"","format":"standard","meta":[],"categories":[23,105],"tags":[729,7153],"_links":{"self":[{"href":"https:\/\/www.blogdopaulonunes.com\/v5\/index.php\/wp-json\/wp\/v2\/posts\/130575"}],"collection":[{"href":"https:\/\/www.blogdopaulonunes.com\/v5\/index.php\/wp-json\/wp\/v2\/posts"}],"about":[{"href":"https:\/\/www.blogdopaulonunes.com\/v5\/index.php\/wp-json\/wp\/v2\/types\/post"}],"author":[{"embeddable":true,"href":"https:\/\/www.blogdopaulonunes.com\/v5\/index.php\/wp-json\/wp\/v2\/users\/2"}],"replies":[{"embeddable":true,"href":"https:\/\/www.blogdopaulonunes.com\/v5\/index.php\/wp-json\/wp\/v2\/comments?post=130575"}],"version-history":[{"count":1,"href":"https:\/\/www.blogdopaulonunes.com\/v5\/index.php\/wp-json\/wp\/v2\/posts\/130575\/revisions"}],"predecessor-version":[{"id":130577,"href":"https:\/\/www.blogdopaulonunes.com\/v5\/index.php\/wp-json\/wp\/v2\/posts\/130575\/revisions\/130577"}],"wp:featuredmedia":[{"embeddable":true,"href":"https:\/\/www.blogdopaulonunes.com\/v5\/index.php\/wp-json\/wp\/v2\/media\/130576"}],"wp:attachment":[{"href":"https:\/\/www.blogdopaulonunes.com\/v5\/index.php\/wp-json\/wp\/v2\/media?parent=130575"}],"wp:term":[{"taxonomy":"category","embeddable":true,"href":"https:\/\/www.blogdopaulonunes.com\/v5\/index.php\/wp-json\/wp\/v2\/categories?post=130575"},{"taxonomy":"post_tag","embeddable":true,"href":"https:\/\/www.blogdopaulonunes.com\/v5\/index.php\/wp-json\/wp\/v2\/tags?post=130575"}],"curies":[{"name":"wp","href":"https:\/\/api.w.org\/{rel}","templated":true}]}}