{"id":130572,"date":"2026-09-03T10:29:48","date_gmt":"2026-09-03T13:29:48","guid":{"rendered":"https:\/\/www.blogdopaulonunes.com\/v5\/?p=130572"},"modified":"2026-09-04T01:20:53","modified_gmt":"2026-09-04T04:20:53","slug":"a-procuradoria-geral-da-republica-pgr-fechou-um-acordo-de-colaboracao-premiada-com-o-operador-do-mercado-financeiro-antonio-carlos-freixo-junior-conhecido-como-mineiro-proprietar","status":"publish","type":"post","link":"https:\/\/www.blogdopaulonunes.com\/v5\/index.php\/2026\/09\/03\/a-procuradoria-geral-da-republica-pgr-fechou-um-acordo-de-colaboracao-premiada-com-o-operador-do-mercado-financeiro-antonio-carlos-freixo-junior-conhecido-como-mineiro-proprietar\/","title":{"rendered":"A Procuradoria-Geral da Rep\u00fablica fechou um acordo de colabora\u00e7\u00e3o premiada com o operador do mercado"},"content":{"rendered":"<p><span style=\"color: #ff0000;\"><strong>Repasses de Vorcaro foram feitos ao fundo Havengate a pedido de Fl\u00e1vio Bolsonaro e podem ter tido como benefici\u00e1rio final Eduardo Bolsonaro.<\/strong><\/span><\/p>\n<p class=\"wp-block-paragraph\" style=\"text-align: justify;\">A Procuradoria-Geral da Rep\u00fablica (PGR) fechou um acordo de colabora\u00e7\u00e3o premiada com o operador do mercado financeiro Antonio Carlos Freixo J\u00fanior, conhecido como \u201cMineiro\u201d. Propriet\u00e1rio da Entre Investimentos e Participa\u00e7\u00f5es, ele \u00e9 apontado como pe\u00e7a-chave nas opera\u00e7\u00f5es financeiras entre o banqueiro Daniel Vorcaro e os custos de produ\u00e7\u00e3o do filme \u201cDark Horse\u201d, obra cinematogr\u00e1fica sobre Jair Bolsonaro (PL), informa Malu Gaspar, do jornal <a href=\"https:\/\/oglobo.globo.com\/blogs\/malu-gaspar\/post\/2026\/09\/dark-horse-pgr-fecha-delacao-com-empresario-que-fez-pagamentos-a-fundo-de-advogado-de-eduardo-bolsonaro.ghtml\">O Globo<\/a>.<\/p>\n<p class=\"wp-block-paragraph\" style=\"text-align: justify;\">Esta \u00e9 a segunda dela\u00e7\u00e3o premiada no \u00e2mbito do chamado caso Master. Nos \u00faltimos dias, a PGR tamb\u00e9m encaminhou ao ministro Andr\u00e9 Mendon\u00e7a, do Supremo Tribunal Federal (STF) e relator do processo, a proposta de colabora\u00e7\u00e3o do empres\u00e1rio Jo\u00e3o Carlos Mansur, ex-dono da gestora Reag, respons\u00e1vel por administrar os fundos que Vorcaro utilizava para ocultar patrim\u00f4nio e recursos.<\/p>\n<p class=\"wp-block-paragraph\" style=\"text-align: justify;\">O grupo Entre, sob o comando de Freixo J\u00fanior, \u00e9 controlador da revista Isto\u00c9 e da empresa de pagamentos Entrepay, que teve sua liquida\u00e7\u00e3o extrajudicial decretada pelo Banco Central em mar\u00e7o deste ano. A empresa j\u00e1 havia sido alvo de mandados de busca e apreens\u00e3o cumpridos pela Pol\u00edcia Federal em janeiro, durante o aprofundamento das investiga\u00e7\u00f5es do caso.<\/p>\n<h2 class=\"wp-block-heading\">Remessas ao exterior e o fundo no Texas<\/h2>\n<p class=\"wp-block-paragraph\" style=\"text-align: justify;\">Em seu depoimento e nos anexos apresentados aos investigadores, Freixo J\u00fanior detalhou ter efetuado pagamentos a pedido direto de Daniel Vorcaro relacionados ao longa-metragem. A produ\u00e7\u00e3o do filme tornou-se um dos principais focos de desgaste para a campanha do senador Fl\u00e1vio Bolsonaro \u00e0 Presid\u00eancia da Rep\u00fablica, principalmente ap\u00f3s a divulga\u00e7\u00e3o de mensagens em que o filho \u201c01\u201d do ex-presidente cobrava recursos financeiros do banqueiro sob a justificativa de financiar a obra.<\/p>\n<p class=\"wp-block-paragraph\" style=\"text-align: justify;\">O delator apresentou comprovantes e detalhes de remessas enviadas ao exterior com destino ao fundo Havengate. Sediado no estado do Texas, nos Estados Unidos, o fundo \u00e9 administrado pelo advogado de imigra\u00e7\u00e3o Paulo Calixto, pessoa ligada ao ex-deputado federal Eduardo Bolsonaro (PL-SP).<\/p>\n<p class=\"wp-block-paragraph\" style=\"text-align: justify;\">Atualmente sem uso de tornozeleira eletr\u00f4nica e em liberdade, Freixo J\u00fanior teve seu acordo encaminhado para o gabinete do ministro Andr\u00e9 Mendon\u00e7a, a quem cabe a an\u00e1lise e a decis\u00e3o final sobre a homologa\u00e7\u00e3o. N\u00e3o h\u00e1 prazo regimental fixado para a avalia\u00e7\u00e3o das cl\u00e1usulas e dos termos do acordo.<\/p>\n<h2 class=\"wp-block-heading\">Suspeitas de desvio e entrega de dinheiro em esp\u00e9cie<\/h2>\n<p class=\"wp-block-paragraph\" style=\"text-align: justify;\">A Pol\u00edcia Federal e a PGR avaliam que as informa\u00e7\u00f5es prestadas por Freixo podem viabilizar a obten\u00e7\u00e3o de extratos das movimenta\u00e7\u00f5es financeiras do fundo Havengate em solo norte-americano. O objetivo priorit\u00e1rio da apura\u00e7\u00e3o \u00e9 solicitar coopera\u00e7\u00e3o internacional para esclarecer se as cifras repassadas por Vorcaro foram efetivamente alocadas na produ\u00e7\u00e3o cinematogr\u00e1fica ou se acabaram desviadas para custear despesas pessoais e perman\u00eancia de Eduardo Bolsonaro no exterior.<\/p>\n<p class=\"wp-block-paragraph\" style=\"text-align: justify;\">A apura\u00e7\u00e3o indica a ocorr\u00eancia de pelo menos sete pagamentos efetuados pela Entre ao fundo Havengate. Uma dessas remessas ocorreu em 16 de setembro de 2025 \u2014 apenas dois meses antes de Vorcaro ser preso por determina\u00e7\u00e3o da Justi\u00e7a Federal de Bras\u00edlia. O registro do s\u00e9timo repasse contradiz publicamente declara\u00e7\u00f5es de Fl\u00e1vio Bolsonaro, que afirmou em entrevista \u00e0 GloboNews que os repasses teriam sido encerrados em maio do mesmo ano.<\/p>\n<p class=\"wp-block-paragraph\" style=\"text-align: justify;\">O operador revelou ainda a execu\u00e7\u00e3o de diversas remessas em dinheiro vivo, transportadas em malas, atendendo a solicita\u00e7\u00f5es do banqueiro. Fontes ligadas \u00e0 investiga\u00e7\u00e3o apontam que Freixo J\u00fanior indicou aos investigadores os endere\u00e7os exatos onde foram entregues os valores em esp\u00e9cie. O delator alegou, contudo, que desconhecia que os recursos destinados ao fundo Havengate tinham rela\u00e7\u00e3o com \u201cDark Horse\u201d, sustentando n\u00e3o saber a destina\u00e7\u00e3o final dada ao dinheiro ap\u00f3s a entrega e declarando n\u00e3o ter citado autoridades detentoras de foro privilegiado. A defesa de Freixo informou que n\u00e3o comentar\u00e1 o caso em raz\u00e3o do sigilo das apura\u00e7\u00f5es.<\/p>\n<h2 class=\"wp-block-heading\">Contradi\u00e7\u00f5es e per\u00edcia em \u2018Dark Horse\u2019<\/h2>\n<p class=\"wp-block-paragraph\" style=\"text-align: justify;\">Ap\u00f3s a revela\u00e7\u00e3o inicial do caso pelo ve\u00edculo The Intercept Brasil, Fl\u00e1vio Bolsonaro comprometeu-se publicamente a apresentar uma presta\u00e7\u00e3o de contas no prazo de 30 dias, apresenta\u00e7\u00e3o que n\u00e3o se concretizou. O pr\u00e9-candidato do PL passou a sustentar que o assunto estaria resolvido a partir de um laudo independente contratado pela produtora do filme, a Go Up Entertainment.<\/p>\n<p class=\"wp-block-paragraph\" style=\"text-align: justify;\">A per\u00edcia privada contratada identificou que 72% de todos os custos da produ\u00e7\u00e3o teriam sido contratados nos Estados Unidos, muito embora a maior parte das grava\u00e7\u00f5es tenha sido realizada no Brasil. Al\u00e9m disso, os valores atribu\u00eddos \u00e0s fases iniciais do projeto, especialmente na etapa de pr\u00e9-produ\u00e7\u00e3o, apresentaram montantes considerados desproporcionais por especialistas do mercado audiovisual.<\/p>\n<p class=\"wp-block-paragraph\" style=\"text-align: justify;\">Paralelamente, dados financeiros das declara\u00e7\u00f5es de Imposto de Renda do Banco Master, compartilhados com a CPI do Crime Organizado, revelam que a institui\u00e7\u00e3o repassou R$ 2,329 milh\u00f5es diretamente \u00e0 Entre Investimentos ao longo de 2025.<\/p>\n<p class=\"wp-block-paragraph\" style=\"text-align: justify;\">A apura\u00e7\u00e3o do Intercept exp\u00f4s conversas ocorridas em janeiro de 2025 entre Daniel Vorcaro e seu cunhado, Fabiano Zettel \u2014 apontado por investigadores como seu operador financeiro. Nas mensagens, Vorcaro reclamava do atraso na transfer\u00eancia de parcelas voltadas ao filme. Zettel relatou dificuldades nas remessas internacionais em d\u00f3lar e foi orientado pelo banqueiro a utilizar a estrutura da Entre Investimentos. Posteriormente, Zettel consultou a possibilidade de acionar o \u201cMinas\u201d \u2014 apelido de Freixo no telefone celular de Vorcaro \u2014 e enviou o comprovante de uma remessa de US$ 2 milh\u00f5es para o fundo atrelado ao filme.<\/p>\n<p>&nbsp;<\/p>\n","protected":false},"excerpt":{"rendered":"<p>Repasses de Vorcaro foram feitos ao fundo Havengate a pedido de Fl\u00e1vio Bolsonaro e podem ter tido como benefici\u00e1rio final Eduardo Bolsonaro. A Procuradoria-Geral da Rep\u00fablica (PGR) fechou um acordo de colabora\u00e7\u00e3o premiada com o operador do mercado financeiro Antonio Carlos Freixo J\u00fanior, conhecido como \u201cMineiro\u201d. Propriet\u00e1rio da Entre Investimentos e Participa\u00e7\u00f5es, ele \u00e9 apontado [&hellip;]<\/p>\n","protected":false},"author":2,"featured_media":130573,"comment_status":"open","ping_status":"open","sticky":false,"template":"","format":"standard","meta":[],"categories":[75,105],"tags":[2410,8741,946,2475,2107,8792,1966,8791],"_links":{"self":[{"href":"https:\/\/www.blogdopaulonunes.com\/v5\/index.php\/wp-json\/wp\/v2\/posts\/130572"}],"collection":[{"href":"https:\/\/www.blogdopaulonunes.com\/v5\/index.php\/wp-json\/wp\/v2\/posts"}],"about":[{"href":"https:\/\/www.blogdopaulonunes.com\/v5\/index.php\/wp-json\/wp\/v2\/types\/post"}],"author":[{"embeddable":true,"href":"https:\/\/www.blogdopaulonunes.com\/v5\/index.php\/wp-json\/wp\/v2\/users\/2"}],"replies":[{"embeddable":true,"href":"https:\/\/www.blogdopaulonunes.com\/v5\/index.php\/wp-json\/wp\/v2\/comments?post=130572"}],"version-history":[{"count":3,"href":"https:\/\/www.blogdopaulonunes.com\/v5\/index.php\/wp-json\/wp\/v2\/posts\/130572\/revisions"}],"predecessor-version":[{"id":130588,"href":"https:\/\/www.blogdopaulonunes.com\/v5\/index.php\/wp-json\/wp\/v2\/posts\/130572\/revisions\/130588"}],"wp:featuredmedia":[{"embeddable":true,"href":"https:\/\/www.blogdopaulonunes.com\/v5\/index.php\/wp-json\/wp\/v2\/media\/130573"}],"wp:attachment":[{"href":"https:\/\/www.blogdopaulonunes.com\/v5\/index.php\/wp-json\/wp\/v2\/media?parent=130572"}],"wp:term":[{"taxonomy":"category","embeddable":true,"href":"https:\/\/www.blogdopaulonunes.com\/v5\/index.php\/wp-json\/wp\/v2\/categories?post=130572"},{"taxonomy":"post_tag","embeddable":true,"href":"https:\/\/www.blogdopaulonunes.com\/v5\/index.php\/wp-json\/wp\/v2\/tags?post=130572"}],"curies":[{"name":"wp","href":"https:\/\/api.w.org\/{rel}","templated":true}]}}