{"id":130571,"date":"2026-09-04T01:23:50","date_gmt":"2026-09-04T04:23:50","guid":{"rendered":"https:\/\/www.blogdopaulonunes.com\/v5\/?p=130571"},"modified":"2026-09-04T01:23:50","modified_gmt":"2026-09-04T04:23:50","slug":"efeito-lula-vendas-de-veiculos-novos-disparam-221-em-agosto","status":"publish","type":"post","link":"https:\/\/www.blogdopaulonunes.com\/v5\/index.php\/2026\/09\/04\/efeito-lula-vendas-de-veiculos-novos-disparam-221-em-agosto\/","title":{"rendered":"Efeito Lula: vendas de ve\u00edculos novos disparam 22,1% em agosto"},"content":{"rendered":"<p style=\"text-align: justify;\"><strong>Programas do governo federal impulsionam mercado, que j\u00e1 acumula alta de 18,45% em 2026<\/strong><\/p>\n<p class=\"wp-block-paragraph\" style=\"text-align: justify;\">As vendas de ve\u00edculos novos no Brasil cresceram 22,1% em agosto na compara\u00e7\u00e3o com o mesmo m\u00eas de 2025, em mais um resultado positivo para o setor automotivo em 2026. Segundo a Federa\u00e7\u00e3o Nacional da Distribui\u00e7\u00e3o de Ve\u00edculos Automotores (Fenabrave), os emplacamentos de autom\u00f3veis, comerciais leves, caminh\u00f5es e \u00f4nibus chegaram a 275.094 unidades no m\u00eas. Programas do governo do presidente Luiz In\u00e1cio Lula da Silva (PT) est\u00e3o entre os fatores que v\u00eam impulsionando segmentos importantes do mercado.<\/p>\n<p class=\"wp-block-paragraph\" style=\"text-align: justify;\">No acumulado dos oito primeiros meses de 2026, as vendas de autom\u00f3veis, comerciais leves, caminh\u00f5es e \u00f4nibus alcan\u00e7aram 1,97 milh\u00e3o de unidades, avan\u00e7o de 18,45% sobre o mesmo per\u00edodo de 2025.<\/p>\n<h3 class=\"wp-block-heading\" style=\"text-align: justify;\">Programas federais ajudam a impulsionar mercado<\/h3>\n<p class=\"wp-block-paragraph\" style=\"text-align: justify;\">De acordo com o presidente da Fenabrave, Arcelio Junior, autom\u00f3veis, comerciais leves e motocicletas apresentam desempenho positivo e, em alguns casos, acima das proje\u00e7\u00f5es. A entidade atribui parte desse movimento a iniciativas federais como o Carro Sustent\u00e1vel e o Move Brasil. O desempenho de autom\u00f3veis e comerciais leves tem sido beneficiado pela disputa entre as montadoras.<\/p>\n<p class=\"wp-block-paragraph\" style=\"text-align: justify;\">\u201cOs autom\u00f3veis e comerciais leves tamb\u00e9m tiveram os emplacamentos impulsionados pela alta concorr\u00eancia entre marcas, que v\u00eam realizando promo\u00e7\u00f5es interessantes ao consumidor\u201d, afirmou Arcelio Junior.<\/p>\n<p class=\"wp-block-paragraph\" style=\"text-align: justify;\">O Carro Sustent\u00e1vel aparece entre os fatores destacados pela entidade para explicar o desempenho acima das expectativas. J\u00e1 o Move Brasil contribuiu para conter a retra\u00e7\u00e3o registrada em segmentos como caminh\u00f5es e \u00f4nibus.<\/p>\n<p class=\"wp-block-paragraph\" style=\"text-align: justify;\">Na compara\u00e7\u00e3o mensal, o mercado teve uma pequena retra\u00e7\u00e3o. Os 275.094 ve\u00edculos vendidos em agosto representam queda de 1,6% em rela\u00e7\u00e3o a julho. A Fenabrave ressaltou, por\u00e9m, que agosto teve 21 dias \u00fateis, contra 23 no m\u00eas anterior.<\/p>\n<h3 class=\"wp-block-heading\" style=\"text-align: justify;\">Autom\u00f3veis e comerciais leves avan\u00e7am 19,8%<\/h3>\n<p class=\"wp-block-paragraph\" style=\"text-align: justify;\">A expans\u00e3o do mercado \u00e9 particularmente forte entre autom\u00f3veis e comerciais leves. De janeiro a agosto, foram emplacadas 1,9 milh\u00e3o de unidades, crescimento de 19,8% na compara\u00e7\u00e3o com os primeiros oito meses do ano passado.<\/p>\n<p class=\"wp-block-paragraph\" style=\"text-align: justify;\">Os ve\u00edculos pesados apresentam cen\u00e1rio diferente. As vendas de caminh\u00f5es somaram 68,8 mil unidades no per\u00edodo, recuo de 4,8%. No segmento de \u00f4nibus, foram 18,2 mil unidades, queda de 4,25%.<\/p>\n<p class=\"wp-block-paragraph\" style=\"text-align: justify;\">A Fenabrave manteve suas proje\u00e7\u00f5es para 2026. A expectativa \u00e9 de crescimento de 8,8% nas vendas de autom\u00f3veis e comerciais leves, para 2,77 milh\u00f5es de unidades.<\/p>\n<p class=\"wp-block-paragraph\" style=\"text-align: justify;\">Para caminh\u00f5es, a previs\u00e3o \u00e9 de retra\u00e7\u00e3o de 7,8%, com 102,25 mil unidades comercializadas. No caso dos \u00f4nibus, a entidade projeta queda de 9,2%, para 26,2 mil ve\u00edculos.<\/p>\n<h3 class=\"wp-block-heading\" style=\"text-align: justify;\">H\u00edbridos disparam 91% em 2026<\/h3>\n<p class=\"wp-block-paragraph\" style=\"text-align: justify;\">Outro destaque do mercado \u00e9 o avan\u00e7o acelerado dos ve\u00edculos eletrificados. As vendas de autom\u00f3veis e comerciais leves h\u00edbridos cresceram 1,1% em agosto ante julho e mais do que dobraram na compara\u00e7\u00e3o com agosto de 2025.<\/p>\n<p class=\"wp-block-paragraph\" style=\"text-align: justify;\">Nos primeiros oito meses deste ano, foram emplacados 227,86 mil ve\u00edculos h\u00edbridos, crescimento de 91% sobre igual per\u00edodo do ano passado.<\/p>\n<p class=\"wp-block-paragraph\" style=\"text-align: justify;\">Segundo a Fenabrave, os h\u00edbridos j\u00e1 representam aproximadamente 12% das vendas acumuladas de autom\u00f3veis e comerciais leves em 2026.<\/p>\n<h3 class=\"wp-block-heading\" style=\"text-align: justify;\">El\u00e9tricos puros mais que triplicam vendas<\/h3>\n<p class=\"wp-block-paragraph\" style=\"text-align: justify;\">Entre os autom\u00f3veis e comerciais leves movidos exclusivamente a bateria, o ritmo de expans\u00e3o \u00e9 ainda maior.<\/p>\n<p class=\"wp-block-paragraph\" style=\"text-align: justify;\">Os emplacamentos desses ve\u00edculos avan\u00e7aram 5,36% em agosto na compara\u00e7\u00e3o mensal. Entre janeiro e agosto, foram comercializadas 27.155 unidades.<\/p>\n<p class=\"wp-block-paragraph\" style=\"text-align: justify;\">Na compara\u00e7\u00e3o com os primeiros oito meses de 2025, as vendas dos chamados \u201cel\u00e9tricos puros\u201d dispararam 218%, mais do que triplicando em apenas um ano.<\/p>\n","protected":false},"excerpt":{"rendered":"<p>Programas do governo federal impulsionam mercado, que j\u00e1 acumula alta de 18,45% em 2026 As vendas de ve\u00edculos novos no Brasil cresceram 22,1% em agosto na compara\u00e7\u00e3o com o mesmo m\u00eas de 2025, em mais um resultado positivo para o setor automotivo em 2026. Segundo a Federa\u00e7\u00e3o Nacional da Distribui\u00e7\u00e3o de Ve\u00edculos Automotores (Fenabrave), os [&hellip;]<\/p>\n","protected":false},"author":2,"featured_media":130589,"comment_status":"open","ping_status":"open","sticky":false,"template":"","format":"standard","meta":[],"categories":[130,105],"tags":[1332,8798],"_links":{"self":[{"href":"https:\/\/www.blogdopaulonunes.com\/v5\/index.php\/wp-json\/wp\/v2\/posts\/130571"}],"collection":[{"href":"https:\/\/www.blogdopaulonunes.com\/v5\/index.php\/wp-json\/wp\/v2\/posts"}],"about":[{"href":"https:\/\/www.blogdopaulonunes.com\/v5\/index.php\/wp-json\/wp\/v2\/types\/post"}],"author":[{"embeddable":true,"href":"https:\/\/www.blogdopaulonunes.com\/v5\/index.php\/wp-json\/wp\/v2\/users\/2"}],"replies":[{"embeddable":true,"href":"https:\/\/www.blogdopaulonunes.com\/v5\/index.php\/wp-json\/wp\/v2\/comments?post=130571"}],"version-history":[{"count":1,"href":"https:\/\/www.blogdopaulonunes.com\/v5\/index.php\/wp-json\/wp\/v2\/posts\/130571\/revisions"}],"predecessor-version":[{"id":130590,"href":"https:\/\/www.blogdopaulonunes.com\/v5\/index.php\/wp-json\/wp\/v2\/posts\/130571\/revisions\/130590"}],"wp:featuredmedia":[{"embeddable":true,"href":"https:\/\/www.blogdopaulonunes.com\/v5\/index.php\/wp-json\/wp\/v2\/media\/130589"}],"wp:attachment":[{"href":"https:\/\/www.blogdopaulonunes.com\/v5\/index.php\/wp-json\/wp\/v2\/media?parent=130571"}],"wp:term":[{"taxonomy":"category","embeddable":true,"href":"https:\/\/www.blogdopaulonunes.com\/v5\/index.php\/wp-json\/wp\/v2\/categories?post=130571"},{"taxonomy":"post_tag","embeddable":true,"href":"https:\/\/www.blogdopaulonunes.com\/v5\/index.php\/wp-json\/wp\/v2\/tags?post=130571"}],"curies":[{"name":"wp","href":"https:\/\/api.w.org\/{rel}","templated":true}]}}