{"id":130564,"date":"2026-09-02T00:32:42","date_gmt":"2026-09-02T03:32:42","guid":{"rendered":"https:\/\/www.blogdopaulonunes.com\/v5\/?p=130564"},"modified":"2026-09-02T00:33:29","modified_gmt":"2026-09-02T03:33:29","slug":"130564","status":"publish","type":"post","link":"https:\/\/www.blogdopaulonunes.com\/v5\/index.php\/2026\/09\/02\/130564\/","title":{"rendered":"Mostra Cinema Conquista abre inscri\u00e7\u00f5es para oficinas gratuitas"},"content":{"rendered":"<p style=\"text-align: justify;\"><strong>Programa\u00e7\u00e3o formativa da 17\u00aa edi\u00e7\u00e3o do evento tamb\u00e9m contar\u00e1 com confer\u00eancias e mesas tem\u00e1ticas<\/strong><\/p>\n<p style=\"text-align: justify;\">A Mostra Cinema Conquista \u2013 Um Olhar para o Novo Cinema est\u00e1 com inscri\u00e7\u00f5es abertas para duas oficinas que integram sua programa\u00e7\u00e3o formativa. Gratuitas, com vagas limitadas e certifica\u00e7\u00e3o para os participantes, as atividades ser\u00e3o realizadas ao longo dos dias 8 a 11 de setembro, no Centro de Cultura Camillo de Jesus Lima, em Vit\u00f3ria da Conquista (BA), e s\u00e3o voltadas a pessoas interessadas em ampliar conhecimentos no campo do cinema e do audiovisual. As inscri\u00e7\u00f5es podem ser feitas at\u00e9 o pr\u00f3ximo s\u00e1bado (5), por meio dos<a href=\"https:\/\/linktr.ee\/mostracinemaconquista\" target=\"_blank\" rel=\"noopener\" data-saferedirecturl=\"https:\/\/www.google.com\/url?q=https:\/\/linktr.ee\/mostracinemaconquista&amp;source=gmail&amp;ust=1788406055163000&amp;usg=AOvVaw2fbNsMeomTXblFbfdeqeq7\"> formul\u00e1rios digitais<\/a>.<\/p>\n<p>&nbsp;<\/p>\n<p dir=\"ltr\" style=\"text-align: justify;\">A primeira oficina, \u201cDa ideia ao pitch deck: construindo uma apresenta\u00e7\u00e3o para seu projeto\u201d, ser\u00e1 ministrada pela realizadora audiovisual, produtora e professora mestre pelo PPGEAFIN-UNEB, Bianca Bomfim. A atividade acontece nos dias 8 e 9, das 14h \u00e0s 18h, na Sala da Academia Conquistense de Letras, com 20 vagas e carga hor\u00e1ria de oito horas. J\u00e1 a oficina \u201cPr\u00e1ticas curatoriais em festivais e mostras audiovisuais\u201d ser\u00e1 conduzida pela professora do Departamento de Arte da Universidade Federal Fluminense (UFF), pesquisadora e curadora Tet\u00ea Mattos. Com 20 vagas e carga hor\u00e1ria de 12 horas, a atividade ser\u00e1 realizada nos dias 9, 10 e 11, das 14h \u00e0s 18h, na Sala da Casa da Cultura.<\/p>\n<h2 dir=\"ltr\">Programa\u00e7\u00e3o formativa amplia debate sobre cinema, pol\u00edticas p\u00fablicas e mulheres<\/h2>\n<p>&nbsp;<\/p>\n<p dir=\"ltr\" style=\"text-align: justify;\">Al\u00e9m das oficinas, a programa\u00e7\u00e3o formativa da Mostra Cinema Conquista conta com confer\u00eancias e mesas tem\u00e1ticas que colocam em debate quest\u00f5es relevantes do cinema e do audiovisual brasileiro contempor\u00e2neo. No dia 8, \u00e0s 9h, o diretor-presidente da Bahia Filmes, Pola Ribeiro, participa da confer\u00eancia \u201cBahia Filmes, uma pol\u00edtica p\u00fablica para al\u00e9m da ba\u00eda\u201d, com media\u00e7\u00e3o da professora doutora Milene Gusm\u00e3o, do curso de Cinema e Audiovisual da Uesb. O encontro prop\u00f5e discutir os desafios da constru\u00e7\u00e3o de uma pol\u00edtica audiovisual descentralizada, capaz de alcan\u00e7ar os diferentes territ\u00f3rios da Bahia e ampliar oportunidades de fomento, forma\u00e7\u00e3o, produ\u00e7\u00e3o, circula\u00e7\u00e3o e difus\u00e3o.<\/p>\n<p>&nbsp;<\/p>\n<p dir=\"ltr\" style=\"text-align: justify;\">No dia 9, \u00e0s 9h, a mesa \u201cCuradorias, pr\u00e1ticas e territ\u00f3rios\u201d reunir\u00e1 Tet\u00ea Mattos, Izabel Melo e \u00c9rica Daniela, curadora da 17\u00aa Mostra Cinema Conquista, com media\u00e7\u00e3o da professora doutora Macelle Khouri. A atividade parte da experi\u00eancia da pr\u00f3pria Mostra, que, nesta edi\u00e7\u00e3o, ampliou pela primeira vez as inscri\u00e7\u00f5es de filmes para produ\u00e7\u00f5es de todo o Brasil, para discutir os desafios, as especificidades e as potencialidades da curadoria cinematogr\u00e1fica a partir do interior da Bahia.<\/p>\n<p>&nbsp;<\/p>\n<p dir=\"ltr\" style=\"text-align: justify;\">A presen\u00e7a das mulheres na hist\u00f3ria e na produ\u00e7\u00e3o audiovisual ganha destaque na programa\u00e7\u00e3o dos dias 10 e 11. Na quinta-feira, \u00e0s 9h, a professora doutora Ros\u00e1lia Duarte, colaboradora do PPGMLS\/Uesb, participa da confer\u00eancia \u201cAs mulheres na hist\u00f3ria da rela\u00e7\u00e3o entre cinema e educa\u00e7\u00e3o\u201d, com media\u00e7\u00e3o de Raquel Costa, coordenadora do Janela Indiscreta. A atividade prop\u00f5e uma reflex\u00e3o sobre a atua\u00e7\u00e3o das mulheres nas experi\u00eancias de educa\u00e7\u00e3o pelo e para o cinema no Brasil e na Am\u00e9rica Latina.<\/p>\n<p>&nbsp;<\/p>\n<p dir=\"ltr\" style=\"text-align: justify;\">Na sequ\u00eancia, \u00e0s 10h30, a pesquisadora, diretora, produtora cultural e doutora em Hist\u00f3ria Priscila Sales apresenta a confer\u00eancia \u201cQuem pode contar a hist\u00f3ria? Mulheres, imagens e disputas de mem\u00f3ria no cinema brasileiro\u201d, com media\u00e7\u00e3o da professora doutora Adriana Amorim, do curso de Cinema e Audiovisual da Uesb. O encontro aborda as rela\u00e7\u00f5es entre realiza\u00e7\u00e3o, representa\u00e7\u00e3o, mem\u00f3ria e escrita da hist\u00f3ria, discutindo trajet\u00f3rias, obras e experi\u00eancias de mulheres no cinema brasileiro e os crit\u00e9rios que, historicamente, definiram quais autorias e narrativas ocupariam lugar na mem\u00f3ria do cinema.<\/p>\n<p>&nbsp;<\/p>\n<p dir=\"ltr\" style=\"text-align: justify;\">Encerrando a programa\u00e7\u00e3o formativa, a mesa \u201cElas realizam\u201d, no dia 11 de setembro, \u00e0s 9h, reunir\u00e1 as realizadoras baianas Ana Clara Medeiros, Day Sena, Patr\u00edcia Moreira e V\u00e2nia Lima, com media\u00e7\u00e3o da roteirista e realizadora audiovisual Rayane Teles. A conversa pretende refletir sobre a presen\u00e7a das mulheres no cinema produzido na Bahia, abordando quest\u00f5es como autoria, perman\u00eancia, redes, condi\u00e7\u00f5es de produ\u00e7\u00e3o e os caminhos constru\u00eddos para a cria\u00e7\u00e3o, realiza\u00e7\u00e3o e circula\u00e7\u00e3o de filmes.<\/p>\n<p>&nbsp;<\/p>\n<p dir=\"ltr\">Sobre a Mostra Cinema Conquista<\/p>\n<p dir=\"ltr\" style=\"text-align: justify;\">Ao longo de mais de duas d\u00e9cadas de hist\u00f3ria, a Mostra Cinema Conquista consolidou sua atua\u00e7\u00e3o nos campos da circula\u00e7\u00e3o e difus\u00e3o do cinema brasileiro contempor\u00e2neo. Desde 2004, mais de 700 filmes, entre longas, m\u00e9dias e curtas-metragens, j\u00e1 foram exibidos no evento. Ao longo desse percurso, a Mostra tamb\u00e9m se tornou uma importante janela de acesso a obras que, muitas vezes, n\u00e3o chegam ao circuito comercial ou encontram pouca circula\u00e7\u00e3o fora dos grandes centros.<\/p>\n<p dir=\"ltr\" style=\"text-align: justify;\">A Mostra Cinema Conquista \u2014 Um olhar para o novo cinema \u00e9 uma produ\u00e7\u00e3o da Movimenta Cultura e Arte. Tem o apoio cultural da TVE Bahia, R\u00e1dio Educadora FM e R\u00e1dio C\u00e2mara de Vit\u00f3ria da Conquista 90,3 FM. Conta com as parcerias do Programa Janela Indiscreta e do Curso de Cinema e Audiovisual da Universidade Estadual do Sudoeste da Bahia e o apoio institucional da Prefeitura Municipal de Vit\u00f3ria da Conquista, por meio da Secretaria de Cultura e Secretaria de Educa\u00e7\u00e3o. Este projeto foi contemplado nos Editais da Pol\u00edtica Nacional Aldir Blanc de Fomento \u00e0 Cultura na Bahia, realizados com recursos do Governo Federal repassados pelo Minist\u00e9rio da Cultura, e executados pelo Governo do Estado da Bahia, por meio da Secretaria de Cultura do Estado.<\/p>\n<p dir=\"ltr\" style=\"text-align: justify;\">SERVI\u00c7O | 17\u00aa Mostra Cinema Conquista \u2013 Um Olhar para o Novo Cinema<\/p>\n<p dir=\"ltr\">Olhar, escutar e agir contra o feminic\u00eddio<\/p>\n<p dir=\"ltr\">Data: 6 a 11 de setembro de 2026<br \/>\nLocal: Centro de Cultura Camillo de Jesus Lima, Vit\u00f3ria da Conquista (BA)<\/p>\n<p dir=\"ltr\">Entrada: gratuita, sujeita \u00e0 lota\u00e7\u00e3o<\/p>\n<p dir=\"ltr\">Mais informa\u00e7\u00f5es:<a href=\"https:\/\/mostracineconquista.com.br\/\" target=\"_blank\" rel=\"noopener\" data-saferedirecturl=\"https:\/\/www.google.com\/url?q=https:\/\/mostracineconquista.com.br\/&amp;source=gmail&amp;ust=1788406055163000&amp;usg=AOvVaw2Zg9MzbIutyv9bV7lBSGeE\"> https:\/\/mostracineconquista.<wbr \/>com.br\/<\/a><\/p>\n<p>&nbsp;<\/p>\n<p dir=\"ltr\">Oficina 1 \u2013 Da ideia ao pitch deck: construindo uma apresenta\u00e7\u00e3o para seu projeto com Bianca Bomfim<br \/>\nData: 8 e 9 de setembro<\/p>\n<p dir=\"ltr\">Hor\u00e1rio: 14h \u00e0s 18h<br \/>\nLocal: Sala da Academia Conquistense de Letras (Centro de Cultura Camillo de Jesus Lima)<br \/>\nN\u00famero de vagas: 20 vagas<\/p>\n<p dir=\"ltr\">Carga hor\u00e1ria: 8 horas<br \/>\nInscri\u00e7\u00f5es: <a href=\"https:\/\/docs.google.com\/forms\/d\/e\/1FAIpQLSf8k-vRLweTiikzKFKQbBLxMRTlt8-peNiEDtlkpPqBKt2zyw\/viewform?usp=dialog\" target=\"_blank\" rel=\"noopener\" data-saferedirecturl=\"https:\/\/www.google.com\/url?q=https:\/\/docs.google.com\/forms\/d\/e\/1FAIpQLSf8k-vRLweTiikzKFKQbBLxMRTlt8-peNiEDtlkpPqBKt2zyw\/viewform?usp%3Ddialog&amp;source=gmail&amp;ust=1788406055163000&amp;usg=AOvVaw0b2BuhyyhUvJVuJx19tr3M\">Link<\/a><\/p>\n<p>&nbsp;<\/p>\n<p dir=\"ltr\">Oficina 2 \u2013 Pr\u00e1ticas curatoriais em festivais e mostras audiovisuais com Tet\u00ea Mattos<br \/>\nData: 9, 10 e 11 de setembro<\/p>\n<p dir=\"ltr\">Hor\u00e1rio: 14h \u00e0s 18h<br \/>\nLocal: Sala da Casa da Cultura (Centro de Cultura Camillo de Jesus Lima)<br \/>\nN\u00famero de vagas: 20<\/p>\n<p dir=\"ltr\">Carga hor\u00e1ria: 12 horas<\/p>\n<p dir=\"ltr\">Inscri\u00e7\u00f5es: <a href=\"https:\/\/docs.google.com\/forms\/d\/e\/1FAIpQLSc-kSGo_vckSgIP_Md7asVBhgdddkPL_wMRRfqsgoVM5QJb8w\/viewform?usp=dialog\" target=\"_blank\" rel=\"noopener\" data-saferedirecturl=\"https:\/\/www.google.com\/url?q=https:\/\/docs.google.com\/forms\/d\/e\/1FAIpQLSc-kSGo_vckSgIP_Md7asVBhgdddkPL_wMRRfqsgoVM5QJb8w\/viewform?usp%3Ddialog&amp;source=gmail&amp;ust=1788406055163000&amp;usg=AOvVaw2E4oelgT5aHcpiYfserwkr\">Link<\/a><\/p>\n<p>&nbsp;<\/p>\n<p dir=\"ltr\">Confer\u00eancia 1 \u2013 Bahia Filmes, uma pol\u00edtica p\u00fablica para al\u00e9m da ba\u00eda, com Pola Ribeiro (Bahia Filmes) e Prof\u00aa. Dr\u00aa. Milene Gusm\u00e3o (Uesb)<\/p>\n<p dir=\"ltr\">Data: 8 de setembro (ter\u00e7a-feira)<\/p>\n<p dir=\"ltr\">Hor\u00e1rio: 9h<\/p>\n<p dir=\"ltr\">Local: Teatro do Centro de Cultura Camillo de Jesus Lima<\/p>\n<p dir=\"ltr\">Entrada: gratuita, sujeita \u00e0 lota\u00e7\u00e3o<\/p>\n<p>&nbsp;<\/p>\n<p dir=\"ltr\">Mesa Tem\u00e1tica 1 \u2013 Curadorias, pr\u00e1ticas e territ\u00f3rios, com Prof\u00aa. Dr\u00aa. Tet\u00ea Mattos (UFF), Prof\u00aa. Dr\u00aa. Izabel Melo (Uneb), \u00c9rica Daniela (Mostra Cinema Conquista) e Prof\u00aa. Dr\u00aa. Macelle Khouri (Uesb)<\/p>\n<p dir=\"ltr\">Data: 9 de setembro (quarta-feira)<\/p>\n<p dir=\"ltr\">Hor\u00e1rio: 9h<\/p>\n<p dir=\"ltr\">Local: Teatro do Centro de Cultura Camillo de Jesus Lima<\/p>\n<p dir=\"ltr\">Entrada: gratuita, sujeita \u00e0 lota\u00e7\u00e3o<\/p>\n<p>&nbsp;<\/p>\n<p dir=\"ltr\">Confer\u00eancia 2 \u2013 As mulheres na hist\u00f3ria da rela\u00e7\u00e3o entre cinema e educa\u00e7\u00e3o, com Prof\u00aa. Dr\u00aa. Ros\u00e1lia Duarte (PPGMLS\/Uesb), Raquel Costa (Janela Indiscreta\/Uesb)<\/p>\n<p dir=\"ltr\">Data: 10 de setembro (quinta-feira)<\/p>\n<p dir=\"ltr\">Hor\u00e1rio: 9h<\/p>\n<p dir=\"ltr\">Local: Teatro do Centro de Cultura Camillo de Jesus Lima<\/p>\n<p dir=\"ltr\">Entrada: gratuita, sujeita \u00e0 lota\u00e7\u00e3o<\/p>\n<p>&nbsp;<\/p>\n<p dir=\"ltr\">Confer\u00eancia 3 \u2013 Quem pode contar a hist\u00f3ria? Mulheres, imagens e disputas de mem\u00f3ria no cinema brasileiro, com Priscila Sales e Prof\u00aa. Dr\u00aa. Adriana Amorim (Uesb)<\/p>\n<p dir=\"ltr\">Data: 10 de setembro (quinta-feira)<\/p>\n<p dir=\"ltr\">Hor\u00e1rio: 10h30<\/p>\n<p dir=\"ltr\">Local: Teatro do Centro de Cultura Camillo de Jesus Lima<\/p>\n<p dir=\"ltr\">Entrada: gratuita, sujeita \u00e0 lota\u00e7\u00e3o<\/p>\n<p>&nbsp;<\/p>\n<p dir=\"ltr\">Mesa Tem\u00e1tica 2 \u2013 Ela realizam, com as diretoras Ana Clara Medeiros, Day Sena, Patr\u00edcia Moreira, V\u00e2nia Lima e Rayane Teles<\/p>\n<p dir=\"ltr\">Data: 11 de setembro (sexta-feira)<\/p>\n<p dir=\"ltr\">Hor\u00e1rio: 9h<\/p>\n<p dir=\"ltr\">Local: Teatro do Centro de Cultura Camillo de Jesus Lima<\/p>\n<p dir=\"ltr\">Entrada: gratuita, sujeita \u00e0 lota\u00e7\u00e3o<\/p>\n","protected":false},"excerpt":{"rendered":"<p>Programa\u00e7\u00e3o formativa da 17\u00aa edi\u00e7\u00e3o do evento tamb\u00e9m contar\u00e1 com confer\u00eancias e mesas tem\u00e1ticas A Mostra Cinema Conquista \u2013 Um Olhar para o Novo Cinema est\u00e1 com inscri\u00e7\u00f5es abertas para duas oficinas que integram sua programa\u00e7\u00e3o formativa. Gratuitas, com vagas limitadas e certifica\u00e7\u00e3o para os participantes, as atividades ser\u00e3o realizadas ao longo dos dias 8 [&hellip;]<\/p>\n","protected":false},"author":2,"featured_media":130565,"comment_status":"open","ping_status":"open","sticky":false,"template":"","format":"standard","meta":[],"categories":[103,71],"tags":[],"_links":{"self":[{"href":"https:\/\/www.blogdopaulonunes.com\/v5\/index.php\/wp-json\/wp\/v2\/posts\/130564"}],"collection":[{"href":"https:\/\/www.blogdopaulonunes.com\/v5\/index.php\/wp-json\/wp\/v2\/posts"}],"about":[{"href":"https:\/\/www.blogdopaulonunes.com\/v5\/index.php\/wp-json\/wp\/v2\/types\/post"}],"author":[{"embeddable":true,"href":"https:\/\/www.blogdopaulonunes.com\/v5\/index.php\/wp-json\/wp\/v2\/users\/2"}],"replies":[{"embeddable":true,"href":"https:\/\/www.blogdopaulonunes.com\/v5\/index.php\/wp-json\/wp\/v2\/comments?post=130564"}],"version-history":[{"count":2,"href":"https:\/\/www.blogdopaulonunes.com\/v5\/index.php\/wp-json\/wp\/v2\/posts\/130564\/revisions"}],"predecessor-version":[{"id":130567,"href":"https:\/\/www.blogdopaulonunes.com\/v5\/index.php\/wp-json\/wp\/v2\/posts\/130564\/revisions\/130567"}],"wp:featuredmedia":[{"embeddable":true,"href":"https:\/\/www.blogdopaulonunes.com\/v5\/index.php\/wp-json\/wp\/v2\/media\/130565"}],"wp:attachment":[{"href":"https:\/\/www.blogdopaulonunes.com\/v5\/index.php\/wp-json\/wp\/v2\/media?parent=130564"}],"wp:term":[{"taxonomy":"category","embeddable":true,"href":"https:\/\/www.blogdopaulonunes.com\/v5\/index.php\/wp-json\/wp\/v2\/categories?post=130564"},{"taxonomy":"post_tag","embeddable":true,"href":"https:\/\/www.blogdopaulonunes.com\/v5\/index.php\/wp-json\/wp\/v2\/tags?post=130564"}],"curies":[{"name":"wp","href":"https:\/\/api.w.org\/{rel}","templated":true}]}}