{"id":130561,"date":"2026-09-02T00:14:40","date_gmt":"2026-09-02T03:14:40","guid":{"rendered":"https:\/\/www.blogdopaulonunes.com\/v5\/?p=130561"},"modified":"2026-09-02T00:14:40","modified_gmt":"2026-09-02T03:14:40","slug":"entenda-por-que-gonet-mandou-anular-a-devassa-de-andre-mendonca-contra-alexandre-de-moraes","status":"publish","type":"post","link":"https:\/\/www.blogdopaulonunes.com\/v5\/index.php\/2026\/09\/02\/entenda-por-que-gonet-mandou-anular-a-devassa-de-andre-mendonca-contra-alexandre-de-moraes\/","title":{"rendered":"Entenda por que Gonet mandou anular a devassa de Andr\u00e9 Mendon\u00e7a contra Alexandre de Moraes"},"content":{"rendered":"<p style=\"text-align: justify;\"><strong>PGR aponta que investiga\u00e7\u00e3o sobre Moraes foi conduzida sem provoca\u00e7\u00e3o do Minist\u00e9rio P\u00fablico e fora da compet\u00eancia de Mendon\u00e7a<\/strong><\/p>\n<p style=\"text-align: justify;\">A manifesta\u00e7\u00e3o assinada nesta ter\u00e7a-feira (1) pelo procurador-geral da Rep\u00fablica, Paulo Gonet, sustentou que o <a href=\"https:\/\/www.brasil247.com\/geral\/mendonca-demanda-sessao-publica-transparente-presencial-do-stf-sobre-mensagens-entre-moraes-e-vorcaro\/\">ministro do Supremo Tribunal Federal Andr\u00e9 Mendon\u00e7a<\/a> determinou uma investiga\u00e7\u00e3o que acabou mirando outro ministro do STF \u2013 Alexandre de Moraes \u2013 sem provoca\u00e7\u00e3o do Minist\u00e9rio P\u00fablico e sem compet\u00eancia para faz\u00ea-lo.<\/p>\n<p class=\"wp-block-paragraph\" style=\"text-align: justify;\">A Pol\u00edcia Federal enviou ao STF um material com informa\u00e7\u00f5es sobre troca de mensagens entre Moraes e o dono do Banco Master, Daniel Vorcaro, preso atualmente por envolvimento em um esquema de fraudes financeiras. De acordo com a PGR, 188 das mais de 200 p\u00e1ginas do informe foram dedicadas a Moraes.<\/p>\n<p class=\"wp-block-paragraph\" style=\"text-align: justify;\">A Procuradoria afirmou ser \u201cineg\u00e1vel\u201d que houve uma busca por ind\u00edcios de envolvimento do ministro em il\u00edcitos. O argumento de Gonet teve dois eixos. Primeiro, um juiz n\u00e3o pode comandar uma investiga\u00e7\u00e3o pr\u00e9-processual nem usar a Pol\u00edcia Federal como sua \u201clonga manus\u201d. A iniciativa caberia \u00e0 pol\u00edcia e ao Minist\u00e9rio P\u00fablico.<\/p>\n<p class=\"wp-block-paragraph\" style=\"text-align: justify;\">No segundo eixo detalhado pela Procuradoria, a quest\u00e3o deveria ser submetida ao Plen\u00e1rio do STF ao surgir suspeita contra um ministro da Corte, e n\u00e3o aprofundada unilateralmente pelo relator.<\/p>\n<p class=\"wp-block-paragraph\" style=\"text-align: justify;\">A PGR fala em \u201cdupla nulidade\u201d: seria nula tanto a ordem de Mendon\u00e7a quanto o material produzido a partir dela. Gonet pede que o relator reconhe\u00e7a a nulidade e extinga a Peti\u00e7\u00e3o 16.662.<\/p>\n<p class=\"wp-block-paragraph\" style=\"text-align: justify;\">O ponto crucial para a sua apura\u00e7\u00e3o \u00e9 este: Gonet n\u00e3o disse que as mensagens s\u00e3o falsas, adulteradas ou que a Pol\u00edcia Federal interpretou incorretamente o celular de Vorcaro. A contesta\u00e7\u00e3o \u00e9 processual, pela forma como a PF conduziu a investiga\u00e7\u00e3o.<\/p>\n<h3 class=\"wp-block-heading\" style=\"text-align: justify;\">Repercuss\u00e3o<\/h3>\n<p class=\"wp-block-paragraph\" style=\"text-align: justify;\">Dentro do STF,\u00a0<a href=\"https:\/\/www.brasil247.com\/brasil\/ala-do-stf-proxima-a-moraes-preve-debate-sobre-validade-das-mensagens-de-vorcaro\/\">ministros pr\u00f3ximos a Moraes<\/a>\u00a0avaliam que o plen\u00e1rio da Corte poder\u00e1 precisar analisar a validade das mensagens localizadas pela PF no celular de Daniel Vorcaro, banqueiro do Banco Master. A discuss\u00e3o tende a se concentrar na forma como os dados foram encontrados e depois inseridos no relat\u00f3rio da corpora\u00e7\u00e3o, e n\u00e3o no teor dos di\u00e1logos.<\/p>\n<p class=\"wp-block-paragraph\" style=\"text-align: justify;\">Os ministros Alexandre de Moraes e Andr\u00e9 Mendon\u00e7a tamb\u00e9m protagonizaram uma\u00a0<a href=\"https:\/\/www.brasil247.com\/brasil\/moraes-e-mendonca-tiveram-forte-discussao-sobre-mensagens-de-daniel-vorcaro\/\">forte discuss\u00e3o<\/a>\u00a0ap\u00f3s repercuss\u00e3o das dilig\u00eancias da PF no \u00e2mbito das investiga\u00e7\u00f5es envolvendo o Master.<\/p>\n","protected":false},"excerpt":{"rendered":"<p>PGR aponta que investiga\u00e7\u00e3o sobre Moraes foi conduzida sem provoca\u00e7\u00e3o do Minist\u00e9rio P\u00fablico e fora da compet\u00eancia de Mendon\u00e7a A manifesta\u00e7\u00e3o assinada nesta ter\u00e7a-feira (1) pelo procurador-geral da Rep\u00fablica, Paulo Gonet, sustentou que o ministro do Supremo Tribunal Federal Andr\u00e9 Mendon\u00e7a determinou uma investiga\u00e7\u00e3o que acabou mirando outro ministro do STF \u2013 Alexandre de Moraes [&hellip;]<\/p>\n","protected":false},"author":2,"featured_media":130562,"comment_status":"open","ping_status":"open","sticky":false,"template":"","format":"standard","meta":[],"categories":[110,71],"tags":[],"_links":{"self":[{"href":"https:\/\/www.blogdopaulonunes.com\/v5\/index.php\/wp-json\/wp\/v2\/posts\/130561"}],"collection":[{"href":"https:\/\/www.blogdopaulonunes.com\/v5\/index.php\/wp-json\/wp\/v2\/posts"}],"about":[{"href":"https:\/\/www.blogdopaulonunes.com\/v5\/index.php\/wp-json\/wp\/v2\/types\/post"}],"author":[{"embeddable":true,"href":"https:\/\/www.blogdopaulonunes.com\/v5\/index.php\/wp-json\/wp\/v2\/users\/2"}],"replies":[{"embeddable":true,"href":"https:\/\/www.blogdopaulonunes.com\/v5\/index.php\/wp-json\/wp\/v2\/comments?post=130561"}],"version-history":[{"count":1,"href":"https:\/\/www.blogdopaulonunes.com\/v5\/index.php\/wp-json\/wp\/v2\/posts\/130561\/revisions"}],"predecessor-version":[{"id":130563,"href":"https:\/\/www.blogdopaulonunes.com\/v5\/index.php\/wp-json\/wp\/v2\/posts\/130561\/revisions\/130563"}],"wp:featuredmedia":[{"embeddable":true,"href":"https:\/\/www.blogdopaulonunes.com\/v5\/index.php\/wp-json\/wp\/v2\/media\/130562"}],"wp:attachment":[{"href":"https:\/\/www.blogdopaulonunes.com\/v5\/index.php\/wp-json\/wp\/v2\/media?parent=130561"}],"wp:term":[{"taxonomy":"category","embeddable":true,"href":"https:\/\/www.blogdopaulonunes.com\/v5\/index.php\/wp-json\/wp\/v2\/categories?post=130561"},{"taxonomy":"post_tag","embeddable":true,"href":"https:\/\/www.blogdopaulonunes.com\/v5\/index.php\/wp-json\/wp\/v2\/tags?post=130561"}],"curies":[{"name":"wp","href":"https:\/\/api.w.org\/{rel}","templated":true}]}}