{"id":130558,"date":"2026-09-01T21:24:49","date_gmt":"2026-09-02T00:24:49","guid":{"rendered":"https:\/\/www.blogdopaulonunes.com\/v5\/?p=130558"},"modified":"2026-09-01T21:24:49","modified_gmt":"2026-09-02T00:24:49","slug":"pgr-pede-nulidade-de-relatorio-da-pf-que-cita-conversas-entre-vorcaro-e-moraes","status":"publish","type":"post","link":"https:\/\/www.blogdopaulonunes.com\/v5\/index.php\/2026\/09\/01\/pgr-pede-nulidade-de-relatorio-da-pf-que-cita-conversas-entre-vorcaro-e-moraes\/","title":{"rendered":"PGR pede nulidade de relat\u00f3rio da PF que cita conversas entre Vorcaro e Moraes"},"content":{"rendered":"<p style=\"text-align: justify;\"><strong>Paulo Gonet invoca o artigo 3\u00ba-A do CPP, afirmando que &#8220;ao juiz n\u00e3o cabe acusar&#8221; nem realizar investiga\u00e7\u00f5es pr\u00e9-processuais.<\/strong><\/p>\n<p style=\"text-align: justify;\">o procurador-geral da rep\u00fablica, Paulo Gonet, pediu, na noite desta ter\u00e7a-feira (1\u00ba) a nulidade do\u00a0<a href=\"https:\/\/revistaforum.com.br\/politica\/ex-ministro-bolsonaro-interlocutor-vorcaro-moraes\/\">relat\u00f3rio produzido pela Pol\u00edcia Federal<\/a> e que teve o sigilo levantado pelo ministro do Supremo Tribunal Federal (STF) Andr\u00e9 Mendon\u00e7a. O documento cita conversas do ministro Alexandre de Moraes com o ex-banqueiro Daniel Vorcaro.<\/p>\n<p class=\"my-5 break-words group-[.isActiveSource]:text-xl\" style=\"text-align: justify;\">Em seu parecer, Gonet cita o artigo 3\u00ba-A do C\u00f3digo de Processo Penal, apontando que \u201co processo penal ter\u00e1 estrutura acusat\u00f3ria, vedadas a iniciativa do juiz na fase de investiga\u00e7\u00e3o e a substitui\u00e7\u00e3o da atua\u00e7\u00e3o probat\u00f3ria do \u00f3rg\u00e3o de acusa\u00e7\u00e3o\u201d.<\/p>\n<p style=\"text-align: justify;\">\u201cAo juiz n\u00e3o cabe acusar, menos ainda ao juiz cabe realizar investiga\u00e7\u00f5es pr\u00e9-processuais. N\u00e3o lhe \u00e9 dado valer-se da pol\u00edcia judici\u00e1ria como sua\u00a0<em>longa manus<\/em>\u00a0para atividades que n\u00e3o lhe foram assinaladas\u201d, diz ainda o texto da PGR.<\/p>\n<p style=\"text-align: justify;\">Gonet segue em sua avalia\u00e7\u00e3o. \u201cMesmo que, casualmente, fosse encontrado algum ind\u00edcio do que o relator entendesse ser irregularidade de interesse penal, n\u00e3o caberia a ele aprofundar as pesquisas sobre o Colega \u2013 vale dizer, n\u00e3o caberia a ele determinar que se investigassem com mais detimento refer\u00eancias ao Colega. Impunha-se, antes, que, acreditando haver o que merecesse ser investigado, se dirigisse ao Presidente do Tribunal, para que o Plen\u00e1rio pudesse avaliar o acerto da sua impress\u00e3o, concordando ou n\u00e3o com a investiga\u00e7\u00e3o\u201d, pontua o PGR.<\/p>\n<p style=\"text-align: justify;\">O parecer foi enviado a Andr\u00e9 Mendon\u00e7a, relator do Master na Corte, que pediu uma manifesta\u00e7\u00e3o do \u00f3rg\u00e3o a respeito das informa\u00e7\u00f5es encontradas na investiga\u00e7\u00e3o.<\/p>\n","protected":false},"excerpt":{"rendered":"<p>Paulo Gonet invoca o artigo 3\u00ba-A do CPP, afirmando que &#8220;ao juiz n\u00e3o cabe acusar&#8221; nem realizar investiga\u00e7\u00f5es pr\u00e9-processuais. o procurador-geral da rep\u00fablica, Paulo Gonet, pediu, na noite desta ter\u00e7a-feira (1\u00ba) a nulidade do\u00a0relat\u00f3rio produzido pela Pol\u00edcia Federal e que teve o sigilo levantado pelo ministro do Supremo Tribunal Federal (STF) Andr\u00e9 Mendon\u00e7a. O documento [&hellip;]<\/p>\n","protected":false},"author":2,"featured_media":130559,"comment_status":"open","ping_status":"open","sticky":false,"template":"","format":"standard","meta":[],"categories":[110,105],"tags":[1543,8790,7791,4819,7743],"_links":{"self":[{"href":"https:\/\/www.blogdopaulonunes.com\/v5\/index.php\/wp-json\/wp\/v2\/posts\/130558"}],"collection":[{"href":"https:\/\/www.blogdopaulonunes.com\/v5\/index.php\/wp-json\/wp\/v2\/posts"}],"about":[{"href":"https:\/\/www.blogdopaulonunes.com\/v5\/index.php\/wp-json\/wp\/v2\/types\/post"}],"author":[{"embeddable":true,"href":"https:\/\/www.blogdopaulonunes.com\/v5\/index.php\/wp-json\/wp\/v2\/users\/2"}],"replies":[{"embeddable":true,"href":"https:\/\/www.blogdopaulonunes.com\/v5\/index.php\/wp-json\/wp\/v2\/comments?post=130558"}],"version-history":[{"count":1,"href":"https:\/\/www.blogdopaulonunes.com\/v5\/index.php\/wp-json\/wp\/v2\/posts\/130558\/revisions"}],"predecessor-version":[{"id":130560,"href":"https:\/\/www.blogdopaulonunes.com\/v5\/index.php\/wp-json\/wp\/v2\/posts\/130558\/revisions\/130560"}],"wp:featuredmedia":[{"embeddable":true,"href":"https:\/\/www.blogdopaulonunes.com\/v5\/index.php\/wp-json\/wp\/v2\/media\/130559"}],"wp:attachment":[{"href":"https:\/\/www.blogdopaulonunes.com\/v5\/index.php\/wp-json\/wp\/v2\/media?parent=130558"}],"wp:term":[{"taxonomy":"category","embeddable":true,"href":"https:\/\/www.blogdopaulonunes.com\/v5\/index.php\/wp-json\/wp\/v2\/categories?post=130558"},{"taxonomy":"post_tag","embeddable":true,"href":"https:\/\/www.blogdopaulonunes.com\/v5\/index.php\/wp-json\/wp\/v2\/tags?post=130558"}],"curies":[{"name":"wp","href":"https:\/\/api.w.org\/{rel}","templated":true}]}}