{"id":130549,"date":"2026-08-31T14:36:05","date_gmt":"2026-08-31T17:36:05","guid":{"rendered":"https:\/\/www.blogdopaulonunes.com\/v5\/?p=130549"},"modified":"2026-08-31T14:48:06","modified_gmt":"2026-08-31T17:48:06","slug":"os-numeros-de-lula-e-flavio-nos-estados-segundo-a-quaest","status":"publish","type":"post","link":"https:\/\/www.blogdopaulonunes.com\/v5\/index.php\/2026\/08\/31\/os-numeros-de-lula-e-flavio-nos-estados-segundo-a-quaest\/","title":{"rendered":"Os n\u00fameros de Lula e Fl\u00e1vio nos estados, segundo a Quaest"},"content":{"rendered":"<p><strong>Presidente lidera nos estados do Nordeste e no Tocantins. Senador aparece \u00e0 frente no Sul e Centro-Oeste<\/strong><\/p>\n<p style=\"text-align: justify;\">A Quaest divulgou nesta semana os n\u00fameros da disputa presidencial em 25 unidades federativas. As entrevistas aconteceram foram encomendadas pela Globo e suas afiliadas nos estados.<\/p>\n<p style=\"text-align: justify;\">Luiz In\u00e1cio Lula da Silva (PT) lidera com folga nos estados do Nordeste que aparecem na pesquisa. O candidato \u00e0 reelei\u00e7\u00e3o tamb\u00e9m aparece na frente no Tocantins. Na outra ponta, Fl\u00e1vio Bolsonaro (PL) lidera em Rond\u00f4nia, Santa Catarina, Paran\u00e1 e Mato Grosso.<\/p>\n<p style=\"text-align: justify;\">Em um conjunto de estados que inclui a maioria dos principais col\u00e9gios eleitorais do Brasil, os dois candidatos aparecem empatados dentro da margem de erro. Na lista, est\u00e3o S\u00e3o Paulo, Rio de Janeiro, Minas Gerais e Rio Grande do Sul.<\/p>\n<p><img loading=\"lazy\" class=\"alignnone size-full wp-image-130554\" src=\"https:\/\/www.blogdopaulonunes.com\/v5\/wp-content\/uploads\/2026\/08\/1-p.png\" alt=\"\" width=\"894\" height=\"545\" \/><\/p>\n<p>&nbsp;<\/p>\n<p><img loading=\"lazy\" class=\"alignnone size-full wp-image-130555\" src=\"https:\/\/www.blogdopaulonunes.com\/v5\/wp-content\/uploads\/2026\/08\/2p.png\" alt=\"\" width=\"918\" height=\"573\" srcset=\"https:\/\/www.blogdopaulonunes.com\/v5\/wp-content\/uploads\/2026\/08\/2p.png 918w, https:\/\/www.blogdopaulonunes.com\/v5\/wp-content\/uploads\/2026\/08\/2p-136x86.png 136w\" sizes=\"(max-width: 918px) 100vw, 918px\" \/><\/p>\n<p><img loading=\"lazy\" class=\"alignnone size-full wp-image-130556\" src=\"https:\/\/www.blogdopaulonunes.com\/v5\/wp-content\/uploads\/2026\/08\/P3.png\" alt=\"\" width=\"624\" height=\"277\" \/><\/p>\n<p style=\"text-align: justify;\">Os registros das pesquisas s\u00e3o: Acre (BR-07015\/2026), Alagoas (BR-09091\/2026), Amap\u00e1 (BR-08827\/2026), Amazonas (BR-06252\/2026), Bahia (BR-08870\/2026), Distrito Federal (BR-02403\/2026), Esp\u00edrito Santo (BR-06255\/2026), Goi\u00e1s (BR-07810\/2026), Maranh\u00e3o (BR-01389\/2026), Mato Grosso (BR-00817\/2026), Mato Grosso do Sul (BR-04312\/2026), Minas Gerais (BR-09818\/2026), Par\u00e1 (BR-05309\/2026), Para\u00edba (BR-00699\/2026), Paran\u00e1 (BR-03761\/2026), Pernambuco (BR-04281\/2026), Rio de Janeiro (BR-09895\/2026), R<\/p>\n<p>&nbsp;<\/p>\n","protected":false},"excerpt":{"rendered":"<p>Presidente lidera nos estados do Nordeste e no Tocantins. Senador aparece \u00e0 frente no Sul e Centro-Oeste A Quaest divulgou nesta semana os n\u00fameros da disputa presidencial em 25 unidades federativas. As entrevistas aconteceram foram encomendadas pela Globo e suas afiliadas nos estados. Luiz In\u00e1cio Lula da Silva (PT) lidera com folga nos estados do [&hellip;]<\/p>\n","protected":false},"author":2,"featured_media":130475,"comment_status":"open","ping_status":"open","sticky":false,"template":"","format":"standard","meta":[],"categories":[7196,105],"tags":[702,8789],"_links":{"self":[{"href":"https:\/\/www.blogdopaulonunes.com\/v5\/index.php\/wp-json\/wp\/v2\/posts\/130549"}],"collection":[{"href":"https:\/\/www.blogdopaulonunes.com\/v5\/index.php\/wp-json\/wp\/v2\/posts"}],"about":[{"href":"https:\/\/www.blogdopaulonunes.com\/v5\/index.php\/wp-json\/wp\/v2\/types\/post"}],"author":[{"embeddable":true,"href":"https:\/\/www.blogdopaulonunes.com\/v5\/index.php\/wp-json\/wp\/v2\/users\/2"}],"replies":[{"embeddable":true,"href":"https:\/\/www.blogdopaulonunes.com\/v5\/index.php\/wp-json\/wp\/v2\/comments?post=130549"}],"version-history":[{"count":4,"href":"https:\/\/www.blogdopaulonunes.com\/v5\/index.php\/wp-json\/wp\/v2\/posts\/130549\/revisions"}],"predecessor-version":[{"id":130557,"href":"https:\/\/www.blogdopaulonunes.com\/v5\/index.php\/wp-json\/wp\/v2\/posts\/130549\/revisions\/130557"}],"wp:featuredmedia":[{"embeddable":true,"href":"https:\/\/www.blogdopaulonunes.com\/v5\/index.php\/wp-json\/wp\/v2\/media\/130475"}],"wp:attachment":[{"href":"https:\/\/www.blogdopaulonunes.com\/v5\/index.php\/wp-json\/wp\/v2\/media?parent=130549"}],"wp:term":[{"taxonomy":"category","embeddable":true,"href":"https:\/\/www.blogdopaulonunes.com\/v5\/index.php\/wp-json\/wp\/v2\/categories?post=130549"},{"taxonomy":"post_tag","embeddable":true,"href":"https:\/\/www.blogdopaulonunes.com\/v5\/index.php\/wp-json\/wp\/v2\/tags?post=130549"}],"curies":[{"name":"wp","href":"https:\/\/api.w.org\/{rel}","templated":true}]}}