{"id":130546,"date":"2026-08-31T13:59:57","date_gmt":"2026-08-31T16:59:57","guid":{"rendered":"https:\/\/www.blogdopaulonunes.com\/v5\/?p=130546"},"modified":"2026-08-31T13:59:57","modified_gmt":"2026-08-31T16:59:57","slug":"tse-manda-suspender-propaganda-de-lula-contra-flavio-bolsonaro-sobre-curriculo-do-candidato","status":"publish","type":"post","link":"https:\/\/www.blogdopaulonunes.com\/v5\/index.php\/2026\/08\/31\/tse-manda-suspender-propaganda-de-lula-contra-flavio-bolsonaro-sobre-curriculo-do-candidato\/","title":{"rendered":"TSE manda suspender propaganda de Lula contra Fl\u00e1vio Bolsonaro sobre \u201ccurr\u00edculo\u201d do candidato"},"content":{"rendered":"<p style=\"text-align: justify;\">A ministra Estela Aranha, do Tribunal Superior Eleitoral (TSE), determinou, em decis\u00e3o liminar, a suspens\u00e3o de uma inser\u00e7\u00e3o da propaganda eleitoral do presidente Luiz In\u00e1cio Lula da Silva (PT) que fazia cr\u00edticas ao candidato \u00e0 Presid\u00eancia Fl\u00e1vio Bolsonaro (PL). A decis\u00e3o atende a um pedido de direito de resposta apresentado pelo senador e vale at\u00e9 o julgamento do m\u00e9rito da a\u00e7\u00e3o.<\/p>\n<p style=\"text-align: justify;\">A propaganda, intitulada &#8220;Curr\u00edculo de Fl\u00e1vio Bolsonaro&#8221;, afirmava que o candidato teria sido &#8220;funcion\u00e1rio fantasma&#8221;, &#8220;denunciado por lavagem de dinheiro e organiza\u00e7\u00e3o criminosa no esc\u00e2ndalo da rachadinha&#8221;, homenageado um l\u00edder de grupo de exterm\u00ednio no Rio de Janeiro e sido &#8220;flagrado pela Pol\u00edcia Federal pedindo R$ 134 milh\u00f5es no esc\u00e2ndalo do Banco Master&#8221;.<\/p>\n<p style=\"text-align: justify;\">A pe\u00e7a chegou a ser divulgada pelo secret\u00e1rio nacional de Comunica\u00e7\u00e3o do PT, \u00c9den Valadares, ex-presidente do partido na Bahia, e foi apagada da rede social X com base na senten\u00e7a. &#8220;A nosso ver, n\u00e3o \u00e9 quest\u00e3o de atribuir culpa antecipada ou divulgar informa\u00e7\u00f5es falsas, mas sim de dar o devido nome aos fatos: tratar denunciados e investigados de acordo com sua real condi\u00e7\u00e3o jur\u00eddica \u00e9 um compromisso com a transpar\u00eancia&#8221;, declarou o dirigente.<\/p>\n<p style=\"text-align: justify;\">Na decis\u00e3o, a ministra entendeu que, em uma an\u00e1lise preliminar, a pe\u00e7a publicit\u00e1ria extrapola os limites da cr\u00edtica pol\u00edtica ao construir uma narrativa que associa o candidato a organiza\u00e7\u00f5es criminosas por meio de informa\u00e7\u00f5es consideradas descontextualizadas e sem o devido respaldo f\u00e1tico apresentado na propaganda. Segundo ela, embora fatos da vida p\u00fablica possam ser utilizados em campanhas eleitorais, a forma como foram exibidos tem potencial para induzir o eleitor a erro.<\/p>\n<p style=\"text-align: justify;\">Estela Aranha destacou ainda que a propaganda utilizava a imagem de um suposto curr\u00edculo profissional de Fl\u00e1vio Bolsonaro, conferindo apar\u00eancia documental \u00e0s acusa\u00e7\u00f5es. Para a relatora, a combina\u00e7\u00e3o entre texto, imagens e narra\u00e7\u00e3o refor\u00e7a o potencial lesivo da pe\u00e7a ao transmitir ao eleitorado uma percep\u00e7\u00e3o incompat\u00edvel com a situa\u00e7\u00e3o jur\u00eddica atual do candidato.<\/p>\n<p style=\"text-align: justify;\">A magistrada tamb\u00e9m ressaltou que a den\u00fancia relacionada ao caso da chamada &#8220;rachadinha&#8221; foi posteriormente arquivada, raz\u00e3o pela qual a propaganda poderia levar o eleitor a acreditar que Fl\u00e1vio Bolsonaro ainda responde atualmente \u00e0s acusa\u00e7\u00f5es. A decis\u00e3o observa que a Justi\u00e7a Eleitoral n\u00e3o pretende impedir cr\u00edticas pol\u00edticas, mas considera irregular a utiliza\u00e7\u00e3o de informa\u00e7\u00f5es falsas, imprecisas ou gravemente descontextualizadas para influenciar a vontade do eleitor.<\/p>\n<p style=\"text-align: justify;\">Com a decis\u00e3o, a propaganda fica suspensa imediatamente, e a coliga\u00e7\u00e3o &#8220;Brasil Pronto Pra Mais&#8221; e o presidente Lula ficam proibidos de realizar novas exibi\u00e7\u00f5es da inser\u00e7\u00e3o at\u00e9 o julgamento definitivo do pedido de direito de resposta. A ministra determinou ainda a comunica\u00e7\u00e3o imediata ao pool de emissoras de televis\u00e3o para o cumprimento da medida.<\/p>\n","protected":false},"excerpt":{"rendered":"<p>A ministra Estela Aranha, do Tribunal Superior Eleitoral (TSE), determinou, em decis\u00e3o liminar, a suspens\u00e3o de uma inser\u00e7\u00e3o da propaganda eleitoral do presidente Luiz In\u00e1cio Lula da Silva (PT) que fazia cr\u00edticas ao candidato \u00e0 Presid\u00eancia Fl\u00e1vio Bolsonaro (PL). A decis\u00e3o atende a um pedido de direito de resposta apresentado pelo senador e vale at\u00e9 [&hellip;]<\/p>\n","protected":false},"author":2,"featured_media":130547,"comment_status":"open","ping_status":"open","sticky":false,"template":"","format":"standard","meta":[],"categories":[6039,105],"tags":[8788],"_links":{"self":[{"href":"https:\/\/www.blogdopaulonunes.com\/v5\/index.php\/wp-json\/wp\/v2\/posts\/130546"}],"collection":[{"href":"https:\/\/www.blogdopaulonunes.com\/v5\/index.php\/wp-json\/wp\/v2\/posts"}],"about":[{"href":"https:\/\/www.blogdopaulonunes.com\/v5\/index.php\/wp-json\/wp\/v2\/types\/post"}],"author":[{"embeddable":true,"href":"https:\/\/www.blogdopaulonunes.com\/v5\/index.php\/wp-json\/wp\/v2\/users\/2"}],"replies":[{"embeddable":true,"href":"https:\/\/www.blogdopaulonunes.com\/v5\/index.php\/wp-json\/wp\/v2\/comments?post=130546"}],"version-history":[{"count":1,"href":"https:\/\/www.blogdopaulonunes.com\/v5\/index.php\/wp-json\/wp\/v2\/posts\/130546\/revisions"}],"predecessor-version":[{"id":130548,"href":"https:\/\/www.blogdopaulonunes.com\/v5\/index.php\/wp-json\/wp\/v2\/posts\/130546\/revisions\/130548"}],"wp:featuredmedia":[{"embeddable":true,"href":"https:\/\/www.blogdopaulonunes.com\/v5\/index.php\/wp-json\/wp\/v2\/media\/130547"}],"wp:attachment":[{"href":"https:\/\/www.blogdopaulonunes.com\/v5\/index.php\/wp-json\/wp\/v2\/media?parent=130546"}],"wp:term":[{"taxonomy":"category","embeddable":true,"href":"https:\/\/www.blogdopaulonunes.com\/v5\/index.php\/wp-json\/wp\/v2\/categories?post=130546"},{"taxonomy":"post_tag","embeddable":true,"href":"https:\/\/www.blogdopaulonunes.com\/v5\/index.php\/wp-json\/wp\/v2\/tags?post=130546"}],"curies":[{"name":"wp","href":"https:\/\/api.w.org\/{rel}","templated":true}]}}