{"id":130543,"date":"2026-08-31T13:37:12","date_gmt":"2026-08-31T16:37:12","guid":{"rendered":"https:\/\/www.blogdopaulonunes.com\/v5\/?p=130543"},"modified":"2026-08-31T13:37:12","modified_gmt":"2026-08-31T16:37:12","slug":"cerimedo-como-acao-no-stf-pode-conectar-live-do-golpe-em-2022-a-suposta-granja-de-bots-para-flavio-bolsonaro","status":"publish","type":"post","link":"https:\/\/www.blogdopaulonunes.com\/v5\/index.php\/2026\/08\/31\/cerimedo-como-acao-no-stf-pode-conectar-live-do-golpe-em-2022-a-suposta-granja-de-bots-para-flavio-bolsonaro\/","title":{"rendered":"Cerimedo: como a\u00e7\u00e3o no STF pode conectar live do golpe, em 2022, \u00e0 suposta \u201cgranja de bots\u201d para Fl\u00e1vio Bolsonaro"},"content":{"rendered":"<p style=\"text-align: justify;\"><strong>Not\u00edcia de Fato Superveniente, apresentada a Alexandre de Moraes, requer busca de dados de celulares e equipamentos apreendidos na Bol\u00edvia e mira poss\u00edveis conex\u00f5es de Cerimedo com a campanha de Fl\u00e1vio Bolsonaro no Brasil. Veja \u00edntegra.<\/strong><\/p>\n<p style=\"text-align: justify;\">A pris\u00e3o de Fernando Andr\u00e9s Cerimedo na Bol\u00edvia abriu uma nova frente de investiga\u00e7\u00e3o que pode voltar ao epis\u00f3dio mais conhecido envolvendo o argentino no Brasil: a live de novembro de 2022 em que ele apresentou um suposto dossi\u00ea para tentar sustentar a tese, j\u00e1 desmentida, de fraude nas urnas eletr\u00f4nicas brasileiras.<\/p>\n<p style=\"text-align: justify;\">Agora, um pedido apresentado ao ministro Alexandre de Moraes, do Supremo Tribunal Federal (STF), tenta fazer a ponte entre aquela opera\u00e7\u00e3o e o atual processo eleitoral brasileiro. A chamada \u201cNot\u00edcia de Fato Superveniente\u201d, protocolada em 24 de agosto pelo deputado federal Rui Falc\u00e3o (PT-SP), pede coopera\u00e7\u00e3o jur\u00eddica com a Bol\u00edvia para preservar e compartilhar dados dos equipamentos apreendidos com Cerimedo.<\/p>\n<p style=\"text-align: justify;\">Entre eles est\u00e1 uma estrutura que o Minist\u00e9rio P\u00fablico boliviano descreveu publicamente como uma \u201cgranja de bots\u201d, classifica\u00e7\u00e3o usada por autoridades bolivianas para classificar a estrutura para disparo em massa de mensagens e publica\u00e7\u00f5es em redes sociais. A estrat\u00e9gia \u00e9 usada pela ultradireita transnacional para propagar discurso de \u00f3dio e fake News. A a\u00e7\u00e3o foi importada para o Brasil pelo cl\u00e3 do ex-presidente, que tinha o filho \u201c02\u201d, Carlos Bolsonaro (PL), como comandante do chamado Gabinete do \u00d3dio.<\/p>\n<blockquote data-rocket-lazy-bg-113feb87-6123-4c19-9c5c-a06ff437b3e9=\"loaded\">\n<p style=\"text-align: justify;\">No documento, Rui Falc\u00e3o pede que \u201cseja apurado se a estrutura de contas automatizadas apreendida na Bol\u00edvia foi utilizada ou estava sendo preparada para interferir no processo eleitoral\u00a0<em>brasileiro<\/em>\u00a0de 2026, mediante dissemina\u00e7\u00e3o de desinforma\u00e7\u00e3o, amplifica\u00e7\u00e3o artificial de conte\u00fado, ataques ao sistema eletr\u00f4nico de vota\u00e7\u00e3o ou favorecimento e desfavorecimento de candidaturas\u201d.<\/p>\n<\/blockquote>\n<p style=\"text-align: justify;\">O deputado ainda solicita que \u201cseja especificamente investigada a exist\u00eancia de pagamentos, contratos, propostas comerciais ou outras formas de remunera\u00e7\u00e3o provenientes de pessoas f\u00edsicas, pessoas jur\u00eddicas, partidos pol\u00edticos, candidaturas ou intermedi\u00e1rios brasileiros, relacionados \u00e0 presta\u00e7\u00e3o de servi\u00e7os de comunica\u00e7\u00e3o, propaganda ou opera\u00e7\u00e3o digital por Fernando Andr\u00e9s Cerimedo\u201d.<\/p>\n<p style=\"text-align: justify;\">A Not\u00edcia de Fato ainda solicita que \u201ca Pol\u00edcia Federal, recebidas as provas, promova o cruzamento t\u00e9cnico com os elementos j\u00e1 existentes na investiga\u00e7\u00e3o relativa a 2022\u201d. E \u00e9 a\u00ed que a hist\u00f3ria de Cerimedo volta a se encontrar com a trama golpista que levou Jair Bolsonaro a ser condenado a 27 anos e 3 meses de pris\u00e3o.<\/p>\n<picture class=\"aligncenter size-full wp-image-394920\" title=\"Cerimedo: como a\u00e7\u00e3o no STF pode conectar live do golpe, em 2022, \u00e0 suposta \u201cgranja de bots\u201d para Fl\u00e1vio Bolsonaro 1\"><source srcset=\"https:\/\/revistaforum.com.br\/wp-content\/uploads\/2026\/08\/ChatGPT-Image-27-de-ago.-de-2026-11_52_41.png.webp 1774w, https:\/\/revistaforum.com.br\/wp-content\/uploads\/2026\/08\/ChatGPT-Image-27-de-ago.-de-2026-11_52_41-300x150.png.webp 300w, https:\/\/revistaforum.com.br\/wp-content\/uploads\/2026\/08\/ChatGPT-Image-27-de-ago.-de-2026-11_52_41-1024x512.png.webp 1024w, https:\/\/revistaforum.com.br\/wp-content\/uploads\/2026\/08\/ChatGPT-Image-27-de-ago.-de-2026-11_52_41-768x384.png.webp 768w, https:\/\/revistaforum.com.br\/wp-content\/uploads\/2026\/08\/ChatGPT-Image-27-de-ago.-de-2026-11_52_41-1536x768.png.webp 1536w, https:\/\/revistaforum.com.br\/wp-content\/uploads\/2026\/08\/ChatGPT-Image-27-de-ago.-de-2026-11_52_41-400x200.png.webp 400w\" type=\"image\/webp\" sizes=\"(max-width: 1774px) 100vw, 1774px\" \/><img loading=\"lazy\" src=\"https:\/\/revistaforum.com.br\/wp-content\/uploads\/2026\/08\/ChatGPT-Image-27-de-ago.-de-2026-11_52_41.png\" sizes=\"(max-width: 1774px) 100vw, 1774px\" srcset=\"https:\/\/revistaforum.com.br\/wp-content\/uploads\/2026\/08\/ChatGPT-Image-27-de-ago.-de-2026-11_52_41.png 1774w, https:\/\/revistaforum.com.br\/wp-content\/uploads\/2026\/08\/ChatGPT-Image-27-de-ago.-de-2026-11_52_41-300x150.png 300w, https:\/\/revistaforum.com.br\/wp-content\/uploads\/2026\/08\/ChatGPT-Image-27-de-ago.-de-2026-11_52_41-1024x512.png 1024w, https:\/\/revistaforum.com.br\/wp-content\/uploads\/2026\/08\/ChatGPT-Image-27-de-ago.-de-2026-11_52_41-768x384.png 768w, https:\/\/revistaforum.com.br\/wp-content\/uploads\/2026\/08\/ChatGPT-Image-27-de-ago.-de-2026-11_52_41-1536x768.png 1536w, https:\/\/revistaforum.com.br\/wp-content\/uploads\/2026\/08\/ChatGPT-Image-27-de-ago.-de-2026-11_52_41-400x200.png 400w\" alt=\"ChatGPT Image 27 de ago. de 2026 11 52 41\" width=\"1774\" height=\"887\" \/><\/picture>\n<h2>A live que colocou Cerimedo no radar da PF<\/h2>\n<p style=\"text-align: justify;\">Em 4 de novembro de 2022, poucos dias depois do segundo turno da elei\u00e7\u00e3o presidencial, Cerimedo fez uma transmiss\u00e3o ao vivo na qual apresentou um suposto dossi\u00ea destinado a sustentar a exist\u00eancia de fraude nas urnas eletr\u00f4nicas brasileiras. O material teve ampla repercuss\u00e3o no Brasil e no exterior.<\/p>\n<p style=\"text-align: justify;\">A investiga\u00e7\u00e3o brasileira posteriormente encontrou elementos que apontaram para uma participa\u00e7\u00e3o mais pr\u00f3xima de integrantes da estrutura que atuava em torno do ent\u00e3o presidente Jair Bolsonaro.<\/p>\n<div id=\"attachment_394928\" class=\"wp-caption aligncenter\"><img loading=\"lazy\" class=\"size-full wp-image-394928\" title=\"Cerimedo: como a\u00e7\u00e3o no STF pode conectar live do golpe, em 2022, \u00e0 suposta \u201cgranja de bots\u201d para Fl\u00e1vio Bolsonaro 2\" src=\"https:\/\/revistaforum.com.br\/wp-content\/uploads\/2026\/08\/WhatsApp-Image-2022-11-04-at-19.03.33.webp\" sizes=\"(max-width: 1080px) 100vw, 1080px\" srcset=\"https:\/\/revistaforum.com.br\/wp-content\/uploads\/2026\/08\/WhatsApp-Image-2022-11-04-at-19.03.33.webp 1080w, https:\/\/revistaforum.com.br\/wp-content\/uploads\/2026\/08\/WhatsApp-Image-2022-11-04-at-19.03.33-300x184.webp 300w, https:\/\/revistaforum.com.br\/wp-content\/uploads\/2026\/08\/WhatsApp-Image-2022-11-04-at-19.03.33-1024x628.webp 1024w, https:\/\/revistaforum.com.br\/wp-content\/uploads\/2026\/08\/WhatsApp-Image-2022-11-04-at-19.03.33-768x471.webp 768w, https:\/\/revistaforum.com.br\/wp-content\/uploads\/2026\/08\/WhatsApp-Image-2022-11-04-at-19.03.33-400x245.webp 400w\" alt=\"Cerimedo na live atacando o sistema eleitoral brasileiro em 2022 \" width=\"1080\" height=\"662\" aria-describedby=\"caption-attachment-394928\" \/><\/p>\n<p id=\"caption-attachment-394928\" class=\"wp-caption-text\">Cerimedo na live atacando o sistema eleitoral brasileiro em 2022 (Reprodu\u00e7\u00e3o de v\u00eddeo)<\/p>\n<\/div>\n<p style=\"text-align: justify;\">Segundo a pe\u00e7a apresentada ao STF, a den\u00fancia da Procuradoria-Geral da Rep\u00fablica registrou que a organiza\u00e7\u00e3o criminosa havia preparado materiais para divulga\u00e7\u00e3o por Cerimedo, com o objetivo de manter a narrativa de fraude e enfraquecer a legitimidade do processo eleitoral.<\/p>\n<p style=\"text-align: justify;\">Al\u00e9m disso, a PGR apontou que dados extra\u00eddos do celular do tenente-coronel Mauro Cid, ex-ajudante de ordens de Bolsonaro e delator do esquema, mostraram que ele procurou o telefone de Cerimedo por meio do ent\u00e3o major Angelo Martins Denicoli. Em colabora\u00e7\u00e3o premiada, Cid teria confirmado a liga\u00e7\u00e3o entre Denicoli e Cerimedo e relatado que o grupo interessado em supostas fraudes nas urnas mantinha comunica\u00e7\u00e3o com o argentino.<\/p>\n<p style=\"text-align: justify;\">O material apresentado na live tamb\u00e9m n\u00e3o teria surgido simplesmente das m\u00e3os de Cerimedo. Segundo a pe\u00e7a, integrantes do grupo editaram a apresenta\u00e7\u00e3o e produziram novos conte\u00fados a partir dela para ampliar e diversificar a propaga\u00e7\u00e3o da tese de fraude.<\/p>\n<h2>A lacuna deixada pela PGR<\/h2>\n<p style=\"text-align: justify;\">Cerimedo foi indiciado pela PF em 2024, mas n\u00e3o entrou na den\u00fancia apresentada pelo Procurador-Geral da Rep\u00fablica, Paulo Gonet, no processo da trama golpista.<\/p>\n<p style=\"text-align: justify;\">A raz\u00e3o apontada pela PGR foi justamente uma lacuna que os novos dados apreendidos na Bol\u00edvia podem ajudar a preencher: embora estivesse comprovada a divulga\u00e7\u00e3o de conte\u00fados falsos, ainda n\u00e3o havia elementos suficientes para determinar se Cerimedo era apenas um vetor de propaga\u00e7\u00e3o ou se tinha conhecimento e dom\u00ednio sobre o projeto criminoso.<\/p>\n<p style=\"text-align: justify;\">Suas condutas foram, por isso, remetidas para processos apartados da a\u00e7\u00e3o que condenu Bolsonaro.<\/p>\n<p style=\"text-align: justify;\">Agora, a Not\u00edcia de Fato apresentada pede para que a PF fa\u00e7a o cruzamento dos equipamentos apreendidos na Bol\u00edvia com os dados j\u00e1 obtidos pela investiga\u00e7\u00e3o em 2022, inclusive os extra\u00eddos dos aparelhos de Mauro Cid. A inten\u00e7\u00e3o \u00e9 identificar conversas, arquivos, hor\u00e1rios, operadores e eventuais conex\u00f5es que permitam reconstruir a cadeia de comunica\u00e7\u00e3o de Cerimedo.<\/p>\n<h2>Da fraude de 2022 \u00e0 elei\u00e7\u00e3o de 2026<\/h2>\n<p style=\"text-align: justify;\">O novo elemento \u00e9 que Cerimedo voltou a aparecer em discuss\u00f5es sobre as urnas brasileiras em 2026. Em 23 de julho, ele participou de uma transmiss\u00e3o com Eduardo Bolsonaro, na qual voltou a questionar a confiabilidade do sistema eleitoral.<\/p>\n<p style=\"text-align: justify;\">Menos de um m\u00eas depois, em 18 de agosto, foi preso na Bol\u00edvia. Durante as buscas realizadas pelas autoridades locais, foram apreendidos celulares, computadores, documentos, dinheiro e equipamentos que, segundo o Minist\u00e9rio P\u00fablico boliviano, formariam uma esp\u00e9cie de \u201cgranja de bots\u201d.<\/p>\n<p style=\"text-align: justify;\">A propaganda eleitoral brasileira havia come\u00e7ado dois dias antes.<\/p>\n<p style=\"text-align: justify;\">A coincid\u00eancia levou os autores da peti\u00e7\u00e3o a pedir uma per\u00edcia espec\u00edfica para verificar se a estrutura tinha alguma rela\u00e7\u00e3o com o processo eleitoral brasileiro.<\/p>\n<h2>Fl\u00e1vio Bolsonaro entra no alvo da per\u00edcia<\/h2>\n<p style=\"text-align: justify;\">A pe\u00e7a apresentada a Moraes peque para que seja investigado se a suposta \u201cgranja de bots\u201d seria usada na campanha de Fl\u00e1vio Bolsonaro.<\/p>\n<p style=\"text-align: justify;\">Entre os termos que dever\u00e3o ser procurados nos equipamentos est\u00e3o os nomes de Fl\u00e1vio e Eduardo Bolsonaro, al\u00e9m de contratos, pagamentos, comunica\u00e7\u00f5es com campanhas brasileiras, bancos de conte\u00fado, contas brasileiras, publica\u00e7\u00f5es em portugu\u00eas e ferramentas de automa\u00e7\u00e3o.<\/p>\n<p style=\"text-align: justify;\">O pedido tamb\u00e9m mira a movimenta\u00e7\u00e3o financeira: a PF deve procurar ind\u00edcios de pagamentos, contratos ou propostas comerciais feitos por pessoas, empresas, partidos, candidaturas ou intermedi\u00e1rios brasileiros para servi\u00e7os de comunica\u00e7\u00e3o, propaganda ou opera\u00e7\u00e3o digital.<\/p>\n<p style=\"text-align: justify;\">Caso sejam encontrados registros que liguem Cerimedo a uma campanha brasileira, a investiga\u00e7\u00e3o poder\u00e1 estabelecer quem o contratou, quais servi\u00e7os foram prestados, quem operava a estrutura e quem financiava a opera\u00e7\u00e3o.<\/p>\n<h2>A ponte entre os dois epis\u00f3dios<\/h2>\n<p style=\"text-align: justify;\">A iniciativa apresentada ao STF tenta, na pr\u00e1tica, recuperar a ponta que ficou aberta na investiga\u00e7\u00e3o de 2022.<\/p>\n<p style=\"text-align: justify;\">De um lado est\u00e1 o Cerimedo que, em 4 de novembro de 2022, apresentou a falsa tese de fraude nas urnas e voltou a propag\u00e1-la em dezembro.<\/p>\n<p style=\"text-align: justify;\">De outro, est\u00e1 o Cerimedo de 2026, novamente discutindo o sistema eleitoral brasileiro ao lado de Eduardo Bolsonaro e, semanas depois, preso na Bol\u00edvia com equipamentos que autoridades locais descrevem como uma estrutura de automa\u00e7\u00e3o de redes.<\/p>\n<p style=\"text-align: justify;\">O STF agora poder\u00e1 tentar descobrir se existe uma conex\u00e3o documental entre esses dois momentos.<\/p>\n<p style=\"text-align: justify;\">Quatro anos depois da live que ajudou a alimentar a ofensiva golpista contra o resultado eleitoral de 2022, os aparelhos apreendidos na Bol\u00edvia podem fornecer os elementos que faltaram para esclarecer qual era, de fato, o papel de Cerimedo naquela opera\u00e7\u00e3o \u2014 e se sua atua\u00e7\u00e3o voltou a mirar as elei\u00e7\u00f5es brasileiras em 2026.<\/p>\n<p>&nbsp;<\/p>\n<p>&nbsp;<\/p>\n","protected":false},"excerpt":{"rendered":"<p>Not\u00edcia de Fato Superveniente, apresentada a Alexandre de Moraes, requer busca de dados de celulares e equipamentos apreendidos na Bol\u00edvia e mira poss\u00edveis conex\u00f5es de Cerimedo com a campanha de Fl\u00e1vio Bolsonaro no Brasil. Veja \u00edntegra. A pris\u00e3o de Fernando Andr\u00e9s Cerimedo na Bol\u00edvia abriu uma nova frente de investiga\u00e7\u00e3o que pode voltar ao epis\u00f3dio [&hellip;]<\/p>\n","protected":false},"author":2,"featured_media":130544,"comment_status":"open","ping_status":"open","sticky":false,"template":"","format":"standard","meta":[],"categories":[94,72],"tags":[8786,8787,7598,198],"_links":{"self":[{"href":"https:\/\/www.blogdopaulonunes.com\/v5\/index.php\/wp-json\/wp\/v2\/posts\/130543"}],"collection":[{"href":"https:\/\/www.blogdopaulonunes.com\/v5\/index.php\/wp-json\/wp\/v2\/posts"}],"about":[{"href":"https:\/\/www.blogdopaulonunes.com\/v5\/index.php\/wp-json\/wp\/v2\/types\/post"}],"author":[{"embeddable":true,"href":"https:\/\/www.blogdopaulonunes.com\/v5\/index.php\/wp-json\/wp\/v2\/users\/2"}],"replies":[{"embeddable":true,"href":"https:\/\/www.blogdopaulonunes.com\/v5\/index.php\/wp-json\/wp\/v2\/comments?post=130543"}],"version-history":[{"count":1,"href":"https:\/\/www.blogdopaulonunes.com\/v5\/index.php\/wp-json\/wp\/v2\/posts\/130543\/revisions"}],"predecessor-version":[{"id":130545,"href":"https:\/\/www.blogdopaulonunes.com\/v5\/index.php\/wp-json\/wp\/v2\/posts\/130543\/revisions\/130545"}],"wp:featuredmedia":[{"embeddable":true,"href":"https:\/\/www.blogdopaulonunes.com\/v5\/index.php\/wp-json\/wp\/v2\/media\/130544"}],"wp:attachment":[{"href":"https:\/\/www.blogdopaulonunes.com\/v5\/index.php\/wp-json\/wp\/v2\/media?parent=130543"}],"wp:term":[{"taxonomy":"category","embeddable":true,"href":"https:\/\/www.blogdopaulonunes.com\/v5\/index.php\/wp-json\/wp\/v2\/categories?post=130543"},{"taxonomy":"post_tag","embeddable":true,"href":"https:\/\/www.blogdopaulonunes.com\/v5\/index.php\/wp-json\/wp\/v2\/tags?post=130543"}],"curies":[{"name":"wp","href":"https:\/\/api.w.org\/{rel}","templated":true}]}}