{"id":130539,"date":"2026-08-31T13:24:17","date_gmt":"2026-08-31T16:24:17","guid":{"rendered":"https:\/\/www.blogdopaulonunes.com\/v5\/?p=130539"},"modified":"2026-08-31T13:24:17","modified_gmt":"2026-08-31T16:24:17","slug":"morre-carlos-monforte-um-dos-pioneiros-do-telejornalismo-brasileiro","status":"publish","type":"post","link":"https:\/\/www.blogdopaulonunes.com\/v5\/index.php\/2026\/08\/31\/morre-carlos-monforte-um-dos-pioneiros-do-telejornalismo-brasileiro\/","title":{"rendered":"Morre Carlos Monforte, um dos pioneiros do telejornalismo brasileiro"},"content":{"rendered":"<p style=\"text-align: justify;\"><strong>Natural de Santos, come\u00e7ou a trabalhar no jornal A Tribuna enquanto ainda cursava Jornalismo, mas ganhou proje\u00e7\u00e3o nacional na Globo<\/strong><\/p>\n<figure class=\"s-heading__img\"><picture class=\"attachment-medium_large size-medium_large\"><source srcset=\"https:\/\/revistaforum.com.br\/wp-content\/uploads\/2026\/08\/Carlos-Monforte-768x432.jpg.webp 768w, https:\/\/revistaforum.com.br\/wp-content\/uploads\/2026\/08\/Carlos-Monforte-300x169.jpg.webp 300w, https:\/\/revistaforum.com.br\/wp-content\/uploads\/2026\/08\/Carlos-Monforte-1024x576.jpg.webp 1024w, https:\/\/revistaforum.com.br\/wp-content\/uploads\/2026\/08\/Carlos-Monforte-400x225.jpg.webp 400w, https:\/\/revistaforum.com.br\/wp-content\/uploads\/2026\/08\/Carlos-Monforte.jpg.webp 1280w\" type=\"image\/webp\" sizes=\"(max-width: 768px) 100vw, 768px\" \/><\/picture><\/figure>\n<section id=\"dsoaudio\" class=\"s-content wrapper\">\n<p style=\"text-align: justify;\" data-rm-block-id=\"block-1\">O <a href=\"https:\/\/revistaforum.com.br\/tags\/jornalismo\/\">jornalismo<\/a>\u00a0brasileiro perdeu nesta segunda-feira (21)\u00a0<strong>Carlos Monforte<\/strong>, aos 77 anos. O profissional, que estava em tratamento contra um c\u00e2ncer, construiu uma trajet\u00f3ria de mais de quatro d\u00e9cadas e marcou a televis\u00e3o brasileira especialmente pela atua\u00e7\u00e3o na cobertura pol\u00edtica e pelo trabalho como \u00e2ncora e editor-chefe de\u00a0<strong>telejornais<\/strong>.<\/p>\n<p style=\"text-align: justify;\" data-rm-block-id=\"block-2\">Foi na\u00a0<a href=\"https:\/\/revistaforum.com.br\/tags\/tv-globo\/\">Globo<\/a>\u00a0que Monforte ganhou proje\u00e7\u00e3o nacional. Antes de chegar \u00e0 televis\u00e3o, por\u00e9m, j\u00e1 havia constru\u00eddo carreira no jornalismo impresso. Natural de\u00a0<strong>Santos<\/strong>, come\u00e7ou a trabalhar no\u00a0<strong>jornal\u00a0<em>A Tribuna<\/em><\/strong>\u00a0enquanto ainda cursava Jornalismo. Formou-se em 1972 e posteriormente passou pela\u00a0<strong>Secretaria de Obras do Estado de S\u00e3o Paulo<\/strong>.<\/p>\n<p style=\"text-align: justify;\" data-rm-block-id=\"block-3\">A experi\u00eancia em jornais se ampliou quando ingressou em\u00a0<a href=\"https:\/\/revistaforum.com.br\/tags\/jornal-estado-de-s-paulo\/\"><em>O Estado de S. Paulo<\/em><\/a>, onde atuou como rep\u00f3rter especial entre 1973 e 1978. Nesse intervalo, tamb\u00e9m buscou forma\u00e7\u00e3o fora do pa\u00eds, com cursos de aperfei\u00e7oamento na\u00a0<strong>Universidade de Navarra<\/strong>, na Espanha, e na\u00a0<strong>Funda\u00e7\u00e3o Beauve Marie<\/strong>, na Fran\u00e7a.<\/p>\n<div id=\"entreparrafos3\" data-google-query-id=\"CNmNqICiy5YDFXUoHgAdLWkNNw\">\n<div id=\"google_ads_iframe_\/96014957\/entreparrafos3_0__container__\"><\/div>\n<\/div>\n<h2 data-rm-block-id=\"block-4\"><strong>Da reportagem \u00e0 bancada<\/strong><\/h2>\n<p style=\"text-align: justify;\" data-rm-block-id=\"block-5\">A mudan\u00e7a para a televis\u00e3o aconteceu em 1978, quando Monforte foi chamado para trabalhar na Globo em S\u00e3o Paulo. O in\u00edcio foi dedicado \u00e0 reportagem, com participa\u00e7\u00f5es no\u00a0<strong><em>Jornal Nacional<\/em><\/strong>\u00a0e no\u00a0<strong><em>Fant\u00e1stico<\/em><\/strong>.<\/p>\n<p style=\"text-align: justify;\" data-rm-block-id=\"block-6\">Um dos trabalhos de destaque naquele per\u00edodo foi a cobertura das greves dos metal\u00fargicos do ABC paulista. A adapta\u00e7\u00e3o ao meio televisivo, no entanto, n\u00e3o foi imediata. Anos depois, o pr\u00f3prio jornalista contou que precisou de tempo para dominar as particularidades da nova linguagem.<\/p>\n<p style=\"text-align: justify;\" data-rm-block-id=\"block-7\">\u201cFoi um susto. Eu confesso que tive de passar dois anos para aprender televis\u00e3o\u201d, afirmou, segundo o\u00a0<strong>Mem\u00f3ria Globo<\/strong>.<\/p>\n<p style=\"text-align: justify;\" data-rm-block-id=\"block-8\">A carreira ganhou uma nova dimens\u00e3o em 1982, quando passou a comandar a editoria de Pol\u00edtica do\u00a0<em>Jornal da Globo<\/em>. Tamb\u00e9m assumiu a apresenta\u00e7\u00e3o do\u00a0<strong><em>Bom Dia S\u00e3o Paulo<\/em><\/strong>.<\/p>\n<p style=\"text-align: justify;\" data-rm-block-id=\"block-9\">No ano seguinte, a Globo criou o\u00a0<em>Bom Dia Brasil<\/em>, e Monforte foi escolhido para ocupar uma fun\u00e7\u00e3o que reunia apresenta\u00e7\u00e3o e comando editorial. Durante nove anos, esteve \u00e0 frente do programa, que naquele momento dedicava grande espa\u00e7o \u00e0 pol\u00edtica e \u00e0 economia e promovia entrevistas com representantes do meio empresarial e pol\u00edtico.<\/p>\n<h2 data-rm-block-id=\"block-10\"><strong>Uma nova fun\u00e7\u00e3o para o \u00e2ncora<\/strong><\/h2>\n<p style=\"text-align: justify;\" data-rm-block-id=\"block-11\">Mais do que apresentar as not\u00edcias, Monforte ajudou a estabelecer uma forma de fazer televis\u00e3o na qual o jornalista da bancada tamb\u00e9m participava das decis\u00f5es editoriais.<\/p>\n<p style=\"text-align: justify;\" data-rm-block-id=\"block-12\">Para ele, essa era uma das caracter\u00edsticas que diferenciavam o profissional brasileiro do modelo tradicional norte-americano.<\/p>\n<p style=\"text-align: justify;\" data-rm-block-id=\"block-13\">\u201cNo Brasil, o \u00e2ncora \u00e9 o editor-chefe: ele comanda, diz o que entra no jornal, qual ser\u00e1 a sequ\u00eancia dos blocos\u201d, explicou.<\/p>\n<p style=\"text-align: justify;\" data-rm-block-id=\"block-14\">A rela\u00e7\u00e3o de Monforte com a Globo teve uma interrup\u00e7\u00e3o em 1992. Naquele ano, ele deixou a emissora para estruturar a \u00e1rea de Comunica\u00e7\u00e3o da Confedera\u00e7\u00e3o Nacional da Ind\u00fastria (CNI). Dois anos depois, retornou \u00e0 televis\u00e3o.<\/p>\n<p style=\"text-align: justify;\" data-rm-block-id=\"block-15\">De volta \u00e0 Globo, passou a atuar em Bras\u00edlia como rep\u00f3rter especial. A capital federal se tornou palco de uma parte importante de sua carreira, com cobertura de temas pol\u00edticos e econ\u00f4micos e entrevistas com autoridades, entre elas o ent\u00e3o presidente\u00a0<a href=\"https:\/\/revistaforum.com.br\/tags\/fernando-henrique-cardoso\/\">Fernando Henrique Cardoso<\/a>.<\/p>\n<p style=\"text-align: justify;\" data-rm-block-id=\"block-16\">Tamb\u00e9m acompanhou assuntos que estavam no centro do debate nacional, como as a\u00e7\u00f5es do\u00a0<strong>Movimento dos Trabalhadores Rurais Sem Terra (MST)<\/strong>, a CPI do narcotr\u00e1fico e as discuss\u00f5es em torno do chamado \u201cCusto Brasil\u201d.<\/p>\n<h2 style=\"text-align: justify;\" data-rm-block-id=\"block-17\"><strong>Atua\u00e7\u00e3o na GloboNews<\/strong><\/h2>\n<p style=\"text-align: justify;\" data-rm-block-id=\"block-18\">A partir de 1998, Monforte passou a integrar a equipe da\u00a0<strong>GloboNews<\/strong>. No canal, assumiu o\u00a0<em>Espa\u00e7o Aberto<\/em>, programa dedicado a entrevistas e debates sobre quest\u00f5es relevantes do pa\u00eds.<\/p>\n<p style=\"text-align: justify;\" data-rm-block-id=\"block-19\">Seguran\u00e7a p\u00fablica, reforma tribut\u00e1ria, responsabilidade fiscal e queimadas na Amaz\u00f4nia estiveram entre os assuntos tratados nas entrevistas conduzidas pelo jornalista.<\/p>\n<p style=\"text-align: justify;\" data-rm-block-id=\"block-20\">No fim de 2000, ele passou a coordenar a opera\u00e7\u00e3o da GloboNews em Bras\u00edlia. Paralelamente, apresentou o\u00a0<em>Jornal das Dez<\/em>\u00a0e participou de outros programas da emissora.<\/p>\n<p style=\"text-align: justify;\" data-rm-block-id=\"block-21\">Com uma carreira constru\u00edda entre a reportagem, a bancada e a edi\u00e7\u00e3o, Carlos Monforte deixou sua marca em diferentes momentos do telejornalismo brasileiro, especialmente na cobertura dos acontecimentos pol\u00edticos que atravessaram as d\u00e9cadas de 1970 a 2000.<\/p>\n<h2 data-rm-block-id=\"block-21\">O caso Ricupero<\/h2>\n<p style=\"text-align: justify;\">Pouco antes de entrar no ar pelo\u00a0<em>Jornal da Globo<\/em>, em 1\u00ba de setembro de 1994, o jornalista Carlos Monforte conversava nos bastidores com o ent\u00e3o ministro da Fazenda, Rubens Ricupero. Os dois eram cunhados na \u00e9poca. O que eles acreditavam ser uma conversa reservada acabou captado por antenas parab\u00f3licas espalhadas pelo pa\u00eds e provocou uma das maiores crises pol\u00edticas do per\u00edodo eleitoral daquele ano. Na ocasi\u00e3o, Ricupero falou:<\/p>\n<p style=\"text-align: justify;\">\u201cEu n\u00e3o tenho escr\u00fapulos; o que \u00e9 bom a gente fatura, o que \u00e9 ruim a gente esconde.\u201d<\/p>\n<p style=\"text-align: justify;\">A fala provocou forte repercuss\u00e3o porque veio acompanhada de coment\u00e1rios do ministro sobre o uso pol\u00edtico das informa\u00e7\u00f5es econ\u00f4micas relacionadas ao Plano Real, lan\u00e7ado naquele ano.<\/p>\n<p style=\"text-align: justify;\">No dia seguinte ao vazamento, o ministro deixou o cargo. Ele foi substitu\u00eddo por Ciro Gomes no comando do Minist\u00e9rio da Fazenda.<\/p>\n<\/section>\n","protected":false},"excerpt":{"rendered":"<p>Natural de Santos, come\u00e7ou a trabalhar no jornal A Tribuna enquanto ainda cursava Jornalismo, mas ganhou proje\u00e7\u00e3o nacional na Globo O jornalismo\u00a0brasileiro perdeu nesta segunda-feira (21)\u00a0Carlos Monforte, aos 77 anos. O profissional, que estava em tratamento contra um c\u00e2ncer, construiu uma trajet\u00f3ria de mais de quatro d\u00e9cadas e marcou a televis\u00e3o brasileira especialmente pela atua\u00e7\u00e3o [&hellip;]<\/p>\n","protected":false},"author":2,"featured_media":130540,"comment_status":"open","ping_status":"open","sticky":false,"template":"","format":"standard","meta":[],"categories":[107,71],"tags":[8785,8783,8784,560,1870],"_links":{"self":[{"href":"https:\/\/www.blogdopaulonunes.com\/v5\/index.php\/wp-json\/wp\/v2\/posts\/130539"}],"collection":[{"href":"https:\/\/www.blogdopaulonunes.com\/v5\/index.php\/wp-json\/wp\/v2\/posts"}],"about":[{"href":"https:\/\/www.blogdopaulonunes.com\/v5\/index.php\/wp-json\/wp\/v2\/types\/post"}],"author":[{"embeddable":true,"href":"https:\/\/www.blogdopaulonunes.com\/v5\/index.php\/wp-json\/wp\/v2\/users\/2"}],"replies":[{"embeddable":true,"href":"https:\/\/www.blogdopaulonunes.com\/v5\/index.php\/wp-json\/wp\/v2\/comments?post=130539"}],"version-history":[{"count":1,"href":"https:\/\/www.blogdopaulonunes.com\/v5\/index.php\/wp-json\/wp\/v2\/posts\/130539\/revisions"}],"predecessor-version":[{"id":130541,"href":"https:\/\/www.blogdopaulonunes.com\/v5\/index.php\/wp-json\/wp\/v2\/posts\/130539\/revisions\/130541"}],"wp:featuredmedia":[{"embeddable":true,"href":"https:\/\/www.blogdopaulonunes.com\/v5\/index.php\/wp-json\/wp\/v2\/media\/130540"}],"wp:attachment":[{"href":"https:\/\/www.blogdopaulonunes.com\/v5\/index.php\/wp-json\/wp\/v2\/media?parent=130539"}],"wp:term":[{"taxonomy":"category","embeddable":true,"href":"https:\/\/www.blogdopaulonunes.com\/v5\/index.php\/wp-json\/wp\/v2\/categories?post=130539"},{"taxonomy":"post_tag","embeddable":true,"href":"https:\/\/www.blogdopaulonunes.com\/v5\/index.php\/wp-json\/wp\/v2\/tags?post=130539"}],"curies":[{"name":"wp","href":"https:\/\/api.w.org\/{rel}","templated":true}]}}