{"id":130536,"date":"2026-08-31T12:58:53","date_gmt":"2026-08-31T15:58:53","guid":{"rendered":"https:\/\/www.blogdopaulonunes.com\/v5\/?p=130536"},"modified":"2026-08-31T12:58:53","modified_gmt":"2026-08-31T15:58:53","slug":"congresso-acelera-votacao-de-pautas-de-lula-antes-do-recesso-eleitoral","status":"publish","type":"post","link":"https:\/\/www.blogdopaulonunes.com\/v5\/index.php\/2026\/08\/31\/congresso-acelera-votacao-de-pautas-de-lula-antes-do-recesso-eleitoral\/","title":{"rendered":"Congresso acelera vota\u00e7\u00e3o de pautas de Lula antes do recesso eleitoral"},"content":{"rendered":"<p style=\"text-align: justify;\"><strong>Fim da escala 6\u00d71, revis\u00e3o da taxa das blusinhas, seguran\u00e7a p\u00fablica e terras raras est\u00e3o entre as prioridades desta semana<\/strong><\/p>\n<p style=\"text-align: justify;\">A \u00faltima semana de vota\u00e7\u00f5es antes da pausa provocada pelas elei\u00e7\u00f5es deve levar o Congresso Nacional a acelerar a an\u00e1lise de pautas defendidas pelo governo Luiz In\u00e1cio Lula da Silva (PT), incluindo o fim da escala de trabalho 6\u00d71, a revis\u00e3o da taxa das blusinhas, a seguran\u00e7a p\u00fablica, a explora\u00e7\u00e3o de terras raras e incentivos tribut\u00e1rios para data centers.<\/p>\n<p class=\"wp-block-paragraph\" style=\"text-align: justify;\">Embora o Legislativo n\u00e3o esteja oficialmente em recesso, as atividades parlamentares perderam ritmo desde o in\u00edcio do processo eleitoral. A expectativa \u00e9 que deputados e senadores reduzam compromissos de campanha para participar das sess\u00f5es e vota\u00e7\u00f5es previstas a partir desta segunda-feira (31), informa o g1. Depois desta semana, os parlamentares s\u00f3 devem retornar a Bras\u00edlia em novembro.<\/p>\n<p class=\"wp-block-paragraph\" style=\"text-align: justify;\">A principal aposta do governo \u00e9 a Proposta de Emenda \u00e0 Constitui\u00e7\u00e3o (PEC) que prev\u00ea o fim da escala 6\u00d71, pela qual o trabalhador cumpre seis dias de atividade para ter apenas um dia de descanso. O texto tramita no Senado e voltou ao centro da agenda depois da retomada do di\u00e1logo entre Lula e o presidente da Casa, Davi Alcolumbre (Uni\u00e3o-AP).<\/p>\n<p class=\"wp-block-paragraph\" style=\"text-align: justify;\">Em 21 de agosto, Alcolumbre encaminhou a proposta \u00e0 Comiss\u00e3o de Constitui\u00e7\u00e3o e Justi\u00e7a (CCJ), ap\u00f3s quase tr\u00eas meses de espera. A an\u00e1lise na comiss\u00e3o \u00e9 necess\u00e1ria antes de uma eventual vota\u00e7\u00e3o no plen\u00e1rio do Senado.<\/p>\n<div class=\"b247-inline-ad b247-inline-ad--empty\" style=\"text-align: justify;\">\n<div id=\"b247-multipage-standard-4\" class=\"b247-ad-slot b247-ad-slot--inline\" data-google-query-id=\"CPv3ht6cy5YDFRiEYQYdWuU0iw\">\n<div id=\"google_ads_iframe_\/55115104\/b247-multipage-standard-4_0__container__\"><\/div>\n<\/div>\n<\/div>\n<p class=\"wp-block-paragraph\" style=\"text-align: justify;\">A mudan\u00e7a na tramita\u00e7\u00e3o ocorreu em meio \u00e0 reaproxima\u00e7\u00e3o entre o governo e o comando do Congresso. O Planalto tenta avan\u00e7ar com medidas relacionadas ao mercado de trabalho, \u00e0 prote\u00e7\u00e3o social e \u00e0 reorganiza\u00e7\u00e3o de setores considerados estrat\u00e9gicos para o desenvolvimento econ\u00f4mico.<\/p>\n<h2 class=\"wp-block-heading\" style=\"text-align: justify;\">Taxa das blusinhas volta \u00e0 pauta<\/h2>\n<p class=\"wp-block-paragraph\" style=\"text-align: justify;\">Outro tema com prazo definido \u00e9 a medida provis\u00f3ria que extinguiu a cobran\u00e7a de 20% sobre compras internacionais de at\u00e9 US$ 50, conhecida como taxa das blusinhas. Publicada em maio, a MP precisa ser aprovada ou rejeitada at\u00e9 8 de setembro para n\u00e3o perder a validade.<\/p>\n<p class=\"wp-block-paragraph\" style=\"text-align: justify;\">A comiss\u00e3o respons\u00e1vel pela an\u00e1lise deve votar o texto na ter\u00e7a-feira (1\u00ba). A previs\u00e3o \u00e9 que os plen\u00e1rios da C\u00e2mara dos Deputados e do Senado apreciem a medida no dia seguinte.<\/p>\n<p class=\"wp-block-paragraph\" style=\"text-align: justify;\">Pelas regras estabelecidas na medida provis\u00f3ria, o ministro da Fazenda passa a ter compet\u00eancia para alterar as al\u00edquotas do imposto de importa\u00e7\u00e3o incidente sobre remessas postais internacionais. A autoridade tamb\u00e9m poder\u00e1 reduzir a zero a tributa\u00e7\u00e3o sobre compras de at\u00e9 US$ 50.<\/p>\n<div class=\"b247-inline-ad b247-inline-ad--empty\" style=\"text-align: justify;\">\n<div id=\"b247-multipage-standard-6\" class=\"b247-ad-slot b247-ad-slot--inline\" data-google-query-id=\"CP33ht6cy5YDFRiEYQYdWuU0iw\">\n<div id=\"google_ads_iframe_\/55115104\/b247-multipage-standard-6_0__container__\"><\/div>\n<\/div>\n<\/div>\n<p class=\"wp-block-paragraph\" style=\"text-align: justify;\">A discuss\u00e3o ocorre em um momento de press\u00e3o de setores do varejo nacional, que reclamam da concorr\u00eancia com produtos importados vendidos por plataformas digitais. Defensores da medida argumentam que a redu\u00e7\u00e3o da tributa\u00e7\u00e3o pode beneficiar consumidores, enquanto cr\u00edticos apontam riscos para empresas brasileiras e para a arrecada\u00e7\u00e3o federal.<\/p>\n<h2 class=\"wp-block-heading\" style=\"text-align: justify;\">PEC da Seguran\u00e7a P\u00fablica<\/h2>\n<p class=\"wp-block-paragraph\" style=\"text-align: justify;\">A PEC da Seguran\u00e7a P\u00fablica tamb\u00e9m est\u00e1 entre as mat\u00e9rias previstas para esta semana. O texto ainda precisa passar pela CCJ do Senado antes de ser encaminhado ao plen\u00e1rio. A expectativa \u00e9 que a vota\u00e7\u00e3o na comiss\u00e3o ocorra na quarta-feira (2), depois de a proposta permanecer parada por seis meses.<\/p>\n<p class=\"wp-block-paragraph\" style=\"text-align: justify;\">O relator, senador Rog\u00e9rio Carvalho (PT-SE), deve apresentar parecer favor\u00e1vel sem altera\u00e7\u00f5es em rela\u00e7\u00e3o ao texto aprovado pela C\u00e2mara. A estrat\u00e9gia busca evitar que a proposta retorne \u00e0 an\u00e1lise dos deputados e acelerar sua promulga\u00e7\u00e3o.<\/p>\n<p class=\"wp-block-paragraph\" style=\"text-align: justify;\">Lula j\u00e1 declarou que pretende criar um Minist\u00e9rio da Seguran\u00e7a P\u00fablica ap\u00f3s a aprova\u00e7\u00e3o da emenda constitucional. A medida reorganizaria a estrutura federal respons\u00e1vel pela \u00e1rea e ampliaria a coordena\u00e7\u00e3o entre Uni\u00e3o, estados e munic\u00edpios no combate \u00e0 criminalidade.<\/p>\n<div class=\"b247-inline-ad\" style=\"text-align: justify;\">\n<div id=\"b247-multipage-standard-8\" class=\"b247-ad-slot b247-ad-slot--inline\" data-google-query-id=\"CPnXi96cy5YDFRiEYQYdWuU0iw\">\n<div id=\"google_ads_iframe_\/55115104\/b247-multipage-standard-8_0__container__\"><iframe loading=\"lazy\" id=\"google_ads_iframe_\/55115104\/b247-multipage-standard-8_0\" tabindex=\"0\" title=\"Conte\u00fado de an\u00fancios de terceiros\" src=\"https:\/\/fe6a571e584afc3ff5ac5b8e6c11c967.safeframe.googlesyndication.com\/safeframe\/1-0-45\/html\/container.html\" name=\"\" width=\"336\" height=\"280\" frameborder=\"0\" marginwidth=\"0\" marginheight=\"0\" scrolling=\"no\" sandbox=\"allow-forms allow-popups allow-popups-to-escape-sandbox allow-same-origin allow-scripts allow-top-navigation-by-user-activation\" data-is-safeframe=\"true\" aria-label=\"Publicidade\" data-google-container-id=\"f\" data-load-complete=\"true\" data-mce-fragment=\"1\"><\/iframe><\/div>\n<\/div>\n<\/div>\n<h2 class=\"wp-block-heading\" style=\"text-align: justify;\">Incentivo para data centers<\/h2>\n<p class=\"wp-block-paragraph\" style=\"text-align: justify;\">Tamb\u00e9m est\u00e1 previsto o avan\u00e7o do Regime Especial de Tributa\u00e7\u00e3o para Servi\u00e7os de Data Center (Redata). A proposta deve ser analisada diretamente pelo plen\u00e1rio, sem passar por comiss\u00e3o.<\/p>\n<p class=\"wp-block-paragraph\" style=\"text-align: justify;\">O programa foi elaborado para estimular a instala\u00e7\u00e3o de data centers no Brasil. Essas estruturas concentram servidores, sistemas de armazenamento e equipamentos de rede respons\u00e1veis pelo processamento de grandes volumes de dados.<\/p>\n<p class=\"wp-block-paragraph\" style=\"text-align: justify;\">A iniciativa \u00e9 tratada pelo governo como parte de uma estrat\u00e9gia para atrair investimentos em infraestrutura digital, ampliar a capacidade tecnol\u00f3gica do pa\u00eds e fortalecer setores ligados \u00e0 computa\u00e7\u00e3o em nuvem, \u00e0 intelig\u00eancia artificial e aos servi\u00e7os digitais.<\/p>\n<h2 class=\"wp-block-heading\" style=\"text-align: justify;\">Explora\u00e7\u00e3o de minerais cr\u00edticos<\/h2>\n<p class=\"wp-block-paragraph\" style=\"text-align: justify;\">A regulamenta\u00e7\u00e3o da explora\u00e7\u00e3o de minerais cr\u00edticos e estrat\u00e9gicos completa a lista de prioridades. O tema envolve recursos disputados pela ind\u00fastria e pela diplomacia internacional, especialmente as chamadas terras raras.<\/p>\n<div class=\"b247-inline-ad b247-inline-ad--empty\" style=\"text-align: justify;\">\n<div id=\"b247-multipage-standard-10\" class=\"b247-ad-slot b247-ad-slot--inline\" data-google-query-id=\"CPX3ht6cy5YDFRiEYQYdWuU0iw\">\n<div id=\"google_ads_iframe_\/55115104\/b247-multipage-standard-10_0__container__\"><\/div>\n<\/div>\n<\/div>\n<p class=\"wp-block-paragraph\" style=\"text-align: justify;\">O grupo re\u00fane 17 elementos qu\u00edmicos utilizados em produtos de alta tecnologia e em setores associados \u00e0 transi\u00e7\u00e3o energ\u00e9tica. Entre os minerais considerados estrat\u00e9gicos est\u00e3o l\u00edtio, cobalto, n\u00edquel e grafite, empregados na fabrica\u00e7\u00e3o de baterias para ve\u00edculos el\u00e9tricos, turbinas e\u00f3licas, pain\u00e9is solares e semicondutores.<\/p>\n<p class=\"wp-block-paragraph\" style=\"text-align: justify;\">A defini\u00e7\u00e3o de regras para explora\u00e7\u00e3o, processamento e comercializa\u00e7\u00e3o desses recursos \u00e9 vista como uma tentativa de ampliar a participa\u00e7\u00e3o brasileira em cadeias produtivas globais. O pa\u00eds possui reservas relevantes, mas ainda enfrenta limita\u00e7\u00f5es na transforma\u00e7\u00e3o e no refino dos minerais.<\/p>\n<p class=\"wp-block-paragraph\" style=\"text-align: justify;\">A vota\u00e7\u00e3o concentrada dessas mat\u00e9rias ocorre antes da interrup\u00e7\u00e3o pr\u00e1tica das atividades legislativas durante o per\u00edodo eleitoral. Com o retorno dos parlamentares previsto apenas para novembro, o governo busca aproveitar a janela desta semana para encaminhar projetos considerados essenciais para sua agenda econ\u00f4mica, social e institucional.<\/p>\n","protected":false},"excerpt":{"rendered":"<p>Fim da escala 6\u00d71, revis\u00e3o da taxa das blusinhas, seguran\u00e7a p\u00fablica e terras raras est\u00e3o entre as prioridades desta semana A \u00faltima semana de vota\u00e7\u00f5es antes da pausa provocada pelas elei\u00e7\u00f5es deve levar o Congresso Nacional a acelerar a an\u00e1lise de pautas defendidas pelo governo Luiz In\u00e1cio Lula da Silva (PT), incluindo o fim da [&hellip;]<\/p>\n","protected":false},"author":2,"featured_media":130537,"comment_status":"open","ping_status":"open","sticky":false,"template":"","format":"standard","meta":[],"categories":[23,71],"tags":[3269,8782,8781],"_links":{"self":[{"href":"https:\/\/www.blogdopaulonunes.com\/v5\/index.php\/wp-json\/wp\/v2\/posts\/130536"}],"collection":[{"href":"https:\/\/www.blogdopaulonunes.com\/v5\/index.php\/wp-json\/wp\/v2\/posts"}],"about":[{"href":"https:\/\/www.blogdopaulonunes.com\/v5\/index.php\/wp-json\/wp\/v2\/types\/post"}],"author":[{"embeddable":true,"href":"https:\/\/www.blogdopaulonunes.com\/v5\/index.php\/wp-json\/wp\/v2\/users\/2"}],"replies":[{"embeddable":true,"href":"https:\/\/www.blogdopaulonunes.com\/v5\/index.php\/wp-json\/wp\/v2\/comments?post=130536"}],"version-history":[{"count":1,"href":"https:\/\/www.blogdopaulonunes.com\/v5\/index.php\/wp-json\/wp\/v2\/posts\/130536\/revisions"}],"predecessor-version":[{"id":130538,"href":"https:\/\/www.blogdopaulonunes.com\/v5\/index.php\/wp-json\/wp\/v2\/posts\/130536\/revisions\/130538"}],"wp:featuredmedia":[{"embeddable":true,"href":"https:\/\/www.blogdopaulonunes.com\/v5\/index.php\/wp-json\/wp\/v2\/media\/130537"}],"wp:attachment":[{"href":"https:\/\/www.blogdopaulonunes.com\/v5\/index.php\/wp-json\/wp\/v2\/media?parent=130536"}],"wp:term":[{"taxonomy":"category","embeddable":true,"href":"https:\/\/www.blogdopaulonunes.com\/v5\/index.php\/wp-json\/wp\/v2\/categories?post=130536"},{"taxonomy":"post_tag","embeddable":true,"href":"https:\/\/www.blogdopaulonunes.com\/v5\/index.php\/wp-json\/wp\/v2\/tags?post=130536"}],"curies":[{"name":"wp","href":"https:\/\/api.w.org\/{rel}","templated":true}]}}