{"id":130534,"date":"2026-08-31T12:50:02","date_gmt":"2026-08-31T15:50:02","guid":{"rendered":"https:\/\/www.blogdopaulonunes.com\/v5\/?p=130534"},"modified":"2026-08-31T12:50:02","modified_gmt":"2026-08-31T15:50:02","slug":"atlasintel-lula-lidera-2o-turno-contra-flavio-bolsonaro-com-471-das-intencoes-de-voto","status":"publish","type":"post","link":"https:\/\/www.blogdopaulonunes.com\/v5\/index.php\/2026\/08\/31\/atlasintel-lula-lidera-2o-turno-contra-flavio-bolsonaro-com-471-das-intencoes-de-voto\/","title":{"rendered":"AtlasIntel: Lula lidera 2\u00ba turno contra Fl\u00e1vio Bolsonaro com 47,1% das inten\u00e7\u00f5es de voto"},"content":{"rendered":"<p style=\"text-align: justify;\"><strong>Levantamento indica o presidente \u00e0 frente do senador do PL em confronto direto, al\u00e9m de manter lideran\u00e7a no primeiro turno e vencer demais advers\u00e1rios.<\/strong><\/p>\n<p class=\"wp-block-paragraph\" style=\"text-align: justify;\">O presidente Lula (PT) mant\u00e9m a lideran\u00e7a na disputa pelas elei\u00e7\u00f5es presidenciais de 2026 e supera o senador Fl\u00e1vio Bolsonaro (PL) no cen\u00e1rio de segundo turno, aponta o levantamento realizado em parceria pela AtlasIntel e Bloomberg, divulgado nesta segunda-feira (31).<\/p>\n<p class=\"wp-block-paragraph\" style=\"text-align: justify;\">No eventual confronto direto de segundo turno com Fl\u00e1vio Bolsonaro \u2014 embate central testado na pesquisa \u2014, Lula aparece com 47,1% das inten\u00e7\u00f5es de voto, contra 42,6% do parlamentar.\u00a0A margem representa uma vantagem de 4,5 pontos percentuais a favor do atual chefe do Executivo. O levantamento aponta uma aproxima\u00e7\u00e3o entre ambos em rela\u00e7\u00e3o a julho, quando a dist\u00e2ncia favor\u00e1vel ao petista era de 6,3 pontos percentuais.<\/p>\n<p class=\"wp-block-paragraph\" style=\"text-align: justify;\">A pesquisa AtlasIntel\/Bloomberg tamb\u00e9m avaliou outros tr\u00eas cen\u00e1rios de segundo turno, em que Lula mant\u00e9m a lideran\u00e7a diante de todos os nomes testados.\u00a0Contra o governador de Goi\u00e1s, Ronaldo Caiado (PSD), Lula atinge 46,6% frente a 41% do oposicionista, com a soma de brancos, nulos e indecisos alcan\u00e7ando 12,3%. J\u00e1 na disputa contra o governador de Minas Gerais, Romeu Zema (Novo), o presidente registra 47% diante de 40,7% do advers\u00e1rio, mantendo 12,3% de votos brancos, nulos e indecisos. A maior diferen\u00e7a a favor de Lula ocorre frente a Renan Santos (Miss\u00e3o), com o presidente pontuando 47,5% contra 26% do candidato, enquanto brancos, nulos e indecisos somam 26,6%.<\/p>\n<p class=\"wp-block-paragraph\" style=\"text-align: justify;\">No cen\u00e1rio de primeiro turno, Lula lidera a corrida eleitoral com 43,4% das inten\u00e7\u00f5es de voto. Fl\u00e1vio Bolsonaro surge na segunda posi\u00e7\u00e3o com 33,7%, uma diferen\u00e7a de 9,7 pontos percentuais entre os dois primeiros colocados. Na compara\u00e7\u00e3o com a sondagem de julho, o petista oscilou 1,5 ponto percentual para baixo, enquanto o senador recuou 2,1 pontos.<\/p>\n<p class=\"wp-block-paragraph\" style=\"text-align: justify;\">A movimenta\u00e7\u00e3o de maior destaque no primeiro turno foi registrada pelo escritor Augusto Cury (Avante), que subiu 6,2 pontos em rela\u00e7\u00e3o ao m\u00eas anterior e alcan\u00e7ou 7,8%.O resultado coloca Cury em empate t\u00e9cnico com Renan Santos, que obteve 7,6%.Ronaldo Caiado pontua 3,3% e Pablo Mar\u00e7al (PRTB), que n\u00e3o figurava no levantamento anterior, aparece com 1,9%.Romeu Zema registra 1%, Samara (UP) aparece com 0,9%, e Rui Costa Pimenta (PCO) e Veterin\u00e1rio Wilson Grassi (Democrata) t\u00eam 0,1% cada.\u00a0Os eleitores indecisos representam 0,2%, enquanto brancos e nulos somam 0,1%.<\/p>\n<p class=\"wp-block-paragraph\" style=\"text-align: justify;\">O levantamento ouviu 5.014 pessoas entre os dias 25 e 30 de agosto, por meio de recrutamento digital aleat\u00f3rio.\u00a0A pesquisa apresenta margem de erro de um ponto percentual para mais ou para menos, n\u00edvel de confian\u00e7a de 95% e est\u00e1 registrada no Tribunal Superior Eleitoral (TSE) sob o n\u00famero BR-07972\/2026.<\/p>\n","protected":false},"excerpt":{"rendered":"<p>Levantamento indica o presidente \u00e0 frente do senador do PL em confronto direto, al\u00e9m de manter lideran\u00e7a no primeiro turno e vencer demais advers\u00e1rios. O presidente Lula (PT) mant\u00e9m a lideran\u00e7a na disputa pelas elei\u00e7\u00f5es presidenciais de 2026 e supera o senador Fl\u00e1vio Bolsonaro (PL) no cen\u00e1rio de segundo turno, aponta o levantamento realizado em [&hellip;]<\/p>\n","protected":false},"author":2,"featured_media":109893,"comment_status":"open","ping_status":"open","sticky":false,"template":"","format":"standard","meta":[],"categories":[7196,105],"tags":[8780,6040],"_links":{"self":[{"href":"https:\/\/www.blogdopaulonunes.com\/v5\/index.php\/wp-json\/wp\/v2\/posts\/130534"}],"collection":[{"href":"https:\/\/www.blogdopaulonunes.com\/v5\/index.php\/wp-json\/wp\/v2\/posts"}],"about":[{"href":"https:\/\/www.blogdopaulonunes.com\/v5\/index.php\/wp-json\/wp\/v2\/types\/post"}],"author":[{"embeddable":true,"href":"https:\/\/www.blogdopaulonunes.com\/v5\/index.php\/wp-json\/wp\/v2\/users\/2"}],"replies":[{"embeddable":true,"href":"https:\/\/www.blogdopaulonunes.com\/v5\/index.php\/wp-json\/wp\/v2\/comments?post=130534"}],"version-history":[{"count":1,"href":"https:\/\/www.blogdopaulonunes.com\/v5\/index.php\/wp-json\/wp\/v2\/posts\/130534\/revisions"}],"predecessor-version":[{"id":130535,"href":"https:\/\/www.blogdopaulonunes.com\/v5\/index.php\/wp-json\/wp\/v2\/posts\/130534\/revisions\/130535"}],"wp:featuredmedia":[{"embeddable":true,"href":"https:\/\/www.blogdopaulonunes.com\/v5\/index.php\/wp-json\/wp\/v2\/media\/109893"}],"wp:attachment":[{"href":"https:\/\/www.blogdopaulonunes.com\/v5\/index.php\/wp-json\/wp\/v2\/media?parent=130534"}],"wp:term":[{"taxonomy":"category","embeddable":true,"href":"https:\/\/www.blogdopaulonunes.com\/v5\/index.php\/wp-json\/wp\/v2\/categories?post=130534"},{"taxonomy":"post_tag","embeddable":true,"href":"https:\/\/www.blogdopaulonunes.com\/v5\/index.php\/wp-json\/wp\/v2\/tags?post=130534"}],"curies":[{"name":"wp","href":"https:\/\/api.w.org\/{rel}","templated":true}]}}