{"id":129036,"date":"2026-05-01T12:31:42","date_gmt":"2026-05-01T15:31:42","guid":{"rendered":"https:\/\/www.blogdopaulonunes.com\/v5\/?p=129036"},"modified":"2026-05-01T12:31:42","modified_gmt":"2026-05-01T15:31:42","slug":"governo-lula-3-ja-acumula-mais-de-7-milhoes-de-empregos-criados-diz-luiz-marinho","status":"publish","type":"post","link":"https:\/\/www.blogdopaulonunes.com\/v5\/index.php\/2026\/05\/01\/governo-lula-3-ja-acumula-mais-de-7-milhoes-de-empregos-criados-diz-luiz-marinho\/","title":{"rendered":"Governo Lula 3 j\u00e1 acumula mais de 7 milh\u00f5es de empregos criados, diz Luiz Marinho"},"content":{"rendered":"<p style=\"text-align: justify;\"><strong>Ministro destaca cria\u00e7\u00e3o de 228 mil vagas em mar\u00e7o e aponta desafios como desigualdade salarial e sa\u00fade mental no trabalho<\/strong><\/p>\n<p style=\"text-align: justify;\">O ministro do Trabalho e Emprego, Luiz Marinho, afirmou que o Brasil j\u00e1 acumula mais de 7,2 milh\u00f5es de trabalhadores inseridos no mercado de trabalho ao longo dos tr\u00eas anos e tr\u00eas meses do governo do presidente Lula, destacando os dados mais recentes do Novo Caged.<\/p>\n<p style=\"text-align: justify;\">As informa\u00e7\u00f5es foram divulgadas pela Secretaria de Comunica\u00e7\u00e3o Social da Presid\u00eancia da Rep\u00fablica, a partir da participa\u00e7\u00e3o do ministro no programa \u201cBom Dia, Ministro\u201d, nesta quinta-feira, 30 de abril.<\/p>\n<p style=\"text-align: justify;\">De acordo com o Novo Caged, o pa\u00eds gerou mais de 228 mil empregos com carteira assinada em mar\u00e7o e mais de 613 mil no primeiro trimestre de 2026. No acumulado de 12 meses, entre abril de 2025 e mar\u00e7o de 2026, foram criados 1,21 milh\u00e3o de postos formais.<\/p>\n<p style=\"text-align: justify;\">O resultado elevou para 49 milh\u00f5es o n\u00famero de v\u00ednculos com carteira assinada no Brasil, uma alta de 2,6% em rela\u00e7\u00e3o ao mesmo per\u00edodo do ano anterior.<\/p>\n<blockquote><p><i>\u201cNesses tr\u00eas anos e tr\u00eas meses s\u00e3o mais de 7 milh\u00f5es e 200 mil trabalhadores e trabalhadoras agregadas no mercado de trabalho brasileiro, motivo de muita satisfa\u00e7\u00e3o\u201d<\/i>, afirmou Marinho.<\/p><\/blockquote>\n<p style=\"text-align: justify;\">O ministro ressaltou que os dados do Novo Caged consideram apenas empregos formais. Segundo ele, a inclus\u00e3o de outros v\u00ednculos, como os registrados pela Rela\u00e7\u00e3o Anual de Informa\u00e7\u00f5es Sociais (RAIS), deve ampliar ainda mais esse n\u00famero.<\/p>\n<p style=\"text-align: justify;\"><i>\u201cA RAIS, que a gente divulga semana que vem, traz os demais formatos de emprego, servi\u00e7o p\u00fablico, trabalhador dom\u00e9stico. \u00c9 um motivo de muita comemora\u00e7\u00e3o para os trabalhadores e trabalhadoras\u201d<\/i>, disse.<\/p>\n<h2><b>Avan\u00e7o do emprego feminino e persist\u00eancia da desigualdade<\/b><\/h2>\n<p style=\"text-align: justify;\">Durante a entrevista, Marinho tamb\u00e9m abordou o 5\u00ba Relat\u00f3rio de Transpar\u00eancia Salarial e de Crit\u00e9rios Remunerat\u00f3rios, que aponta crescimento na participa\u00e7\u00e3o feminina no mercado de trabalho formal.<\/p>\n<p style=\"text-align: justify;\">O n\u00famero de mulheres ocupadas aumentou 11%, chegando a 8 milh\u00f5es. Entre as mulheres negras, o avan\u00e7o foi ainda mais expressivo: 29%, totalizando 4,2 milh\u00f5es de trabalhadoras.<\/p>\n<p style=\"text-align: justify;\">Apesar dos avan\u00e7os, o ministro destacou que a desigualdade salarial entre homens e mulheres ainda persiste e exige maior engajamento das empresas.<\/p>\n<p style=\"text-align: justify;\"><i>\u201cN\u00f3s temos evolu\u00e7\u00f5es importantes, mas temos que insistir muito, temos que chamar a sensibiliza\u00e7\u00e3o das empresas para esse processo. As empresas t\u00eam que se sensibilizar e olhar para o seu interior: \u2018o que est\u00e1 acontecendo?\u2019\u201d<\/i>, afirmou.<\/p>\n<p style=\"text-align: justify;\">A diferen\u00e7a salarial m\u00e9dia segue em 21,3%, com maior disparidade em cargos de n\u00edvel superior e em grandes empresas.<\/p>\n<figure><img loading=\"lazy\" src=\"https:\/\/cdn.brasil247.com\/pb-b247gcp\/swp\/jtjeq9\/media\/20260501050548_ff09a4800007002bd28928bb43ba9bbaa40f1eb1627b0bd63f7035970097fcbd.png\" alt=\"Gera\u00e7\u00e3o de empregos no governo Lula\" width=\"1024\" height=\"1536\" \/><\/figure>\n<p style=\"text-align: justify;\">Marinho tamb\u00e9m destacou que, embora representem cerca de 41% da for\u00e7a de trabalho, as mulheres concentram pouco mais de 30% da massa salarial.<\/p>\n<p style=\"text-align: justify;\"><i>\u201cEsse \u00e9 o aspecto que est\u00e1 incomodando muito, mas \u00e9 preciso que a gente tenha persist\u00eancia (&#8230;). \u00c1gua mole em pedra dura, tanto bate at\u00e9 que fura, n\u00f3s vamos furando lentamente esse processo, sem desanimar\u201d<\/i>, declarou.<\/p>\n<h2><b>Sa\u00fade mental entra na agenda do trabalho<\/b><\/h2>\n<p style=\"text-align: justify;\">Outro ponto enfatizado pelo ministro foi a atualiza\u00e7\u00e3o da Norma Regulamentadora n\u00ba 1 (NR-1), que trata da gest\u00e3o de riscos psicossociais no ambiente de trabalho.<\/p>\n<p style=\"text-align: justify;\">Segundo Marinho, a medida refor\u00e7a a obriga\u00e7\u00e3o das empresas de implementar pol\u00edticas voltadas \u00e0 sa\u00fade mental dos trabalhadores.<\/p>\n<p style=\"text-align: justify;\"><i>\u201cA NR1 \u00e9 a que trata dos impactos psicossociais no ambiente de trabalho e a obriga\u00e7\u00e3o das empresas organizarem um processo junto aos seus trabalhadores de orienta\u00e7\u00e3o para a sa\u00fade mental. Isso \u00e9 muito importante\u201d<\/i>, disse.<\/p>\n<p style=\"text-align: justify;\">O prazo para adequa\u00e7\u00e3o das empresas termina em 26 de maio, e, segundo o ministro, n\u00e3o haver\u00e1 nova prorroga\u00e7\u00e3o.<\/p>\n<p style=\"text-align: justify;\"><i>\u201cAs empresas v\u00eam pedindo para prorrogar. J\u00e1 fizemos uma prorroga\u00e7\u00e3o no ano passado para isso e n\u00e3o temos disposi\u00e7\u00e3o de fazer a prorroga\u00e7\u00e3o\u201d<\/i>, afirmou.<\/p>\n<p style=\"text-align: justify;\">Ele explicou que, inicialmente, a fiscaliza\u00e7\u00e3o ter\u00e1 car\u00e1ter orientador.<\/p>\n<p style=\"text-align: justify;\"><i>\u201cNesse primeiro momento, a orienta\u00e7\u00e3o para os nossos auditores \u00e9 observar e orientar. N\u00e3o \u00e9 para sair autuando as empresas (&#8230;). N\u00f3s precisamos ajudar as empresas a organizar esse processo\u201d<\/i>, acrescentou.<\/p>\n<h2><b>Semana do trabalhador ter\u00e1 a\u00e7\u00f5es em todo o pa\u00eds<\/b><\/h2>\n<p style=\"text-align: justify;\">Marinho tamb\u00e9m destacou a programa\u00e7\u00e3o da Semana do Trabalhador, que contar\u00e1 com a\u00e7\u00f5es em diversas regi\u00f5es do pa\u00eds.<\/p>\n<p style=\"text-align: justify;\">Na Esplanada dos Minist\u00e9rios, em Bras\u00edlia, o Minist\u00e9rio do Trabalho promover\u00e1 servi\u00e7os como intermedia\u00e7\u00e3o de emprego, vacina\u00e7\u00e3o e atividades ligadas \u00e0 economia solid\u00e1ria.<\/p>\n<p style=\"text-align: justify;\"><i>\u201cA gente quer propiciar que as pessoas tenham mais contato com o mundo do trabalho, quais os trabalhos que t\u00eam, as pol\u00edticas que t\u00eam, quais os servi\u00e7os que t\u00eam prestado. Esse \u00e9 um momento das pessoas tomarem conhecimento\u201d<\/i>, concluiu o ministro.<\/p>\n","protected":false},"excerpt":{"rendered":"<p>Ministro destaca cria\u00e7\u00e3o de 228 mil vagas em mar\u00e7o e aponta desafios como desigualdade salarial e sa\u00fade mental no trabalho O ministro do Trabalho e Emprego, Luiz Marinho, afirmou que o Brasil j\u00e1 acumula mais de 7,2 milh\u00f5es de trabalhadores inseridos no mercado de trabalho ao longo dos tr\u00eas anos e tr\u00eas meses do governo [&hellip;]<\/p>\n","protected":false},"author":2,"featured_media":129037,"comment_status":"open","ping_status":"open","sticky":false,"template":"","format":"standard","meta":[],"categories":[130,72],"tags":[8149,2561,8150,138],"_links":{"self":[{"href":"https:\/\/www.blogdopaulonunes.com\/v5\/index.php\/wp-json\/wp\/v2\/posts\/129036"}],"collection":[{"href":"https:\/\/www.blogdopaulonunes.com\/v5\/index.php\/wp-json\/wp\/v2\/posts"}],"about":[{"href":"https:\/\/www.blogdopaulonunes.com\/v5\/index.php\/wp-json\/wp\/v2\/types\/post"}],"author":[{"embeddable":true,"href":"https:\/\/www.blogdopaulonunes.com\/v5\/index.php\/wp-json\/wp\/v2\/users\/2"}],"replies":[{"embeddable":true,"href":"https:\/\/www.blogdopaulonunes.com\/v5\/index.php\/wp-json\/wp\/v2\/comments?post=129036"}],"version-history":[{"count":1,"href":"https:\/\/www.blogdopaulonunes.com\/v5\/index.php\/wp-json\/wp\/v2\/posts\/129036\/revisions"}],"predecessor-version":[{"id":129038,"href":"https:\/\/www.blogdopaulonunes.com\/v5\/index.php\/wp-json\/wp\/v2\/posts\/129036\/revisions\/129038"}],"wp:featuredmedia":[{"embeddable":true,"href":"https:\/\/www.blogdopaulonunes.com\/v5\/index.php\/wp-json\/wp\/v2\/media\/129037"}],"wp:attachment":[{"href":"https:\/\/www.blogdopaulonunes.com\/v5\/index.php\/wp-json\/wp\/v2\/media?parent=129036"}],"wp:term":[{"taxonomy":"category","embeddable":true,"href":"https:\/\/www.blogdopaulonunes.com\/v5\/index.php\/wp-json\/wp\/v2\/categories?post=129036"},{"taxonomy":"post_tag","embeddable":true,"href":"https:\/\/www.blogdopaulonunes.com\/v5\/index.php\/wp-json\/wp\/v2\/tags?post=129036"}],"curies":[{"name":"wp","href":"https:\/\/api.w.org\/{rel}","templated":true}]}}