{"id":129020,"date":"2026-04-29T20:31:44","date_gmt":"2026-04-29T23:31:44","guid":{"rendered":"https:\/\/www.blogdopaulonunes.com\/v5\/?p=129020"},"modified":"2026-04-29T20:31:44","modified_gmt":"2026-04-29T23:31:44","slug":"afya-vitoria-da-conquista-sedia-encontro-da-prefeitura-municipal-sobre-agenda-2030-e-desenvolvimento-sustentavel-nesta-quinta-30","status":"publish","type":"post","link":"https:\/\/www.blogdopaulonunes.com\/v5\/index.php\/2026\/04\/29\/afya-vitoria-da-conquista-sedia-encontro-da-prefeitura-municipal-sobre-agenda-2030-e-desenvolvimento-sustentavel-nesta-quinta-30\/","title":{"rendered":"Afya Vit\u00f3ria da Conquista sedia encontro da prefeitura municipal sobre Agenda 2030 e desenvolvimento sustent\u00e1vel nesta quinta, 30"},"content":{"rendered":"<p><strong>Evento gratuito e aberto ao p\u00fablico acontecer\u00e1 no audit\u00f3rio Afya no Shopping Boulevard<\/strong><\/p>\n<p dir=\"ltr\">\n<p dir=\"ltr\" style=\"text-align: justify;\">A Afya Vit\u00f3ria da Conquista ser\u00e1 palco, no pr\u00f3ximo dia 30 de abril, \u00e0s 18h, de um importante momento de di\u00e1logo e reflex\u00e3o sobre sustentabilidade e desenvolvimento social. Em parceria com a prefeitura municipal da cidade, a institui\u00e7\u00e3o recebe a palestra \u201cAgenda 2030 e os Objetivos de Desenvolvimento Sustent\u00e1vel (ODS): caminhos para agir localmente com impacto global\u201d.<\/p>\n<p dir=\"ltr\" style=\"text-align: justify;\">O encontro ser\u00e1 conduzido por Ludmila Ara\u00fajo, coordenadora do Centro de Governan\u00e7a dos Objetivos de Desenvolvimento Sustent\u00e1vel (ODS) e do Comit\u00ea ODS da prefeitura de Vit\u00f3ria da Conquista, que trar\u00e1 ao p\u00fablico uma abordagem pr\u00e1tica e acess\u00edvel sobre como os princ\u00edpios da Agenda 2030 podem ser aplicados no dia a dia, conectando conhecimento com a\u00e7\u00f5es concretas capazes de transformar realidades em toda regi\u00e3o.<\/p>\n<p dir=\"ltr\" style=\"text-align: justify;\">Aberto ao p\u00fablico, o evento acontecer\u00e1 no audit\u00f3rio da Afya localizado no Shopping Boulevard e tem como proposta estimular a constru\u00e7\u00e3o coletiva de solu\u00e7\u00f5es sustent\u00e1veis, refor\u00e7ando a import\u00e2ncia do engajamento da sociedade civil, institui\u00e7\u00f5es de ensino e poder p\u00fablico. Interessados podem se inscrever no <a href=\"https:\/\/vitoriadaconquista.afya.com.br\/eventos\/afya-promove-evento-sobre-agenda-2030-e-ods-com-especialista-convidada\" target=\"_blank\" rel=\"noopener\" data-saferedirecturl=\"https:\/\/www.google.com\/url?q=https:\/\/vitoriadaconquista.afya.com.br\/eventos\/afya-promove-evento-sobre-agenda-2030-e-ods-com-especialista-convidada&amp;source=gmail&amp;ust=1777591571676000&amp;usg=AOvVaw3Hnib1er9eC6-fh9WBx3ET\">link<\/a>.<\/p>\n<p dir=\"ltr\" style=\"text-align: justify;\">Ao sediar o evento, a Afya reafirma seu compromisso com a forma\u00e7\u00e3o de profissionais conscientes e com a promo\u00e7\u00e3o de iniciativas que impactem positivamente a comunidade.<\/p>\n<p dir=\"ltr\" style=\"text-align: justify;\">Para a diretora da Afya Vit\u00f3ria da Conquista, Christiane Mendes, a realiza\u00e7\u00e3o do encontro est\u00e1 diretamente alinhada ao prop\u00f3sito da institui\u00e7\u00e3o. \u201cA Afya entende a educa\u00e7\u00e3o como uma ferramenta de transforma\u00e7\u00e3o social. Receber um evento como esse, em parceria com a prefeitura, refor\u00e7a a nossa responsabilidade de contribuir ativamente para o desenvolvimento sustent\u00e1vel da nossa cidade. Ao longo de todo o ano, buscamos incorporar pr\u00e1ticas sustent\u00e1veis e incentivar nossos alunos a pensarem solu\u00e7\u00f5es que gerem impacto real na sociedade\u201d, destaca.<\/p>\n<p dir=\"ltr\" style=\"text-align: justify;\">As inscri\u00e7\u00f5es s\u00e3o gratuitas e podem ser realizadas por meio do <a href=\"https:\/\/vitoriadaconquista.afya.com.br\/eventos\/afya-promove-evento-sobre-agenda-2030-e-ods-com-especialista-convidada\" target=\"_blank\" rel=\"noopener\" data-saferedirecturl=\"https:\/\/www.google.com\/url?q=https:\/\/vitoriadaconquista.afya.com.br\/eventos\/afya-promove-evento-sobre-agenda-2030-e-ods-com-especialista-convidada&amp;source=gmail&amp;ust=1777591571676000&amp;usg=AOvVaw3Hnib1er9eC6-fh9WBx3ET\">link<\/a> e obter mais informa\u00e7\u00f5es atrav\u00e9s do instagram da faculdade: @afya.conquista.<\/p>\n<p dir=\"ltr\" style=\"text-align: justify;\">Servi\u00e7o<br \/>\nEvento: Agenda 2030 e os Objetivos de Desenvolvimento Sustent\u00e1vel (ODS)<br \/>\nData e hor\u00e1rio: 30 de abril, \u00e0s 18h<br \/>\nLocal: Audit\u00f3rio da Afya, unidade Boulevard. Av. Ol\u00edvia Flores, 2500. Pavimento L00 Loja 010 &#8211; Bairro Candeias.<br \/>\nEntrada gratuita. Inscri\u00e7\u00f5es em: <a href=\"https:\/\/vitoriadaconquista.afya.com.br\/eventos\/afya-promove-evento-sobre-agenda-2030-e-ods-com-especialista-convidada\" target=\"_blank\" rel=\"noopener\" data-saferedirecturl=\"https:\/\/www.google.com\/url?q=https:\/\/vitoriadaconquista.afya.com.br\/eventos\/afya-promove-evento-sobre-agenda-2030-e-ods-com-especialista-convidada&amp;source=gmail&amp;ust=1777591571676000&amp;usg=AOvVaw3Hnib1er9eC6-fh9WBx3ET\">https:\/\/vitoriadaconquista.<wbr \/>afya.com.br\/eventos\/afya-<wbr \/>promove-evento-sobre-agenda-<wbr \/>2030-e-ods-com-especialista-<wbr \/>convidada<\/a><\/p>\n<p dir=\"ltr\" style=\"text-align: justify;\">Sobre a Afya<\/p>\n<p dir=\"ltr\" style=\"text-align: justify;\">A Afya, maior ecossistema de educa\u00e7\u00e3o e tecnologia em medicina no Brasil, re\u00fane 38 Institui\u00e7\u00f5es de Ensino Superior, 33 delas com cursos de Medicina e 25 unidades promovendo p\u00f3s-gradua\u00e7\u00e3o e educa\u00e7\u00e3o continuada em \u00e1reas m\u00e9dicas e de sa\u00fade em todas as regi\u00f5es do pa\u00eds. S\u00e3o 3.653 vagas de Medicina aprovadas e 3.543 vagas de medicina em opera\u00e7\u00e3o, com mais de 24 mil alunos formados nos \u00faltimos 25 anos. Pioneira em pr\u00e1ticas digitais para aprendizagem cont\u00ednua e suporte ao exerc\u00edcio da Medicina, 1 a cada 3 m\u00e9dicos e estudantes de Medicina no pa\u00eds utiliza ao menos uma solu\u00e7\u00e3o digital do portf\u00f3lio, como Afya Whitebook, Afya iClinic e Afya Papers. Primeira empresa de educa\u00e7\u00e3o m\u00e9dica a abrir capital na Nasdaq em 2019, a Afya recebeu pr\u00eamios do jornal\u00a0Valor Econ\u00f4mico, incluindo\u00a0&#8220;Valor Inova\u00e7\u00e3o&#8221; (2023)\u00a0como a mais inovadora do Brasil e\u00a0&#8220;Valor 1000&#8221; (2021, 2023, 2024 e 2025)\u00a0como a melhor empresa de educa\u00e7\u00e3o. Virg\u00edlio Gibbon, CEO da Afya, foi reconhecido como o melhor CEO na \u00e1rea de Educa\u00e7\u00e3o pelo pr\u00eamio\u00a0&#8220;Executivo de Valor&#8221; (2023). Em 2024, a empresa passou a integrar o programa &#8220;Lideran\u00e7a com ImPacto&#8221;, do Pacto Global da ONU no Brasil, como porta-voz da ODS 3 &#8211; Sa\u00fade e Bem-Estar. Mais informa\u00e7\u00f5es em:\u00a0<a href=\"http:\/\/www.afya.com.br\/\" target=\"_blank\" rel=\"noopener\" data-saferedirecturl=\"https:\/\/www.google.com\/url?q=http:\/\/www.afya.com.br\/&amp;source=gmail&amp;ust=1777591571676000&amp;usg=AOvVaw27Rx823UhjEEfWDXMBhyfs\">www.afya.com.br<\/a>\u00a0e\u00a0<a href=\"http:\/\/ir.afya.com.br\/\" target=\"_blank\" rel=\"noopener\" data-saferedirecturl=\"https:\/\/www.google.com\/url?q=http:\/\/ir.afya.com.br\/&amp;source=gmail&amp;ust=1777591571676000&amp;usg=AOvVaw2GXXvBRP93UZEw0gGVi-ny\">ir.afya.<wbr \/>com.br<\/a>.<\/p>\n","protected":false},"excerpt":{"rendered":"<p>Evento gratuito e aberto ao p\u00fablico acontecer\u00e1 no audit\u00f3rio Afya no Shopping Boulevard A Afya Vit\u00f3ria da Conquista ser\u00e1 palco, no pr\u00f3ximo dia 30 de abril, \u00e0s 18h, de um importante momento de di\u00e1logo e reflex\u00e3o sobre sustentabilidade e desenvolvimento social. Em parceria com a prefeitura municipal da cidade, a institui\u00e7\u00e3o recebe a palestra \u201cAgenda [&hellip;]<\/p>\n","protected":false},"author":2,"featured_media":129021,"comment_status":"open","ping_status":"open","sticky":false,"template":"","format":"standard","meta":[],"categories":[104,105],"tags":[8143],"_links":{"self":[{"href":"https:\/\/www.blogdopaulonunes.com\/v5\/index.php\/wp-json\/wp\/v2\/posts\/129020"}],"collection":[{"href":"https:\/\/www.blogdopaulonunes.com\/v5\/index.php\/wp-json\/wp\/v2\/posts"}],"about":[{"href":"https:\/\/www.blogdopaulonunes.com\/v5\/index.php\/wp-json\/wp\/v2\/types\/post"}],"author":[{"embeddable":true,"href":"https:\/\/www.blogdopaulonunes.com\/v5\/index.php\/wp-json\/wp\/v2\/users\/2"}],"replies":[{"embeddable":true,"href":"https:\/\/www.blogdopaulonunes.com\/v5\/index.php\/wp-json\/wp\/v2\/comments?post=129020"}],"version-history":[{"count":1,"href":"https:\/\/www.blogdopaulonunes.com\/v5\/index.php\/wp-json\/wp\/v2\/posts\/129020\/revisions"}],"predecessor-version":[{"id":129022,"href":"https:\/\/www.blogdopaulonunes.com\/v5\/index.php\/wp-json\/wp\/v2\/posts\/129020\/revisions\/129022"}],"wp:featuredmedia":[{"embeddable":true,"href":"https:\/\/www.blogdopaulonunes.com\/v5\/index.php\/wp-json\/wp\/v2\/media\/129021"}],"wp:attachment":[{"href":"https:\/\/www.blogdopaulonunes.com\/v5\/index.php\/wp-json\/wp\/v2\/media?parent=129020"}],"wp:term":[{"taxonomy":"category","embeddable":true,"href":"https:\/\/www.blogdopaulonunes.com\/v5\/index.php\/wp-json\/wp\/v2\/categories?post=129020"},{"taxonomy":"post_tag","embeddable":true,"href":"https:\/\/www.blogdopaulonunes.com\/v5\/index.php\/wp-json\/wp\/v2\/tags?post=129020"}],"curies":[{"name":"wp","href":"https:\/\/api.w.org\/{rel}","templated":true}]}}