{"id":129012,"date":"2026-04-29T16:11:40","date_gmt":"2026-04-29T19:11:40","guid":{"rendered":"https:\/\/www.blogdopaulonunes.com\/v5\/?p=129012"},"modified":"2026-04-29T16:11:40","modified_gmt":"2026-04-29T19:11:40","slug":"governo-lula-chega-ao-menor-deficit-habitacional-da-historia-do-brasil","status":"publish","type":"post","link":"https:\/\/www.blogdopaulonunes.com\/v5\/index.php\/2026\/04\/29\/governo-lula-chega-ao-menor-deficit-habitacional-da-historia-do-brasil\/","title":{"rendered":"Governo Lula chega ao menor d\u00e9ficit habitacional da hist\u00f3ria do Brasil"},"content":{"rendered":"<h5><span style=\"color: #ff0000;\">\u201cQuando lan\u00e7amos o Minha Casa, Minha Vida, o d\u00e9ficit era de 10,2%. Hoje, chegamos a 7,4%, o menor \u00edndice desde 1995\u201d, diz Vladimir Lima.<\/span><\/h5>\n<p style=\"text-align: justify;\"><b>\u00a0<\/b>O programa Minha Casa, Minha Vida, considerado uma das maiores pol\u00edticas habitacionais do Brasil, alcan\u00e7ou um marco hist\u00f3rico ao reduzir o d\u00e9ficit habitacional nacional para os menores n\u00edveis j\u00e1 registrados. Em entrevista ao programa &#8220;Bom Dia, Ministro&#8221;, nesta quarta-feira (29), o Ministro das Cidades, Vladimir Lima, comemorou os avan\u00e7os alcan\u00e7ados pela iniciativa, que desde o seu lan\u00e7amento em 2009 tem desempenhado papel fundamental na melhoria das condi\u00e7\u00f5es habitacionais do pa\u00eds. O d\u00e9ficit habitacional, que estava em 10,2% na \u00e9poca, agora chega a 7,4%, um \u00edndice in\u00e9dito desde o in\u00edcio das medi\u00e7\u00f5es em 1995.<\/p>\n<p style=\"text-align: justify;\">Vladimir Lima destacou tamb\u00e9m o impacto dessa redu\u00e7\u00e3o em estados espec\u00edficos. A Bahia, por exemplo, viu uma queda significativa no d\u00e9ficit habitacional, que passou de 8,9% no final de 2022 para 7,1% em 2023. No Cear\u00e1, o \u00edndice caiu de 7,4% para 6,6%, mostrando uma melhoria geral nas condi\u00e7\u00f5es habitacionais dessas regi\u00f5es. &#8220;Estamos no menor d\u00e9ficit habitacional do pa\u00eds. Quando lan\u00e7amos o Minha Casa, Minha Vida, o d\u00e9ficit era de 10,2%. Hoje, chegamos a 7,4%, o menor \u00edndice desde 1995&#8221;, afirmou o ministro.<\/p>\n<p style=\"text-align: justify;\">O programa, al\u00e9m de sua import\u00e2ncia social, tamb\u00e9m desempenha papel central na economia do pa\u00eds. Lima explicou que o d\u00e9ficit habitacional no Brasil tem tr\u00eas dimens\u00f5es: moradias prec\u00e1rias, coabita\u00e7\u00e3o e \u00f4nus excessivo com aluguel. O Minha Casa, Minha Vida tem trabalhado para reduzir esses problemas, tirando fam\u00edlias de situa\u00e7\u00f5es de aluguel excessivo, coabita\u00e7\u00e3o e moradias prec\u00e1rias.<\/p>\n<p style=\"text-align: justify;\">O governo tamb\u00e9m anunciou uma amplia\u00e7\u00e3o significativa dos recursos para o programa, com um incremento de R$ 20 bilh\u00f5es no or\u00e7amento do Fundo Social, elevando o total para R$ 45 bilh\u00f5es at\u00e9 2026. O or\u00e7amento recorde do programa, somado a outros investimentos em infraestrutura, alcan\u00e7a R$ 200 bilh\u00f5es, o maior valor j\u00e1 registrado.<\/p>\n<p style=\"text-align: justify;\">Com um desempenho acima das expectativas, o programa superou as metas iniciais, que previam 2 milh\u00f5es de unidades at\u00e9 2026, com mais de 2,3 milh\u00f5es de moradias contratadas j\u00e1 em 2025. O presidente Lula, diante do sucesso, estabeleceu uma nova meta de 3 milh\u00f5es de unidades at\u00e9 o final do pr\u00f3ximo ano. &#8220;Mais casas pr\u00f3prias, mais dignidade e qualidade de vida para milh\u00f5es de brasileiros&#8221;, ressaltou Vladimir Lima.<\/p>\n<p style=\"text-align: justify;\">O impacto do Minha Casa, Minha Vida tamb\u00e9m foi destacado no setor da constru\u00e7\u00e3o civil. Segundo a C\u00e2mara Brasileira da Ind\u00fastria da Constru\u00e7\u00e3o (CBIC), o programa foi respons\u00e1vel por 52% dos lan\u00e7amentos imobili\u00e1rios e 49% das vendas no quarto semestre de 2025. No Nordeste, o programa lan\u00e7ou 14.510 unidades, representando 64% de todos os lan\u00e7amentos na regi\u00e3o. &#8220;O programa \u00e9 um motor para a economia e gera empregos&#8221;, afirmou o ministro.<\/p>\n","protected":false},"excerpt":{"rendered":"<p>\u201cQuando lan\u00e7amos o Minha Casa, Minha Vida, o d\u00e9ficit era de 10,2%. Hoje, chegamos a 7,4%, o menor \u00edndice desde 1995\u201d, diz Vladimir Lima. \u00a0O programa Minha Casa, Minha Vida, considerado uma das maiores pol\u00edticas habitacionais do Brasil, alcan\u00e7ou um marco hist\u00f3rico ao reduzir o d\u00e9ficit habitacional nacional para os menores n\u00edveis j\u00e1 registrados. Em [&hellip;]<\/p>\n","protected":false},"author":2,"featured_media":129013,"comment_status":"open","ping_status":"open","sticky":false,"template":"","format":"standard","meta":[],"categories":[130,105],"tags":[8139,138,8140,326],"_links":{"self":[{"href":"https:\/\/www.blogdopaulonunes.com\/v5\/index.php\/wp-json\/wp\/v2\/posts\/129012"}],"collection":[{"href":"https:\/\/www.blogdopaulonunes.com\/v5\/index.php\/wp-json\/wp\/v2\/posts"}],"about":[{"href":"https:\/\/www.blogdopaulonunes.com\/v5\/index.php\/wp-json\/wp\/v2\/types\/post"}],"author":[{"embeddable":true,"href":"https:\/\/www.blogdopaulonunes.com\/v5\/index.php\/wp-json\/wp\/v2\/users\/2"}],"replies":[{"embeddable":true,"href":"https:\/\/www.blogdopaulonunes.com\/v5\/index.php\/wp-json\/wp\/v2\/comments?post=129012"}],"version-history":[{"count":1,"href":"https:\/\/www.blogdopaulonunes.com\/v5\/index.php\/wp-json\/wp\/v2\/posts\/129012\/revisions"}],"predecessor-version":[{"id":129014,"href":"https:\/\/www.blogdopaulonunes.com\/v5\/index.php\/wp-json\/wp\/v2\/posts\/129012\/revisions\/129014"}],"wp:featuredmedia":[{"embeddable":true,"href":"https:\/\/www.blogdopaulonunes.com\/v5\/index.php\/wp-json\/wp\/v2\/media\/129013"}],"wp:attachment":[{"href":"https:\/\/www.blogdopaulonunes.com\/v5\/index.php\/wp-json\/wp\/v2\/media?parent=129012"}],"wp:term":[{"taxonomy":"category","embeddable":true,"href":"https:\/\/www.blogdopaulonunes.com\/v5\/index.php\/wp-json\/wp\/v2\/categories?post=129012"},{"taxonomy":"post_tag","embeddable":true,"href":"https:\/\/www.blogdopaulonunes.com\/v5\/index.php\/wp-json\/wp\/v2\/tags?post=129012"}],"curies":[{"name":"wp","href":"https:\/\/api.w.org\/{rel}","templated":true}]}}