{"id":129009,"date":"2026-04-28T14:33:04","date_gmt":"2026-04-28T17:33:04","guid":{"rendered":"https:\/\/www.blogdopaulonunes.com\/v5\/?p=129009"},"modified":"2026-04-28T14:33:04","modified_gmt":"2026-04-28T17:33:04","slug":"flavio-bolsonaro-reage-ao-vazamento-de-seu-plano-de-governo-que-preve-congelar-aposentadorias","status":"publish","type":"post","link":"https:\/\/www.blogdopaulonunes.com\/v5\/index.php\/2026\/04\/28\/flavio-bolsonaro-reage-ao-vazamento-de-seu-plano-de-governo-que-preve-congelar-aposentadorias\/","title":{"rendered":"Fl\u00e1vio Bolsonaro reage ao vazamento de seu plano de governo que prev\u00ea congelar aposentadorias"},"content":{"rendered":"<p style=\"text-align: justify;\"><strong>Suposto programa econ\u00f4mico do senador, que \u00e9 pr\u00e9-candidato \u00e0 presid\u00eancia, acabaria com reajuste de aposentadorias e despesas com sa\u00fade e educa\u00e7\u00e3o acima da infla\u00e7\u00e3o<\/strong><\/p>\n<p style=\"text-align: justify;\">Um plano econ\u00f4mico atribu\u00eddo \u00e0 equipe do senador Fl\u00e1vio Bolsonaro (PL-RJ), pr\u00e9-candidato \u00e0 presid\u00eancia da Rep\u00fablica, prev\u00ea o congelamento, na pr\u00e1tica, de aposentadorias e de investimentos em \u00e1reas sociais. Segundo reportagem da <i>Folha de S.Paulo<\/i>, a proposta \u00e9 fazer com que esses gastos passem a ser corrigidos apenas pela infla\u00e7\u00e3o, sem aumento real.<\/p>\n<p style=\"text-align: justify;\">Hoje, aposentadorias, sal\u00e1rio m\u00ednimo e pisos de sa\u00fade e educa\u00e7\u00e3o podem crescer acima da infla\u00e7\u00e3o. A mudan\u00e7a estudada eliminaria esse ganho real.<\/p>\n<h2><b>O que muda<\/b><\/h2>\n<p>De acordo com a reportagem, tr\u00eas frentes principais est\u00e3o em discuss\u00e3o:<\/p>\n<ul>\n<li style=\"text-align: justify;\" aria-level=\"1\"><b>Aposentadorias e benef\u00edcios sociais<\/b>: passariam a ter reajuste apenas pela infla\u00e7\u00e3o. Isso inclui benef\u00edcios do INSS e o BPC (Benef\u00edcio de Presta\u00e7\u00e3o Continuada). Na pr\u00e1tica, haveria congelamento do poder de crescimento desses rendimentos ao longo do tempo.<\/li>\n<li style=\"text-align: justify;\" aria-level=\"1\"><b>Sal\u00e1rio m\u00ednimo<\/b>: a proposta prev\u00ea separar o reajuste do m\u00ednimo pago aos trabalhadores dos benef\u00edcios previdenci\u00e1rios. Ou seja, mesmo que o sal\u00e1rio m\u00ednimo suba acima da infla\u00e7\u00e3o, aposentadorias poderiam ficar limitadas \u00e0 reposi\u00e7\u00e3o inflacion\u00e1ria.<\/li>\n<li style=\"text-align: justify;\" aria-level=\"1\"><b>Sa\u00fade e educa\u00e7\u00e3o<\/b>: os pisos constitucionais \u2014 hoje vinculados a percentuais da arrecada\u00e7\u00e3o \u2014 deixariam de acompanhar o crescimento da receita. Na pr\u00e1tica, os investimentos nessas \u00e1reas tamb\u00e9m ficariam congelados em termos reais.<\/li>\n<\/ul>\n<h2><b>Ajuste fiscal<\/b><\/h2>\n<p style=\"text-align: justify;\">O objetivo do pacote seria reduzir despesas p\u00fablicas em cerca de 2% do PIB. A avalia\u00e7\u00e3o dentro da equipe ligada ao senador, segundo a\u00a0<i>Folha<\/i>, \u00e9 de que isso ajudaria a sinalizar controle das contas p\u00fablicas e melhorar a confian\u00e7a do mercado.<\/p>\n<h2><b>Impacto<\/b><\/h2>\n<p style=\"text-align: justify;\">Na pr\u00e1tica, as medidas atingem diretamente aposentados e o financiamento de pol\u00edticas p\u00fablicas. Sem aumentos reais, benef\u00edcios e investimentos deixam de crescer junto com a economia, o que tende a reduzir renda e capacidade de atendimento ao longo dos anos.<\/p>\n<p style=\"text-align: justify;\">As mudan\u00e7as exigiriam altera\u00e7\u00f5es na Constitui\u00e7\u00e3o e dependem de aprova\u00e7\u00e3o do Congresso.<\/p>\n<h2 style=\"text-align: justify;\"><b>Negativa<\/b><\/h2>\n<p style=\"text-align: justify;\">Ap\u00f3s a publica\u00e7\u00e3o, Fl\u00e1vio Bolsonaro negou o conte\u00fado e classificou a informa\u00e7\u00e3o como falsa:<\/p>\n<p style=\"text-align: justify;\">\u201cO dia j\u00e1 come\u00e7a com combate \u00e0s FAKE NEWS!<br \/>\nFonte furada, nunca tratei do tema internamente!\u201d<\/p>\n<p style=\"text-align: justify;\"><strong><span style=\"color: #ff0000;\">A\u00a0<i>Folha de S.Paulo<\/i>\u00a0afirmou que mant\u00e9m a reportagem, baseada em relatos de integrantes da equipe e interlocutores da pr\u00e9-campanha.<\/span><\/strong><\/p>\n","protected":false},"excerpt":{"rendered":"<p>Suposto programa econ\u00f4mico do senador, que \u00e9 pr\u00e9-candidato \u00e0 presid\u00eancia, acabaria com reajuste de aposentadorias e despesas com sa\u00fade e educa\u00e7\u00e3o acima da infla\u00e7\u00e3o Um plano econ\u00f4mico atribu\u00eddo \u00e0 equipe do senador Fl\u00e1vio Bolsonaro (PL-RJ), pr\u00e9-candidato \u00e0 presid\u00eancia da Rep\u00fablica, prev\u00ea o congelamento, na pr\u00e1tica, de aposentadorias e de investimentos em \u00e1reas sociais. Segundo reportagem [&hellip;]<\/p>\n","protected":false},"author":2,"featured_media":129010,"comment_status":"open","ping_status":"open","sticky":false,"template":"","format":"standard","meta":[],"categories":[23,105],"tags":[8138,3792],"_links":{"self":[{"href":"https:\/\/www.blogdopaulonunes.com\/v5\/index.php\/wp-json\/wp\/v2\/posts\/129009"}],"collection":[{"href":"https:\/\/www.blogdopaulonunes.com\/v5\/index.php\/wp-json\/wp\/v2\/posts"}],"about":[{"href":"https:\/\/www.blogdopaulonunes.com\/v5\/index.php\/wp-json\/wp\/v2\/types\/post"}],"author":[{"embeddable":true,"href":"https:\/\/www.blogdopaulonunes.com\/v5\/index.php\/wp-json\/wp\/v2\/users\/2"}],"replies":[{"embeddable":true,"href":"https:\/\/www.blogdopaulonunes.com\/v5\/index.php\/wp-json\/wp\/v2\/comments?post=129009"}],"version-history":[{"count":1,"href":"https:\/\/www.blogdopaulonunes.com\/v5\/index.php\/wp-json\/wp\/v2\/posts\/129009\/revisions"}],"predecessor-version":[{"id":129011,"href":"https:\/\/www.blogdopaulonunes.com\/v5\/index.php\/wp-json\/wp\/v2\/posts\/129009\/revisions\/129011"}],"wp:featuredmedia":[{"embeddable":true,"href":"https:\/\/www.blogdopaulonunes.com\/v5\/index.php\/wp-json\/wp\/v2\/media\/129010"}],"wp:attachment":[{"href":"https:\/\/www.blogdopaulonunes.com\/v5\/index.php\/wp-json\/wp\/v2\/media?parent=129009"}],"wp:term":[{"taxonomy":"category","embeddable":true,"href":"https:\/\/www.blogdopaulonunes.com\/v5\/index.php\/wp-json\/wp\/v2\/categories?post=129009"},{"taxonomy":"post_tag","embeddable":true,"href":"https:\/\/www.blogdopaulonunes.com\/v5\/index.php\/wp-json\/wp\/v2\/tags?post=129009"}],"curies":[{"name":"wp","href":"https:\/\/api.w.org\/{rel}","templated":true}]}}