{"id":129003,"date":"2026-04-28T14:04:54","date_gmt":"2026-04-28T17:04:54","guid":{"rendered":"https:\/\/www.blogdopaulonunes.com\/v5\/?p=129003"},"modified":"2026-04-28T14:04:54","modified_gmt":"2026-04-28T17:04:54","slug":"governo-da-bahia-investe-r-90-milhoes-na-modernizacao-do-hospital-geral-de-vitoria-da-conquista-e-fortalece-a-saude-publica-regional","status":"publish","type":"post","link":"https:\/\/www.blogdopaulonunes.com\/v5\/index.php\/2026\/04\/28\/governo-da-bahia-investe-r-90-milhoes-na-modernizacao-do-hospital-geral-de-vitoria-da-conquista-e-fortalece-a-saude-publica-regional\/","title":{"rendered":"Governo da Bahia investe R$ 90 milh\u00f5es na moderniza\u00e7\u00e3o do Hospital Geral de Vit\u00f3ria da Conquista e fortalece a sa\u00fade p\u00fablica regional"},"content":{"rendered":"<p style=\"text-align: justify;\"><strong>Herbeson Sonkha<\/strong><br \/>\nVIT\u00d3RIA DA CONQUISTA (BA) &#8211; Governo da Bahia segue ampliando os investimentos na regionaliza\u00e7\u00e3o da sa\u00fade p\u00fablica e na qualifica\u00e7\u00e3o do Sistema \u00danico de Sa\u00fade (SUS) com a reforma e moderniza\u00e7\u00e3o do Hospital Geral de Vit\u00f3ria da Conquista (HGVC), obra estruturante que receber\u00e1 investimento de aproximadamente R$ 90 milh\u00f5es.<br \/>\nA interven\u00e7\u00e3o integra o conjunto de a\u00e7\u00f5es do governo Jer\u00f4nimo Rodrigues para fortalecer a rede p\u00fablica estadual, ampliar a capacidade de atendimento e garantir mais dignidade, efici\u00eancia e humaniza\u00e7\u00e3o aos servi\u00e7os ofertados \u00e0 popula\u00e7\u00e3o do Sudoeste baiano e regi\u00f5es pactuadas, incluindo usu\u00e1rios do Norte de Minas Gerais \u2014 um universo estimado em cerca de 2 milh\u00f5es de pessoas.<br \/>\nConstru\u00eddo h\u00e1 mais de quatro d\u00e9cadas, o hospital responde historicamente a uma demanda crescente em uma macrorregi\u00e3o formada por 74 munic\u00edpios. Ao longo dos anos, amplia\u00e7\u00f5es e adequa\u00e7\u00f5es prediais foram realizadas para assegurar a continuidade da assist\u00eancia. Entretanto, o crescimento populacional e a maior complexidade dos atendimentos tornaram necess\u00e1ria uma ampla requalifica\u00e7\u00e3o da estrutura f\u00edsica e tecnol\u00f3gica da unidade.<br \/>\nO projeto prev\u00ea a implanta\u00e7\u00e3o de uma nova emerg\u00eancia, 11 salas cir\u00fargicas, amplia\u00e7\u00e3o de 40 novos leitos de Unidade de Terapia Intensiva (UTI), implanta\u00e7\u00e3o de um novo servi\u00e7o de hemodin\u00e2mica, uma nova Central de Material e Esteriliza\u00e7\u00e3o (CME) e um novo edif\u00edcio administrativo. Esses equipamentos integrar\u00e3o uma nova estrutura de quatro andares, voltada \u00e0 reorganiza\u00e7\u00e3o da gest\u00e3o hospitalar e \u00e0 melhoria das condi\u00e7\u00f5es de trabalho dos servidores p\u00fablicos.<br \/>\nA atual \u00e1rea administrativa ser\u00e1 substitu\u00edda por instala\u00e7\u00f5es modernas, ampliadas e funcionais, reunindo as sete diretorias do complexo \u2014 Dire\u00e7\u00e3o-Geral, Diretoria Administrativa, Diretoria Cl\u00ednica, Diretoria T\u00e9cnica, Diretoria de Enfermagem, Recursos Humanos e Diretoria Financeira \u2014 fortalecendo a capacidade de planejamento, coordena\u00e7\u00e3o e gest\u00e3o da unidade.<br \/>\nA obra reafirma uma diretriz estrat\u00e9gica do governo Jer\u00f4nimo Rodrigues: investir na interioriza\u00e7\u00e3o das pol\u00edticas p\u00fablicas, reduzir desigualdades regionais e consolidar uma sa\u00fade p\u00fablica mais resolutiva, humanizada e territorializada. Mais do que uma interven\u00e7\u00e3o f\u00edsica, a reforma representa investimento na valoriza\u00e7\u00e3o do SUS, dos trabalhadores da sa\u00fade e no direito da popula\u00e7\u00e3o a um atendimento de qualidade.<br \/>\nA agenda do Governo do Estado em Vit\u00f3ria da Conquista tem priorizado a\u00e7\u00f5es estruturantes para adequar o Complexo Hospitalar de Vit\u00f3ria da Conquista (CHVC) \u00e0s demandas atuais e futuras da regi\u00e3o, com investimentos em edifica\u00e7\u00f5es, moderniza\u00e7\u00e3o das redes el\u00e9trica e hidr\u00e1ulica, incorpora\u00e7\u00e3o tecnol\u00f3gica e novos equipamentos hospitalares.<br \/>\nCom a iniciativa, o governo baiano reafirma o compromisso com um projeto pol\u00edtico orientado pela inclus\u00e3o social, pela presen\u00e7a do Estado e pelo fortalecimento dos servi\u00e7os p\u00fablicos como instrumentos de promo\u00e7\u00e3o da cidadania e do desenvolvimento regional.<\/p>\n","protected":false},"excerpt":{"rendered":"<p>Herbeson Sonkha VIT\u00d3RIA DA CONQUISTA (BA) &#8211; Governo da Bahia segue ampliando os investimentos na regionaliza\u00e7\u00e3o da sa\u00fade p\u00fablica e na qualifica\u00e7\u00e3o do Sistema \u00danico de Sa\u00fade (SUS) com a reforma e moderniza\u00e7\u00e3o do Hospital Geral de Vit\u00f3ria da Conquista (HGVC), obra estruturante que receber\u00e1 investimento de aproximadamente R$ 90 milh\u00f5es. A interven\u00e7\u00e3o integra o [&hellip;]<\/p>\n","protected":false},"author":2,"featured_media":129004,"comment_status":"open","ping_status":"open","sticky":false,"template":"","format":"standard","meta":[],"categories":[67,71],"tags":[305,6265,6390],"_links":{"self":[{"href":"https:\/\/www.blogdopaulonunes.com\/v5\/index.php\/wp-json\/wp\/v2\/posts\/129003"}],"collection":[{"href":"https:\/\/www.blogdopaulonunes.com\/v5\/index.php\/wp-json\/wp\/v2\/posts"}],"about":[{"href":"https:\/\/www.blogdopaulonunes.com\/v5\/index.php\/wp-json\/wp\/v2\/types\/post"}],"author":[{"embeddable":true,"href":"https:\/\/www.blogdopaulonunes.com\/v5\/index.php\/wp-json\/wp\/v2\/users\/2"}],"replies":[{"embeddable":true,"href":"https:\/\/www.blogdopaulonunes.com\/v5\/index.php\/wp-json\/wp\/v2\/comments?post=129003"}],"version-history":[{"count":1,"href":"https:\/\/www.blogdopaulonunes.com\/v5\/index.php\/wp-json\/wp\/v2\/posts\/129003\/revisions"}],"predecessor-version":[{"id":129005,"href":"https:\/\/www.blogdopaulonunes.com\/v5\/index.php\/wp-json\/wp\/v2\/posts\/129003\/revisions\/129005"}],"wp:featuredmedia":[{"embeddable":true,"href":"https:\/\/www.blogdopaulonunes.com\/v5\/index.php\/wp-json\/wp\/v2\/media\/129004"}],"wp:attachment":[{"href":"https:\/\/www.blogdopaulonunes.com\/v5\/index.php\/wp-json\/wp\/v2\/media?parent=129003"}],"wp:term":[{"taxonomy":"category","embeddable":true,"href":"https:\/\/www.blogdopaulonunes.com\/v5\/index.php\/wp-json\/wp\/v2\/categories?post=129003"},{"taxonomy":"post_tag","embeddable":true,"href":"https:\/\/www.blogdopaulonunes.com\/v5\/index.php\/wp-json\/wp\/v2\/tags?post=129003"}],"curies":[{"name":"wp","href":"https:\/\/api.w.org\/{rel}","templated":true}]}}