{"id":129001,"date":"2026-04-28T11:01:09","date_gmt":"2026-04-28T14:01:09","guid":{"rendered":"https:\/\/www.blogdopaulonunes.com\/v5\/?p=129001"},"modified":"2026-04-28T11:01:09","modified_gmt":"2026-04-28T14:01:09","slug":"com-lula-forte-no-1o-turno-e-empatado-no-2o-pesquisa-atlas-aponta-disputa-acirrada-em-2026","status":"publish","type":"post","link":"https:\/\/www.blogdopaulonunes.com\/v5\/index.php\/2026\/04\/28\/com-lula-forte-no-1o-turno-e-empatado-no-2o-pesquisa-atlas-aponta-disputa-acirrada-em-2026\/","title":{"rendered":"Com Lula forte no 1\u00ba turno e empatado no 2\u00ba, pesquisa Atlas aponta disputa acirrada em 2026"},"content":{"rendered":"<p style=\"text-align: justify;\"><strong>Levantamento Atlas\/Bloomberg revela lideran\u00e7a de Lula no primeiro turno, empate com Fl\u00e1vio Bolsonaro no segundo e alta rejei\u00e7\u00e3o entre principais candidatos.<\/strong><\/p>\n<p style=\"text-align: justify;\"><b>\u00a0<\/b>A pesquisa Atlas\/Bloomberg divulgada nesta ter\u00e7a-feira (28) aponta disputa acirrada em 2026 e revela um cen\u00e1rio marcado por polariza\u00e7\u00e3o persistente, com equil\u00edbrio entre os principais candidatos e elevada rejei\u00e7\u00e3o entre os l\u00edderes pol\u00edticos.<\/p>\n<figure><img loading=\"lazy\" src=\"https:\/\/cdn.brasil247.com\/pb-b247gcp\/swp\/jtjeq9\/media\/20260428080428_df590c716df61d7c3c832e1323eede8d9e0a1fa33d6fbb96e6526939a1c4a2aa.png\" alt=\"infografico\" width=\"1198\" height=\"1313\" \/><\/figure>\n<h2>Avalia\u00e7\u00e3o de governo e aprova\u00e7\u00e3o<\/h2>\n<p style=\"text-align: justify;\">O levantamento mostra que o presidente Luiz In\u00e1cio Lula da Silva (PT) registra 46,8% de aprova\u00e7\u00e3o, enquanto 52,5% desaprovam sua gest\u00e3o.<\/p>\n<div class=\"marginBottom30\">\n<div class=\"ad ad--center marginBottom0\">\n<div id=\"b247-multipage-video-1\" data-google-query-id=\"CKzA5eDYkJQDFZw3HgAdfaM2Bw\">\n<div id=\"google_ads_iframe_\/55115104\/b247-multipage-video-1_0__container__\">\n<p style=\"text-align: justify;\">Na avalia\u00e7\u00e3o geral do governo, 51,3% classificam a administra\u00e7\u00e3o como ruim ou p\u00e9ssima, enquanto 42% consideram \u00f3tima ou boa, indicando um cen\u00e1rio de desgaste pol\u00edtico relevante.<\/p>\n<h2>Polariza\u00e7\u00e3o se mant\u00e9m<\/h2>\n<p style=\"text-align: justify;\">A pesquisa indica que a polariza\u00e7\u00e3o segue como principal caracter\u00edstica do cen\u00e1rio eleitoral. Em uma simula\u00e7\u00e3o com os mesmos candidatos de 2022, Lula aparece com 45,2% das inten\u00e7\u00f5es de voto, contra 45% de Jair Bolsonaro (PL), configurando empate t\u00e9cnico. Jair Bolsonaro, no entanto, est\u00e1 ineleg\u00edvel e cumpre pris\u00e3o domiciliar por tentativa de golpe de Estado.<\/p>\n<p>O dado refor\u00e7a a manuten\u00e7\u00e3o de um cen\u00e1rio dividido entre os dois principais campos pol\u00edticos do pa\u00eds.<\/p>\n<h2>Cen\u00e1rios de primeiro turno<\/h2>\n<p style=\"text-align: justify;\">No principal cen\u00e1rio de primeiro turno, Lula lidera com 46,6%, seguido por Fl\u00e1vio Bolsonaro, com 39,7%. Outros nomes aparecem com percentuais menores, como Renan Santos (5,3%), Ronaldo Caiado (3,3%) e Romeu Zema (3,1%).<\/p>\n<p style=\"text-align: justify;\">Quando o candidato governista \u00e9 Fernando Haddad (PT), ele registra 40,5%, contra 39,2% de Fl\u00e1vio Bolsonaro, mantendo a disputa em patamar equilibrado.<\/p>\n<h2>Disputa no segundo turno<\/h2>\n<p>Nas simula\u00e7\u00f5es de segundo turno, Lula aparece em empate t\u00e9cnico com Fl\u00e1vio Bolsonaro, com 47,5% contra 47,8%.<\/p>\n<p style=\"text-align: justify;\">Contra Jair Bolsonaro, Lula teria vantagem, com 48% frente a 46,8%. O presidente tamb\u00e9m venceria outros nomes testados, como Romeu Zema, Ronaldo Caiado e Renan Santos.<\/p>\n<p style=\"text-align: justify;\">Sem Lula na disputa, Fl\u00e1vio Bolsonaro aparece \u00e0 frente tanto de Fernando Haddad, com 48,1% contra 44,3%, quanto de Geraldo Alckmin (PSB), por 47,5% a 45,9%.<\/p>\n<h2 style=\"text-align: justify;\">Alta rejei\u00e7\u00e3o entre candidatos<\/h2>\n<p style=\"text-align: justify;\">A pesquisa tamb\u00e9m mostra n\u00edveis elevados de rejei\u00e7\u00e3o. Lula lidera nesse indicador, com 51%, seguido por Fl\u00e1vio Bolsonaro, com 49,8%, e Jair Bolsonaro, com 44,9%.<\/p>\n<p style=\"text-align: justify;\">Outros nomes tamb\u00e9m apresentam rejei\u00e7\u00e3o significativa, como Renan Santos (42,2%), Fernando Haddad (41,9%), Romeu Zema (40,9%) e Ronaldo Caiado (38,7%).<\/p>\n<h2>Cen\u00e1rio aberto<\/h2>\n<p style=\"text-align: justify;\">O conjunto dos dados aponta para uma elei\u00e7\u00e3o aberta, com margens estreitas nos principais cen\u00e1rios e forte polariza\u00e7\u00e3o. A combina\u00e7\u00e3o entre competitividade elevada e altos \u00edndices de rejei\u00e7\u00e3o sugere uma disputa imprevis\u00edvel e altamente dependente da evolu\u00e7\u00e3o do cen\u00e1rio pol\u00edtico ao longo dos pr\u00f3ximos meses.<\/p>\n<h2>Metodologia<\/h2>\n<p>A pesquisa ouviu 5.008 pessoas entre os dias 22 e 27, com margem de erro de 1 ponto percentual e n\u00edvel de confian\u00e7a de 95%, conforme registro no TSE sob o n\u00famero BR-07992\/2026.<\/p>\n<\/div>\n<div id=\"notsy_container_7063258\" class=\"B24_VIDEO_GAM\" data-notsy-container-index=\"1\" data-notsy-mapped-container=\"1\" data-ym-video-sticky-mode=\"1\">\n<div>\n<div id=\"video_25049-container\" class=\"nts-container\" data-mobile=\"0\">\n<div id=\"video_25049-sub-container\" class=\"ym-video--sub-container\">\n<div id=\"video_25049-placeholder\"><\/div>\n<div id=\"video_25049-float-container\" class=\"nts-float-container ym-float-container__sticky\">\n<div class=\"ym-video--player-container\">\n<div id=\"video_25049\" class=\"video-js vjs-default-skin vjs-big-play-centered vjs-paused video_25049-dimensions vjs-fluid vjs-controls-enabled vjs-workinghover vjs-v7 vjs-user-active\" lang=\"pt-br\" tabindex=\"-1\" role=\"region\" aria-label=\"Video Player\">\n<div class=\"vjs-poster\" aria-disabled=\"false\"><\/div>\n<\/div>\n<\/div>\n<\/div>\n<\/div>\n<\/div>\n<\/div>\n<\/div>\n<\/div>\n<\/div>\n<\/div>\n","protected":false},"excerpt":{"rendered":"<p>Levantamento Atlas\/Bloomberg revela lideran\u00e7a de Lula no primeiro turno, empate com Fl\u00e1vio Bolsonaro no segundo e alta rejei\u00e7\u00e3o entre principais candidatos. \u00a0A pesquisa Atlas\/Bloomberg divulgada nesta ter\u00e7a-feira (28) aponta disputa acirrada em 2026 e revela um cen\u00e1rio marcado por polariza\u00e7\u00e3o persistente, com equil\u00edbrio entre os principais candidatos e elevada rejei\u00e7\u00e3o entre os l\u00edderes pol\u00edticos. Avalia\u00e7\u00e3o [&hellip;]<\/p>\n","protected":false},"author":2,"featured_media":127725,"comment_status":"open","ping_status":"open","sticky":false,"template":"","format":"standard","meta":[],"categories":[7196,105],"tags":[8134,8133],"_links":{"self":[{"href":"https:\/\/www.blogdopaulonunes.com\/v5\/index.php\/wp-json\/wp\/v2\/posts\/129001"}],"collection":[{"href":"https:\/\/www.blogdopaulonunes.com\/v5\/index.php\/wp-json\/wp\/v2\/posts"}],"about":[{"href":"https:\/\/www.blogdopaulonunes.com\/v5\/index.php\/wp-json\/wp\/v2\/types\/post"}],"author":[{"embeddable":true,"href":"https:\/\/www.blogdopaulonunes.com\/v5\/index.php\/wp-json\/wp\/v2\/users\/2"}],"replies":[{"embeddable":true,"href":"https:\/\/www.blogdopaulonunes.com\/v5\/index.php\/wp-json\/wp\/v2\/comments?post=129001"}],"version-history":[{"count":1,"href":"https:\/\/www.blogdopaulonunes.com\/v5\/index.php\/wp-json\/wp\/v2\/posts\/129001\/revisions"}],"predecessor-version":[{"id":129002,"href":"https:\/\/www.blogdopaulonunes.com\/v5\/index.php\/wp-json\/wp\/v2\/posts\/129001\/revisions\/129002"}],"wp:featuredmedia":[{"embeddable":true,"href":"https:\/\/www.blogdopaulonunes.com\/v5\/index.php\/wp-json\/wp\/v2\/media\/127725"}],"wp:attachment":[{"href":"https:\/\/www.blogdopaulonunes.com\/v5\/index.php\/wp-json\/wp\/v2\/media?parent=129001"}],"wp:term":[{"taxonomy":"category","embeddable":true,"href":"https:\/\/www.blogdopaulonunes.com\/v5\/index.php\/wp-json\/wp\/v2\/categories?post=129001"},{"taxonomy":"post_tag","embeddable":true,"href":"https:\/\/www.blogdopaulonunes.com\/v5\/index.php\/wp-json\/wp\/v2\/tags?post=129001"}],"curies":[{"name":"wp","href":"https:\/\/api.w.org\/{rel}","templated":true}]}}