{"id":128998,"date":"2026-04-27T15:00:42","date_gmt":"2026-04-27T18:00:42","guid":{"rendered":"https:\/\/www.blogdopaulonunes.com\/v5\/?p=128998"},"modified":"2026-04-27T15:00:42","modified_gmt":"2026-04-27T18:00:42","slug":"na-cidade-de-glauber-rocha-a-arte-a-cultura-ainda-resistem-apesar-do-profundo-vazio-instutucional","status":"publish","type":"post","link":"https:\/\/www.blogdopaulonunes.com\/v5\/index.php\/2026\/04\/27\/na-cidade-de-glauber-rocha-a-arte-a-cultura-ainda-resistem-apesar-do-profundo-vazio-instutucional\/","title":{"rendered":"Na cidade de Glauber Rocha a arte a cultura ainda resistem apesar do profundo vazio instutucional"},"content":{"rendered":"<p>&nbsp;<\/p>\n<p><b><i>\u00a0\u00a0\u00a0\u00a0(Prof. Dirlei A Bonfim).*\u00a0 <\/i><\/b> <b><i>\u00a0<\/i><\/b><\/p>\n<p style=\"text-align: justify;\"><span style=\"font-weight: 400;\">H\u00e1 mais que uma percep\u00e7\u00e3o profunda, h\u00e1 mesmo uma Constata\u00e7\u00e3o de que o Processo Cultural do munic\u00edpio de Vit\u00f3ria da Conquista Bahia., vem sendo desprezado, ignorado, sucateado pelas a\u00e7\u00f5es negligenciais, do poder p\u00fablico municipal, atrav\u00e9s da omiss\u00e3o da Secretaria Municipal de Cultura, que vem sendo conduzida a cerca de 10 (dez anos), por um grupo pol\u00edtico que interpreta a CULTURA, apenas como custo e na maioria das vezes como entretenimento. Assim, algumas an\u00e1lises de Artistas, Professores, Intelectuais toca em feridas profundas e compartilhadas por boa parte da Classe art\u00edstica e Cultural de Vit\u00f3ria da Conquista. Para entender um pouco sobre a Cultura enquanto <\/span><b><i>neg\u00f3cio da chamada Ind\u00fastria Cultural. Segundo Theodor Adorno, <\/i><\/b><b><i>Max Horkheimer,<\/i><\/b><b><i> e Herbert Marcuse (2020),<\/i><\/b> <b><i>acerca das imposi\u00e7\u00f5es e malef\u00edcios da chamada Ind\u00fastria Cultural, para os Artistas e todo o processo Cultural,<\/i><\/b><span style=\"font-weight: 400;\"> em quaisquer lugares do planeta. V\u00e3o <\/span><span style=\"font-weight: 400;\">descrever tamb\u00e9m a ind\u00fastria cultural, de como a arte e a cultura foram transformadas em mercadorias padronizadas pelo sistema capitalista, servindo como ferramenta de domina\u00e7\u00e3o e aliena\u00e7\u00e3o, o que eles denominaram de <\/span><b><i>&#8220;falso entretenimento&#8221;. <\/i><\/b><span style=\"font-weight: 400;\">As grandes festas de largo, sejam nas pra\u00e7as p\u00fablicas, ou nos espa\u00e7os privados, n\u00e3o importa, o chamado entretenimento oferecido pela ind\u00fastria cultural \u00e9 considerado &#8220;falso&#8221; porque n\u00e3o visa o prazer genu\u00edno ou a emancipa\u00e7\u00e3o, mas sim o\u00a0<\/span><b>conformismo social<\/b><span style=\"font-weight: 400;\">\u00a0e a\u00a0<\/span><b>aliena\u00e7\u00e3o<\/b><span style=\"font-weight: 400;\">.\u00a0<\/span><b>A Arte como Mercadoria<\/b><span style=\"font-weight: 400;\">: Diferente da arte aut\u00eantica, que deveria provocar desconforto e questionamento, o &#8220;falso entretenimento&#8221; \u00e9 produzido em s\u00e9rie como em uma f\u00e1brica, visando exclusivamente o\u00a0<\/span><b>lucro<\/b><span style=\"font-weight: 400;\">\u00a0e a reprodu\u00e7\u00e3o da ideologia dominante. <\/span><b><i>Os Expoentes da Escola de Frankfurt, a arte aut\u00eantica \u00e9 o oposto do entretenimento produzido pela Ind\u00fastria Cultural.<\/i><\/b><span style=\"font-weight: 400;\"> Enquanto o entretenimento busca a passividade e a manuten\u00e7\u00e3o do status quo, a arte verdadeira possui uma fun\u00e7\u00e3o cr\u00edtica e emancipat\u00f3ria.\u00a0Alguns dos temas importantes dessa discuss\u00e3o sobre a Ind\u00fastria Cultural:<\/span> <b>A Arte como &#8220;Verdade&#8221; vs. Mercadoria (Adorno): <\/b><span style=\"font-weight: 400;\">Adorno diferencia a Ind\u00fastria Cultural (que produz cultura como mercadoria para as massas) da Arte Aut\u00f4noma.\u00a0<\/span><b>Cr\u00edtica \u00e0 Padroniza\u00e7\u00e3o:<\/b><span style=\"font-weight: 400;\"> Para Adorno, o entretenimento \u00e9 &#8220;mastigado&#8221;: ele impede o pensamento porque j\u00e1 entrega a resposta e a divers\u00e3o pronta.<\/span><b> O Valor do Dif\u00edcil: A arte verdadeira (como a m\u00fasica atonal de Schoenberg ou a literatura de<\/b><span style=\"font-weight: 400;\"> Beckett) deve ser &#8220;dif\u00edcil&#8221; e at\u00e9 &#8220;feia&#8221;. Ela n\u00e3o serve para relaxar, mas para causar estranhamento e denunciar o sofrimento de uma sociedade administrada.<\/span><b> Negatividade:<\/b><span style=\"font-weight: 400;\"> A arte \u00e9 um &#8220;n\u00e3o&#8221; ao mundo como ele \u00e9. Ela preserva a promessa de felicidade ao mostrar o quanto o presente \u00e9 miser\u00e1vel.\u00a0<\/span><b>A Dimens\u00e3o Est\u00e9tica e a Liberta\u00e7\u00e3o (Marcuse): <\/b><span style=\"font-weight: 400;\">Marcuse foca no potencial revolucion\u00e1rio da sensibilidade est\u00e9tica.<\/span><b> Grande Recusa:<\/b><span style=\"font-weight: 400;\"> A arte representa a &#8220;Grande Recusa&#8221; \u2014 a nega\u00e7\u00e3o da l\u00f3gica do desempenho, da produtividade e da repress\u00e3o sexual\/social. <\/span><b>Sublima\u00e7\u00e3o vs. Dessublima\u00e7\u00e3o Repressiva:<\/b><span style=\"font-weight: 400;\">\u00a0 e a arte para esvaziar a tens\u00e3o cr\u00edtica das pessoas, tornando-as satisfeitas em sua falta de liberdade.<\/span><b> A Outra Realidade:<\/b><span style=\"font-weight: 400;\"> A arte cria uma &#8220;realidade paralela&#8221; que mostra que a vida poderia ser organizada de forma er\u00f3tica (no sentido de prazer e vida) e n\u00e3o apenas t\u00e9cnica.\u00a0<\/span><b>O que h\u00e1 &#8221; para al\u00e9m do entretenimento&#8221;?<\/b> <b>Para ambos, a cultura que importa \u00e9 aquela que preserva a qualidade a individualidade e a consci\u00eancia cr\u00edtica: <\/b><span style=\"font-weight: 400;\">Ao contr\u00e1rio do entretenimento, que transforma todos em &#8220;consumidores&#8221; iguais. <\/span><b>Mant\u00e9m a tens\u00e3o:<\/b><span style=\"font-weight: 400;\"> Ela n\u00e3o oferece consolo f\u00e1cil; ela mant\u00e9m a ferida aberta para que n\u00e3o esque\u00e7amos que o mundo precisa mudar. <\/span><b>Desnaturaliza a realidade:<\/b><span style=\"font-weight: 400;\"> Ela mostra que as leis da economia e da sociedade n\u00e3o s\u00e3o naturais, mas constru\u00e7\u00f5es que podem ser derrubadas. <\/span><b>Numa s\u00edntese acerca da Ind\u00fastria Cultural, para Adorno e Marcuse, se a arte serve para &#8220;passar o tempo&#8221; ou &#8220;relaxar ap\u00f3s o trabalho&#8221;<\/b><span style=\"font-weight: 400;\">, ela j\u00e1 foi derrotada pelo sistema. A arte real \u00e9 aquela que desperta a consci\u00eancia para a aliena\u00e7\u00e3o.\u00a0<\/span><b><i>Segundo Charles Chaplin (1979), \u201c&#8230; A Arte como uma ferramenta universal de humaniza\u00e7\u00e3o, capaz de superar barreiras lingu\u00edsticas e sociais, unindo humor e trag\u00e9dia para provocar reflex\u00e3o e empatia. Para ele, a arte n\u00e3o era apenas entretenimento, mas uma forma de express\u00e3o emocional, um &#8220;t\u00f4nico&#8221; contra a dor, a pobreza, a hipocrisia e o desd\u00e9m dos pol\u00edticos, gestores e detentores do poder\u201d.<\/i><\/b><span style=\"font-weight: 400;\"> O que est\u00e1 em an\u00e1lise, debate e discuss\u00e3o \u00e9 de como\u00a0 o &#8220;profundo vazio&#8221; pode ser analisado atrav\u00e9s de alguns pontos cr\u00edticos que explicam essa sensa\u00e7\u00e3o de desconex\u00e3o, desinteresse dos detentores do poder sobre \u00e0s realidades (art\u00edsticas e culturais) do munic\u00edpio.<\/span><b> 1. Crise de Di\u00e1logo e Representatividade: <\/b><span style=\"font-weight: 400;\">Uma das principais queixas recorrente da Classe Art\u00edstica \u00e9 a dificuldade de interlocu\u00e7\u00e3o direta entre os fazedores de cultura e a Secretaria Municipal de Cultura (SECULT). Quando os conselhos de cultura n\u00e3o t\u00eam voz ativa ou quando as decis\u00f5es s\u00e3o tomadas de forma autorit\u00e1ria, verticalizada, isolada, sem a participa\u00e7\u00e3o dos Artistas e da comunidade cultural do munic\u00edpio, cria-se esse <\/span><i><span style=\"font-weight: 400;\">&#8220;vazio de gest\u00e3o&#8221; que \u00e9 mencionado por todos os Atores Culturais constantemente.\u00a0 <\/span><\/i><b><i>2. A &#8220;Festa&#8221; versus a &#8220;Cultura&#8221;: \u00c9 bom deixar bem claro e de forma inequ\u00edvoca, que \u201cA realiza\u00e7\u00e3o de Festa\u201d, n\u00e3o \u00e9 Cultura, \u00e9 classificada como entretenimento e cai dentro da an\u00e1lise dos pensadores sobre os malef\u00edcios da ind\u00fastria cultural, segundo os expoentes da Escola de Frankfurt.<\/i><\/b><\/p>\n<p style=\"text-align: justify;\"><span style=\"font-weight: 400;\">H\u00e1 uma cr\u00edtica constante de que o investimento p\u00fablico foca excessivamente em grandes eventos de calend\u00e1rio (como o Arrai\u00e1 da Conquista ou o Natal), que s\u00e3o importantes, mas n\u00e3o sustentam a cadeia produtiva local durante o ano. E tratam os Artistas em geral, com desd\u00e9m e falta de respeito, na medida em que os Projetos Culturais, n\u00e3o s\u00e3o avaliados adequadamente, na maioria das vezes s\u00e3o ignorados. O que est\u00e1 claro e n\u00edtido \u00e9 que n\u00e3o h\u00e1 interesse pelo poder p\u00fablico municipal, em contemplar os Projetos Culturais dos Artistas da periferia, bem como, do centro e geral. Sem falar que n\u00e3o h\u00e1 pol\u00edticas p\u00fablicas para \u00e0 cultura, com a discuss\u00e3o aberta, livre e democr\u00e1tica, t\u00e3o importante e necess\u00e1ria com toda a classe Art\u00edstica e Cultural do munic\u00edpio, al\u00e9m da permanente falta de recursos, para \u00e0 cultura, assim a falta de promo\u00e7\u00e3o e realiza\u00e7\u00e3o de editais p\u00fablicos municipais permanentes e de fomento aos pequenos projetos culturais e aos produtores, centros culturais independentes e artistas perif\u00e9ricos, tudo isso, v\u00e3o contribuindo para a desmotiva\u00e7\u00e3o, apatia e indigna\u00e7\u00e3o da classe art\u00edstica. Segundo o Cineasta <\/span><b><i>Walter Carvalho (2025),\u201cA Arte, sempre foi, \u00e9 e ser\u00e1 fundamentalmente, uma ferramenta de transforma\u00e7\u00e3o e mudan\u00e7a da sociedade humana e os Artistas de verdade, ser\u00e3o os protagonistas das mudan\u00e7as e transforma\u00e7\u00f5es propostas para uma sociedade mais consciente, justa e humana\u201d.<\/i><\/b> <b>3. Equipamentos Culturais fechados subutilizados e ou Depreciados: <\/b><span style=\"font-weight: 400;\">A falta de interesse, boa vontade e de manuten\u00e7\u00e3o aos equipamentos culturais, por parte<\/span><span style=\"font-weight: 400;\"> do poder p\u00fablico municipal, levaram os mesmos ao fechamento e ao processo de deprecia\u00e7\u00e3o acelerada. Criando assim, uma necessidade de uso dado as volumosas demandas por espa\u00e7os culturais, sobrecarregando o Centro de Cultura Camillo de Jesus Lima, que n\u00e3o consegue dar <\/span><span style=\"font-weight: 400;\">conta e atender ao volume de solicita\u00e7\u00f5es. <\/span><b><i>Portanto, os equipamentos como o Teatro Carlos Jehovah, o Cine Madrigal, a Casa Glauber e a pr\u00f3pria Casa R\u00e9gis Pacheco, s\u00e3o equipamentos <\/i><\/b><i><span style=\"font-weight: 400;\">mais<\/span><\/i><span style=\"font-weight: 400;\"> do que necess\u00e1rios est\u00e1 em pleno funcionamento para suprir as necessidades e demandas da classe Art\u00edstica e Cultural.\u00a0 <\/span><b>4. A indigna\u00e7\u00e3o da Classe Art\u00edstica:<\/b><span style=\"font-weight: 400;\"> pelo vazio cultural, pela falta de di\u00e1logo do poder p\u00fablico\/Secretaria de Cultura com os Artistas, pela falta de aten\u00e7\u00e3o, pela arrog\u00e2ncia, prepot\u00eancia, pela falta de respeito, com que os agentes p\u00fablicos da Secretaria Municipal de Cultura tratam os Artistas. <\/span><b>5. Aplica\u00e7\u00e3o de Recursos: <\/b><b><i>Recentemente, a implementa\u00e7\u00e3o de leis federais (como a Paulo Gustavo e Aldir Blanc) trouxeram<\/i><\/b><span style=\"font-weight: 400;\"> recursos, mas tamb\u00e9m exp\u00f4s a fragilidade t\u00e9cnica da prefeitura em gerir esses processos de forma \u00e1gil e transparente, gerando frustra\u00e7\u00e3o nos artistas que dependem dessas verbas, atrav\u00e9s de Editais, para que possam participar. <\/span><b>6. O \u00caxodo de Talentos: <\/b><span style=\"font-weight: 400;\">sem editais locais, com recursos do munic\u00edpio e os poucos editais que s\u00e3o realizados com recursos do governo federal, sem di\u00e1logo e aten\u00e7\u00e3o, Vit\u00f3ria da Conquista \u2014 que historicamente \u00e9 um celeiro de talentos na m\u00fasica, cinema, teatro, dan\u00e7a, artes pl\u00e1sticas, literatura \u2014 acaba &#8220;exportando&#8221; seus Artistas. Eles buscam Salvador, S\u00e3o Paulo ou o Rio de Janeiro porque o munic\u00edpio n\u00e3o oferece condi\u00e7\u00f5es de profissionaliza\u00e7\u00e3o.\u00a0<\/span><b><i>O cen\u00e1rio \u00e9 desolador, mas o caminho para mudar costuma passar pela uni\u00e3o dos coletivos dos Artistas, dos Fazedores (as) de Cultura, para pressionar por mudan\u00e7as estruturais nos \u00f3rg\u00e3os gestores, bem como a ocupa\u00e7\u00e3o do Conselho Municipal de Cultura, promovendo as mudan\u00e7as e transforma\u00e7\u00f5es necess\u00e1rias, para que atenda a toda Classe Art\u00edstica.<\/i><\/b><span style=\"font-weight: 400;\"> Acredita-se tamb\u00e9m que a solu\u00e7\u00e3o passaria por mudan\u00e7as mais profundas na gest\u00e3o p\u00fablica, nas pol\u00edticas<\/span><span style=\"font-weight: 400;\"> ou por uma mobiliza\u00e7\u00e3o mais agressiva da classe Art\u00edstica e Cultural para retomar esses espa\u00e7os? Na verdade, \u00e9 v\u00e1lido salientar, que n\u00e3o \u00e9 por falta de Projetos e Propostas Culturais apresentadas pelas Institui\u00e7\u00f5es culturais, ou pelos Artistas e Fazedores (as) de Cultura. O que acontece \u00e9 que a Secretaria Municipal de Cultura, n\u00e3o ouve, n\u00e3o dar aten\u00e7\u00e3o os Artistas e os diversos segmentos das Artes e da Cultura, tratando-os na maioria das vezes, como advers\u00e1rios ou oponentes aos atuais gestores. \u00c9 necess\u00e1rio registrar que os Artistas, tem se manifestado com Of\u00edcios, Requerimentos, Relat\u00f3rios e Documentos, para al\u00e9m dos Editais p\u00fablicos, solicitando a realiza\u00e7\u00e3o de Projetos Culturais permanentes, que possam contemplar, os M\u00fasicos, Poetas, Artistas Pl\u00e1sticos, Cineastas, Atores, enfim art\u00edfices de todas as \u00e1reas das <\/span><span style=\"font-weight: 400;\">Artes e da Cultura, mas n\u00e3o s\u00e3o atendidos. <\/span><b><i>Segundo Glauber Rocha (2015), figura central do Cinema Novo brasileiro, defendia \u201ca Arte como uma ferramenta de\u00a0insubmiss\u00e3o radical,\u00a0agita\u00e7\u00e3o revolucion\u00e1ria\u00a0e\u00a0ruptura com as formas tradicionais\u00a0de poder e narrativa. Para ele, a arte n\u00e3o \u00e9 entretenimento, mas sim uma &#8220;arma&#8221; necess\u00e1ria para enfrentar o autoritarismo e a opress\u00e3o\u201d.\u00a0\u201cA Arte, sempre foi, \u00e9 e ser\u00e1 fundamental para mostrar, denunciar, apresentar e propor novos cen\u00e1rios, al\u00e9m\u00a0<\/i><\/b><\/p>\n<p style=\"text-align: justify;\"><b><i>de um &#8220;instrumento&#8221; ou &#8220;dispositivo&#8221; para alertar sobre o que est\u00e1 errado na sociedade, servindo como resist\u00eancia contra a opress\u00e3o pol\u00edtica, econ\u00f4mica e social dos detentores do poder\u201d.<\/i><\/b><b><i>\u00a0 <\/i><\/b><span style=\"font-weight: 400;\">Assim seguindo os ensinamentos e considera\u00e7\u00f5es dos Artistas, Intelectuais e Fazedores (as) de Arte e Cultura, tais como (Glauber Rocha),<\/span><span style=\"font-weight: 400;\"> entre outros, espera-se que o poder p\u00fablico seja sens\u00edvel, r\u00e1pido e din\u00e2mico na apresenta\u00e7\u00e3o de propostas vi\u00e1veis, bem como, no resgate e restaura\u00e7\u00e3o dos equipamentos culturais que se encontram fechados se depreciando.<\/span> <span style=\"font-weight: 400;\">N\u00e3o basta recuperar os equipamentos culturais; o &#8220;resgate&#8221; precisa chegar \u00e0s periferias, onde a produ\u00e7\u00e3o cultural \u00e9 pulsante, mas os recursos s\u00e3o escassos. Se faz imprescind\u00edvel, que os gestores p\u00fablicos municipais da cultural, possam ouvir, dialogar e participar democraticamente dos debates e das discuss\u00f5es que enaltecem e potencializam o processo cultural de Vit\u00f3ria da Conquista.\u00a0\u00a0<\/span><\/p>\n<p style=\"text-align: justify;\"><b><i>**contribui\u00e7\u00e3o do Professor DsC Dirlei A Bonfim, Doutor em Desenvolvimento Econ\u00f4mico e Ambiental, Professor da Rede Estadual da Bahia, Professor Formador IAT\/SEC\/BA.*04\/2026.1.**<\/i><\/b><\/p>\n","protected":false},"excerpt":{"rendered":"<p>&nbsp; \u00a0\u00a0\u00a0\u00a0(Prof. Dirlei A Bonfim).*\u00a0 \u00a0 H\u00e1 mais que uma percep\u00e7\u00e3o profunda, h\u00e1 mesmo uma Constata\u00e7\u00e3o de que o Processo Cultural do munic\u00edpio de Vit\u00f3ria da Conquista Bahia., vem sendo desprezado, ignorado, sucateado pelas a\u00e7\u00f5es negligenciais, do poder p\u00fablico municipal, atrav\u00e9s da omiss\u00e3o da Secretaria Municipal de Cultura, que vem sendo conduzida a cerca de [&hellip;]<\/p>\n","protected":false},"author":2,"featured_media":108697,"comment_status":"open","ping_status":"open","sticky":false,"template":"","format":"standard","meta":[],"categories":[67,71],"tags":[1560,486,8132],"_links":{"self":[{"href":"https:\/\/www.blogdopaulonunes.com\/v5\/index.php\/wp-json\/wp\/v2\/posts\/128998"}],"collection":[{"href":"https:\/\/www.blogdopaulonunes.com\/v5\/index.php\/wp-json\/wp\/v2\/posts"}],"about":[{"href":"https:\/\/www.blogdopaulonunes.com\/v5\/index.php\/wp-json\/wp\/v2\/types\/post"}],"author":[{"embeddable":true,"href":"https:\/\/www.blogdopaulonunes.com\/v5\/index.php\/wp-json\/wp\/v2\/users\/2"}],"replies":[{"embeddable":true,"href":"https:\/\/www.blogdopaulonunes.com\/v5\/index.php\/wp-json\/wp\/v2\/comments?post=128998"}],"version-history":[{"count":1,"href":"https:\/\/www.blogdopaulonunes.com\/v5\/index.php\/wp-json\/wp\/v2\/posts\/128998\/revisions"}],"predecessor-version":[{"id":128999,"href":"https:\/\/www.blogdopaulonunes.com\/v5\/index.php\/wp-json\/wp\/v2\/posts\/128998\/revisions\/128999"}],"wp:featuredmedia":[{"embeddable":true,"href":"https:\/\/www.blogdopaulonunes.com\/v5\/index.php\/wp-json\/wp\/v2\/media\/108697"}],"wp:attachment":[{"href":"https:\/\/www.blogdopaulonunes.com\/v5\/index.php\/wp-json\/wp\/v2\/media?parent=128998"}],"wp:term":[{"taxonomy":"category","embeddable":true,"href":"https:\/\/www.blogdopaulonunes.com\/v5\/index.php\/wp-json\/wp\/v2\/categories?post=128998"},{"taxonomy":"post_tag","embeddable":true,"href":"https:\/\/www.blogdopaulonunes.com\/v5\/index.php\/wp-json\/wp\/v2\/tags?post=128998"}],"curies":[{"name":"wp","href":"https:\/\/api.w.org\/{rel}","templated":true}]}}