{"id":128995,"date":"2026-04-27T09:10:38","date_gmt":"2026-04-27T12:10:38","guid":{"rendered":"https:\/\/www.blogdopaulonunes.com\/v5\/?p=128995"},"modified":"2026-04-27T09:10:38","modified_gmt":"2026-04-27T12:10:38","slug":"camara-analisa-proibicao-do-termo-quarto-de-empregada-em-contratos","status":"publish","type":"post","link":"https:\/\/www.blogdopaulonunes.com\/v5\/index.php\/2026\/04\/27\/camara-analisa-proibicao-do-termo-quarto-de-empregada-em-contratos\/","title":{"rendered":"C\u00e2mara analisa proibi\u00e7\u00e3o do termo &#8220;quarto de empregada&#8221; em contratos"},"content":{"rendered":"<p style=\"text-align: justify;\"><strong>Projeto da deputada Denise Pess\u00f4a estende veto a projetos arquitet\u00f4nicos e qualquer tipo de comunica\u00e7\u00e3o em espa\u00e7os p\u00fablicos e privados.<\/strong><\/p>\n<p style=\"text-align: justify;\">A C\u00e2mara dos Deputados analisa o projeto de lei complementar\u00a0<a href=\"https:\/\/www.camara.leg.br\/proposicoesWeb\/fichadetramitacao?idProposicao=2483417\" target=\"_blank\" rel=\"noopener\">18\/2025<\/a>, de autoria da deputada\u00a0<a class=\"parlLink ignore-hover\" href=\"https:\/\/radar.congressoemfoco.com.br\/parlamentar\/1220553\/perfil\" target=\"_blank\" rel=\"noopener\">Denise Pess\u00f4a<\/a>\u00a0(PT-RS), que prop\u00f5e vedar o uso das express\u00f5es &#8220;quarto de empregada&#8221; e &#8220;depend\u00eancia de empregada&#8221; em contratos, projetos arquitet\u00f4nicos e qualquer comunica\u00e7\u00e3o em espa\u00e7os p\u00fablicos e privados.<\/p>\n<p style=\"text-align: justify;\">Pelo texto, a proposta n\u00e3o imp\u00f5e diretamente a proibi\u00e7\u00e3o a Estados e munic\u00edpios, mas determina que esses entes federativos sejam estimulados a criar legisla\u00e7\u00f5es pr\u00f3prias com esse objetivo. A estrat\u00e9gia, segundo a justificativa, busca respeitar a autonomia federativa prevista na Constitui\u00e7\u00e3o e evitar questionamentos de inconstitucionalidade.<\/p>\n<p style=\"text-align: justify;\">A fim de enfrentar o que a autora classifica como resqu\u00edcios de desigualdade hist\u00f3rica nas rela\u00e7\u00f5es de trabalho, o projeto altera a Lei Complementar n\u00ba\u00a0<a href=\"https:\/\/www.planalto.gov.br\/ccivil_03\/leis\/lcp\/lcp150.htm\" target=\"_blank\" rel=\"noopener\">150\/2015<\/a>, que regulamenta o trabalho dom\u00e9stico no Brasil. &#8220;A terminologia utilizada nos espa\u00e7os residenciais ainda carrega resqu\u00edcios de um passado de rela\u00e7\u00f5es de trabalho desiguais e discriminat\u00f3rias&#8221;, reiterou a autora.<\/p>\n<p style=\"text-align: justify;\">O projeto deixa claro que a proposta n\u00e3o interfere na exist\u00eancia f\u00edsica dos espa\u00e7os, apenas altera a forma como s\u00e3o denominados em documentos, projetos e comunica\u00e7\u00f5es.<\/p>\n<p style=\"text-align: justify;\">Na justificativa, a deputada faz refer\u00eancia ao debate p\u00fablico sobre a valoriza\u00e7\u00e3o das trabalhadoras dom\u00e9sticas, ao citar a obra &#8220;Eu, empregada dom\u00e9stica, a senzala \u00e9 o quartinho de empregada&#8221;, da escritora e ativista Preta Rara. Devido \u00e0 men\u00e7\u00e3o, o projeto passou a ser conhecido como PLP Preta Rara.<\/p>\n<p>&nbsp;<\/p>\n<p><strong>Tramita\u00e7\u00e3o<\/strong><\/p>\n<p style=\"text-align: justify;\">Na Comiss\u00e3o de Trabalho, o projeto foi alterado para que o incentivo \u00e0 cria\u00e7\u00e3o de legisla\u00e7\u00f5es regionais fosse substitu\u00eddo pela obrigatoriedade. A mudan\u00e7a ocorreu no relat\u00f3rio apresentado pela deputada\u00a0<a class=\"parlLink ignore-hover\" href=\"https:\/\/radar.congressoemfoco.com.br\/parlamentar\/1160641\/perfil\" target=\"_blank\" rel=\"noopener\">Professora Marciv\u00e2nia<\/a>\u00a0(PCdoB-AP), que votou pela aprova\u00e7\u00e3o da medida.<\/p>\n<p style=\"text-align: justify;\">Para a relatora, a urg\u00eancia na repara\u00e7\u00e3o hist\u00f3rica demanda uma norma mais rigorosa. &#8220;A simples recomenda\u00e7\u00e3o poderia resultar em aplica\u00e7\u00e3o desigual, falhando em erradicar a l\u00f3gica da &#8216;senzala moderna'&#8221;, afirmou.<\/p>\n<p>&nbsp;<\/p>\n<blockquote><p><strong>&#8220;A aboli\u00e7\u00e3o dessas nomenclaturas \u00e9 um passo simb\u00f3lico e pr\u00e1tico para desnaturalizar a cultura do &#8216;quarto de fundos&#8217;, promovendo rela\u00e7\u00f5es de trabalho baseadas no respeito m\u00fatuo, e n\u00e3o na servid\u00e3o.&#8221;<\/strong><\/p><\/blockquote>\n<p style=\"text-align: justify;\">O novo texto tamb\u00e9m ampliou o alcance da proibi\u00e7\u00e3o para excluir o termo &#8220;su\u00edte de empregada&#8221; e outras denomina\u00e7\u00f5es an\u00e1logas em documentos p\u00fablicos e privados, materiais publicit\u00e1rios e avisos em geral.<\/p>\n<p style=\"text-align: justify;\">Para assegurar a efic\u00e1cia da lei, o poder p\u00fablico, em todas as suas esferas, dever\u00e1 implementar medidas de conscientiza\u00e7\u00e3o que promovam a transforma\u00e7\u00e3o cultural necess\u00e1ria.<\/p>\n<p style=\"text-align: justify;\">A proposi\u00e7\u00e3o ainda ser\u00e1 analisada pela Comiss\u00e3o de Constitui\u00e7\u00e3o e Justi\u00e7a e de Cidadania (CCJ), antes de ser submetida \u00e0 vota\u00e7\u00e3o no Plen\u00e1rio da C\u00e2mara dos Deputados.<\/p>\n","protected":false},"excerpt":{"rendered":"<p>Projeto da deputada Denise Pess\u00f4a estende veto a projetos arquitet\u00f4nicos e qualquer tipo de comunica\u00e7\u00e3o em espa\u00e7os p\u00fablicos e privados. A C\u00e2mara dos Deputados analisa o projeto de lei complementar\u00a018\/2025, de autoria da deputada\u00a0Denise Pess\u00f4a\u00a0(PT-RS), que prop\u00f5e vedar o uso das express\u00f5es &#8220;quarto de empregada&#8221; e &#8220;depend\u00eancia de empregada&#8221; em contratos, projetos arquitet\u00f4nicos e qualquer [&hellip;]<\/p>\n","protected":false},"author":2,"featured_media":128996,"comment_status":"open","ping_status":"open","sticky":false,"template":"","format":"standard","meta":[],"categories":[110,105],"tags":[1881,4765,8131],"_links":{"self":[{"href":"https:\/\/www.blogdopaulonunes.com\/v5\/index.php\/wp-json\/wp\/v2\/posts\/128995"}],"collection":[{"href":"https:\/\/www.blogdopaulonunes.com\/v5\/index.php\/wp-json\/wp\/v2\/posts"}],"about":[{"href":"https:\/\/www.blogdopaulonunes.com\/v5\/index.php\/wp-json\/wp\/v2\/types\/post"}],"author":[{"embeddable":true,"href":"https:\/\/www.blogdopaulonunes.com\/v5\/index.php\/wp-json\/wp\/v2\/users\/2"}],"replies":[{"embeddable":true,"href":"https:\/\/www.blogdopaulonunes.com\/v5\/index.php\/wp-json\/wp\/v2\/comments?post=128995"}],"version-history":[{"count":1,"href":"https:\/\/www.blogdopaulonunes.com\/v5\/index.php\/wp-json\/wp\/v2\/posts\/128995\/revisions"}],"predecessor-version":[{"id":128997,"href":"https:\/\/www.blogdopaulonunes.com\/v5\/index.php\/wp-json\/wp\/v2\/posts\/128995\/revisions\/128997"}],"wp:featuredmedia":[{"embeddable":true,"href":"https:\/\/www.blogdopaulonunes.com\/v5\/index.php\/wp-json\/wp\/v2\/media\/128996"}],"wp:attachment":[{"href":"https:\/\/www.blogdopaulonunes.com\/v5\/index.php\/wp-json\/wp\/v2\/media?parent=128995"}],"wp:term":[{"taxonomy":"category","embeddable":true,"href":"https:\/\/www.blogdopaulonunes.com\/v5\/index.php\/wp-json\/wp\/v2\/categories?post=128995"},{"taxonomy":"post_tag","embeddable":true,"href":"https:\/\/www.blogdopaulonunes.com\/v5\/index.php\/wp-json\/wp\/v2\/tags?post=128995"}],"curies":[{"name":"wp","href":"https:\/\/api.w.org\/{rel}","templated":true}]}}