{"id":128992,"date":"2026-04-27T08:59:48","date_gmt":"2026-04-27T11:59:48","guid":{"rendered":"https:\/\/www.blogdopaulonunes.com\/v5\/?p=128992"},"modified":"2026-04-27T08:59:48","modified_gmt":"2026-04-27T11:59:48","slug":"e-falsa-a-informacao-que-na-bahia-mesariosas-votam-no-lugar-de-eleitoresas-que-nao-compareceram-as-urnas","status":"publish","type":"post","link":"https:\/\/www.blogdopaulonunes.com\/v5\/index.php\/2026\/04\/27\/e-falsa-a-informacao-que-na-bahia-mesariosas-votam-no-lugar-de-eleitoresas-que-nao-compareceram-as-urnas\/","title":{"rendered":"\u00c9 FALSA a informa\u00e7\u00e3o que NA BAHIA MES\u00c1RIOS(as) votam no lugar de eleitores(as) que n\u00e3o compareceram \u00e0s urnas"},"content":{"rendered":"<p><strong>eleitores(as) que n\u00e3o compareceram \u00e0 sua se\u00e7\u00e3o eleitoral, no dia da elei\u00e7\u00e3o, para votar.<\/strong><\/p>\n<p style=\"text-align: justify;\">Circula nas redes sociais uma alega\u00e7\u00e3o de que, na Bahia, mes\u00e1rios(as) estariam votando, ap\u00f3s as 17 horas, no lugar de eleitores(as) que n\u00e3o compareceram \u00e0 sua se\u00e7\u00e3o eleitoral, no dia da elei\u00e7\u00e3o, para votar.<\/p>\n<p><strong>A informa\u00e7\u00e3o \u00e9 falsa.<\/strong><\/p>\n<p style=\"text-align: justify;\">Os mes\u00e1rios e mes\u00e1rias s\u00e3o cidad\u00e3os criteriosamente convocados e treinados pela Justi\u00e7a Eleitoral, conforme determina\u00e7\u00e3o do C\u00f3digo Eleitoral (Lei n\u00ba 4.737\/1965), e atuam com responsabilidade, sob rigorosa supervis\u00e3o e com a presen\u00e7a de fiscais de partidos pol\u00edticos durante todo o processo, al\u00e9m de demais integrantes da sociedade civil, o que contribui para coibir qualquer tipo de irregularidade no pleito.<\/p>\n<p style=\"text-align: justify;\"><strong>Encerramento da vota\u00e7\u00e3o<\/strong><\/p>\n<p style=\"text-align: justify;\">De acordo com a legisla\u00e7\u00e3o eleitoral, a vota\u00e7\u00e3o, em boa parte dos estados, \u00e9 encerrada \u00e0s 17 horas. No entanto, eleitoras e eleitores que j\u00e1 estiverem na fila at\u00e9 esse hor\u00e1rio t\u00eam o direito garantido de votar.<\/p>\n<p style=\"text-align: justify;\">Por isso, \u00e9 natural que votos ainda sejam registrados ap\u00f3s as 17 horas, o que n\u00e3o significa qualquer irregularidade.<\/p>\n<p style=\"text-align: justify;\">Ap\u00f3s o encerramento da vota\u00e7\u00e3o, os mes\u00e1rios(as) de cada se\u00e7\u00e3o eleitoral encaminham, para apura\u00e7\u00e3o e totaliza\u00e7\u00e3o, os cart\u00f5es de mem\u00f3ria com os dados da vota\u00e7\u00e3o, de eleitores(as) e candidatos(as).<\/p>\n<p><strong>Identifica\u00e7\u00e3o do eleitor(a)<\/strong><\/p>\n<p style=\"text-align: justify;\">No dia da elei\u00e7\u00e3o, ao chegar \u00e0 sua se\u00e7\u00e3o eleitoral, o(a) eleitor(a) deve dirigir-se \u00e0 Mesa Receptora de Votos e apresentar ao mes\u00e1rio o t\u00edtulo, acompanhado de um documento oficial com foto, ou o aplicativo e-T\u00edtulo. Ap\u00f3s a localiza\u00e7\u00e3o de seu cadastro no caderno de vota\u00e7\u00e3o, ser\u00e1 solicitada a identifica\u00e7\u00e3o biom\u00e9trica. Somente ap\u00f3s o reconhecimento do eleitor, o mes\u00e1rio habilita a urna, permitindo que a pessoa siga para a cabine de vota\u00e7\u00e3o. Na Bahia, 10.457.867 eleitores possuem cadastro biom\u00e9trico, n\u00famero que representa 93% do eleitorado estadual.<\/p>\n<p style=\"text-align: justify;\">Quando a identifica\u00e7\u00e3o biom\u00e9trica n\u00e3o \u00e9 reconhecida pela urna eletr\u00f4nica, a habilita\u00e7\u00e3o do voto pode ser realizada por meio da verifica\u00e7\u00e3o do ano de nascimento do eleitor \u2014 e n\u00e3o pelo leitor biom\u00e9trico do terminal do mes\u00e1rio.<\/p>\n<p style=\"text-align: justify;\">Nesse caso, a presen\u00e7a do eleitor na se\u00e7\u00e3o eleitoral \u00e9 indispens\u00e1vel. Inicialmente, \u00e9 feita a confer\u00eancia de um documento oficial com foto. Em seguida, o pr\u00f3prio eleitor informa seu ano de nascimento, que \u00e9 confrontado com os dados constantes do cadastro eleitoral. A libera\u00e7\u00e3o do voto s\u00f3 ocorre se houver coincid\u00eancia entre as informa\u00e7\u00f5es; em caso de diverg\u00eancia, a vota\u00e7\u00e3o n\u00e3o \u00e9 autorizada.<\/p>\n<p style=\"text-align: justify;\">O procedimento \u00e9 seguro, pois o ano de nascimento n\u00e3o consta no caderno de vota\u00e7\u00e3o nem est\u00e1 prontamente acess\u00edvel ao mes\u00e1rio, sendo necess\u00e1rio que a informa\u00e7\u00e3o seja fornecida diretamente pelo eleitor. Al\u00e9m disso, tanto a opera\u00e7\u00e3o de habilita\u00e7\u00e3o quanto a identifica\u00e7\u00e3o de quem autorizou o procedimento ficam registradas no sistema da urna eletr\u00f4nica, permitindo verifica\u00e7\u00e3o posterior em auditorias.<\/p>\n<p><strong>Seguran\u00e7a da urna<\/strong><\/p>\n<p style=\"text-align: justify;\">Antes do in\u00edcio da vota\u00e7\u00e3o, \u00e9 emitida a zer\u00e9sima, um relat\u00f3rio que comprova que n\u00e3o h\u00e1 votos registrados na urna. Ao final da vota\u00e7\u00e3o, \u00e9 impresso o Boletim de Urna (BU), documento p\u00fablico que cont\u00e9m todos os votos registrados naquela se\u00e7\u00e3o eleitoral, garantindo transpar\u00eancia e possibilidade de confer\u00eancia por partidos, candidatos(as) e cidad\u00e3os.<\/p>\n<p style=\"text-align: justify;\">As urnas eletr\u00f4nicas s\u00e3o equipamentos seguros e passam por diversas etapas de auditoria e testes p\u00fablicos de seguran\u00e7a, com participa\u00e7\u00e3o de institui\u00e7\u00f5es fiscalizadoras.<\/p>\n<p style=\"text-align: justify;\"><strong>Conclus\u00e3o<\/strong><\/p>\n<p style=\"text-align: justify;\">N\u00e3o h\u00e1 qualquer possibilidade de mes\u00e1rios votarem no lugar de eleitores. O processo eleitoral brasileiro \u00e9 seguro, audit\u00e1vel e transparente. Antes de compartilhar qualquer informa\u00e7\u00e3o, verifique. Combater a desinforma\u00e7\u00e3o \u00e9 um compromisso com a democracia.<\/p>\n<p dir=\"ltr\" style=\"text-align: justify;\"><em><strong>Pra todos verem:\u00a0<\/strong><\/em><em>Card informativo, com elementos visuais da identidade das Elei\u00e7\u00f5es 2026. Na parte superior, aparece o texto \u201cNota Oficial\u201d em letras grandes e escuras, ao lado da marca das Elei\u00e7\u00f5es 2026 e do logotipo do TRE-BA.<\/em><\/p>\n<p dir=\"ltr\" style=\"text-align: justify;\"><em>Ao centro, h\u00e1 uma fotografia de uma mesa receptora de votos. Duas pessoas, um homem e uma mulher, aparecem sentados atr\u00e1s de uma mesa, usando crach\u00e1s amarelos com a palavra \u201cMes\u00e1rio\u201d.\u00a0 Em frente \u00e0 mesa, v\u00ea-se parcialmente uma eleitora em p\u00e9, vestindo cal\u00e7a verde-lim\u00e3o e camisa branca.<\/em><\/p>\n<p dir=\"ltr\" style=\"text-align: justify;\"><em>Na parte inferior do card, em destaque sobre uma faixa amarela, est\u00e1 a frase \u201c\u00c9 FALSA!\u201d em letras grandes e escuras, acompanhada de um \u00edcone triangular de alerta. Logo abaixo, em uma caixa laranja, l\u00ea-se: \u201cA informa\u00e7\u00e3o que na Bahia mes\u00e1rios(as) votam no lugar de eleitores(as) que n\u00e3o compareceram \u00e0s urnas\u201d.<\/em><\/p>\n","protected":false},"excerpt":{"rendered":"<p>eleitores(as) que n\u00e3o compareceram \u00e0 sua se\u00e7\u00e3o eleitoral, no dia da elei\u00e7\u00e3o, para votar. Circula nas redes sociais uma alega\u00e7\u00e3o de que, na Bahia, mes\u00e1rios(as) estariam votando, ap\u00f3s as 17 horas, no lugar de eleitores(as) que n\u00e3o compareceram \u00e0 sua se\u00e7\u00e3o eleitoral, no dia da elei\u00e7\u00e3o, para votar. A informa\u00e7\u00e3o \u00e9 falsa. Os mes\u00e1rios e [&hellip;]<\/p>\n","protected":false},"author":2,"featured_media":128993,"comment_status":"open","ping_status":"open","sticky":false,"template":"","format":"standard","meta":[],"categories":[142,105],"tags":[8130,3482],"_links":{"self":[{"href":"https:\/\/www.blogdopaulonunes.com\/v5\/index.php\/wp-json\/wp\/v2\/posts\/128992"}],"collection":[{"href":"https:\/\/www.blogdopaulonunes.com\/v5\/index.php\/wp-json\/wp\/v2\/posts"}],"about":[{"href":"https:\/\/www.blogdopaulonunes.com\/v5\/index.php\/wp-json\/wp\/v2\/types\/post"}],"author":[{"embeddable":true,"href":"https:\/\/www.blogdopaulonunes.com\/v5\/index.php\/wp-json\/wp\/v2\/users\/2"}],"replies":[{"embeddable":true,"href":"https:\/\/www.blogdopaulonunes.com\/v5\/index.php\/wp-json\/wp\/v2\/comments?post=128992"}],"version-history":[{"count":1,"href":"https:\/\/www.blogdopaulonunes.com\/v5\/index.php\/wp-json\/wp\/v2\/posts\/128992\/revisions"}],"predecessor-version":[{"id":128994,"href":"https:\/\/www.blogdopaulonunes.com\/v5\/index.php\/wp-json\/wp\/v2\/posts\/128992\/revisions\/128994"}],"wp:featuredmedia":[{"embeddable":true,"href":"https:\/\/www.blogdopaulonunes.com\/v5\/index.php\/wp-json\/wp\/v2\/media\/128993"}],"wp:attachment":[{"href":"https:\/\/www.blogdopaulonunes.com\/v5\/index.php\/wp-json\/wp\/v2\/media?parent=128992"}],"wp:term":[{"taxonomy":"category","embeddable":true,"href":"https:\/\/www.blogdopaulonunes.com\/v5\/index.php\/wp-json\/wp\/v2\/categories?post=128992"},{"taxonomy":"post_tag","embeddable":true,"href":"https:\/\/www.blogdopaulonunes.com\/v5\/index.php\/wp-json\/wp\/v2\/tags?post=128992"}],"curies":[{"name":"wp","href":"https:\/\/api.w.org\/{rel}","templated":true}]}}