{"id":128989,"date":"2026-04-28T11:47:13","date_gmt":"2026-04-28T14:47:13","guid":{"rendered":"https:\/\/www.blogdopaulonunes.com\/v5\/?p=128989"},"modified":"2026-04-27T08:51:52","modified_gmt":"2026-04-27T11:51:52","slug":"cancer-colorretal-sintomas-fatores-de-risco-e-como-se-prevenir","status":"publish","type":"post","link":"https:\/\/www.blogdopaulonunes.com\/v5\/index.php\/2026\/04\/28\/cancer-colorretal-sintomas-fatores-de-risco-e-como-se-prevenir\/","title":{"rendered":"C\u00e2ncer colorretal: sintomas, fatores de risco e como se prevenir"},"content":{"rendered":"<p style=\"text-align: justify;\"><strong>Segundo tipo mais frequente entre homens e mulheres, tumor apresenta alta mortalidade, mas pode ter impacto reduzido com preven\u00e7\u00e3o e diagn\u00f3stico precoce<\/strong><\/p>\n<div>\n<p style=\"text-align: justify;\">O c\u00e2ncer colorretal, que acomete o c\u00f3lon e o reto, ocupa hoje uma posi\u00e7\u00e3o cr\u00edtica na sa\u00fade p\u00fablica brasileira. Dados do Instituto Nacional de C\u00e2ncer (Inca) indicam que a doen\u00e7a j\u00e1 \u00e9 o segundo tipo de c\u00e2ncer mais frequente entre homens e mulheres no pa\u00eds.\u00a0Em 2025, foram estimados 26.260 novos casos na popula\u00e7\u00e3o masculina, o equivalente a 10,3% de todos os diagn\u00f3sticos oncol\u00f3gicos, atr\u00e1s apenas do c\u00e2ncer de pr\u00f3stata. Entre as mulheres, a proje\u00e7\u00e3o \u00e9 de 27.540 novos registros, cerca de 10,5% do total, ficando atr\u00e1s somente do c\u00e2ncer de mama.<\/p>\n<p style=\"text-align: justify;\">Al\u00e9m da alta incid\u00eancia, a mortalidade tamb\u00e9m preocupa. O c\u00e2ncer colorretal figura como a terceira principal causa de morte por c\u00e2ncer quando homens e mulheres s\u00e3o analisados separadamente e a segunda quando considerados em conjunto, perdendo apenas para o c\u00e2ncer de pulm\u00e3o. Embora n\u00e3o seja totalmente evit\u00e1vel, o impacto da doen\u00e7a pode ser significativamente reduzido com estrat\u00e9gias adequadas de preven\u00e7\u00e3o e rastreamento.<\/p>\n<p style=\"text-align: justify;\">Nas fases iniciais, o c\u00e2ncer colorretal costuma evoluir de forma silenciosa. Entre os principais sinais de alerta est\u00e3o sangue nas fezes, altera\u00e7\u00f5es persistentes do h\u00e1bito intestinal, fezes mais finas, dor abdominal recorrente, sensa\u00e7\u00e3o de evacua\u00e7\u00e3o incompleta, anemia sem causa aparente e perda de peso involunt\u00e1ria. Segundo o oncologista Dr. Matheus Baptista, da Croma Oncologia, nem toda altera\u00e7\u00e3o intestinal indica c\u00e2ncer, mas a persist\u00eancia dos sintomas deve ser valorizada. \u201c\u00c9 comum atribuir gases, constipa\u00e7\u00e3o ou epis\u00f3dios isolados de diarreia \u00e0 alimenta\u00e7\u00e3o ou ao estresse. O alerta surge quando esses sinais se repetem por semanas ou aparecem associados a sangramento, dor abdominal ou anemia. Nesses casos, a investiga\u00e7\u00e3o m\u00e9dica \u00e9 fundamental\u201d, explica.<\/p>\n<p style=\"text-align: justify;\">O risco da doen\u00e7a aumenta com a idade, mas n\u00e3o se restringe \u00e0s faixas et\u00e1rias mais elevadas. Hist\u00f3rico familiar, principalmente em parentes de primeiro grau, e fatores ligados ao estilo de vida \u2014 como alimenta\u00e7\u00e3o pobre em fibras e rica em ultraprocessados e carnes vermelhas, sedentarismo, obesidade, consumo excessivo de \u00e1lcool e tabagismo \u2014 exercem influ\u00eancia relevante. Esses fatores ajudam a explicar o crescimento de casos em pessoas com menos de 50 anos. Para o oncologista Dr. Ant\u00f4nio Dias, especialista em tumores do trato gastrointestinal, esse movimento levou \u00e0 antecipa\u00e7\u00e3o da recomenda\u00e7\u00e3o de in\u00edcio do rastreamento. \u201cTrata-se de um fen\u00f4meno multifatorial, diretamente associado ao padr\u00e3o alimentar e ao estilo de vida contempor\u00e2neo\u201d, afirma.<\/p>\n<p style=\"text-align: justify;\">O rastreamento \u00e9 uma das estrat\u00e9gias mais eficazes para reduzir o impacto do c\u00e2ncer colorretal. Com o aumento de casos em pessoas mais jovens, institui\u00e7\u00f5es de refer\u00eancia, como a\u00a0<em>American Cancer Society<\/em>, passaram a recomendar que indiv\u00edduos com risco m\u00e9dio iniciem a colonoscopia aos 45 anos, mesmo sem sintomas. Quem possui hist\u00f3rico familiar deve come\u00e7ar aos 40 ou dez anos antes da idade em que o parente foi diagnosticado, prevalecendo o que ocorrer primeiro.\u00a0A colonoscopia n\u00e3o apenas identifica les\u00f5es precoces, mas tamb\u00e9m permite remover p\u00f3lipos antes que evoluam para c\u00e2ncer, oferecendo uma preven\u00e7\u00e3o ativa e eficaz.<\/p>\n<p style=\"text-align: justify;\">Quando o c\u00e2ncer colorretal \u00e9 detectado precocemente, o tratamento costuma envolver cirurgia para retirada do tumor e dos g\u00e2nglios linf\u00e1ticos regionais. A indica\u00e7\u00e3o de quimioterapia ap\u00f3s o procedimento depende do est\u00e1gio da doen\u00e7a e tem como objetivo reduzir o risco de recorr\u00eancia. Mesmo em quadros mais avan\u00e7ados, com presen\u00e7a de met\u00e1stases, h\u00e1 situa\u00e7\u00f5es em que a cura ainda \u00e9 poss\u00edvel, principalmente quando as les\u00f5es s\u00e3o \u00fanicas e pass\u00edveis de ressec\u00e7\u00e3o cir\u00fargica ou de abordagens ablativas.<\/p>\n<p style=\"text-align: justify;\">\u201cHoje, o tratamento do c\u00e2ncer colorretal conta com um arsenal terap\u00eautico mais amplo e personalizado. Al\u00e9m da quimioterapia convencional, h\u00e1 terapias alvo direcionadas a muta\u00e7\u00f5es espec\u00edficas, imunoterapia em casos selecionados e t\u00e9cnicas como radioterapia, abla\u00e7\u00e3o por radiofrequ\u00eancia e radioemboliza\u00e7\u00e3o, que permitem controlar a doen\u00e7a e preservar a qualidade de vida, inclusive em cen\u00e1rios mais avan\u00e7ados\u201d, informa Dias.<\/p>\n<p style=\"text-align: justify;\">A ado\u00e7\u00e3o de h\u00e1bitos saud\u00e1veis permanece como um eixo central na redu\u00e7\u00e3o do risco da doen\u00e7a. Pr\u00e1tica regular de atividade f\u00edsica, alimenta\u00e7\u00e3o rica em frutas, vegetais e fibras, redu\u00e7\u00e3o do consumo de carnes vermelhas e embutidos, controle do peso, modera\u00e7\u00e3o no consumo de \u00e1lcool e abandono do tabagismo figuram entre as medidas mais eficazes. Ainda assim, nenhuma dessas estrat\u00e9gias substitui a avalia\u00e7\u00e3o m\u00e9dica. Diante de sintomas persistentes ou para orienta\u00e7\u00e3o sobre rastreamento, a recomenda\u00e7\u00e3o \u00e9 procurar um profissional de sa\u00fade.<\/p>\n<\/div>\n","protected":false},"excerpt":{"rendered":"<p>Segundo tipo mais frequente entre homens e mulheres, tumor apresenta alta mortalidade, mas pode ter impacto reduzido com preven\u00e7\u00e3o e diagn\u00f3stico precoce O c\u00e2ncer colorretal, que acomete o c\u00f3lon e o reto, ocupa hoje uma posi\u00e7\u00e3o cr\u00edtica na sa\u00fade p\u00fablica brasileira. Dados do Instituto Nacional de C\u00e2ncer (Inca) indicam que a doen\u00e7a j\u00e1 \u00e9 o [&hellip;]<\/p>\n","protected":false},"author":2,"featured_media":128990,"comment_status":"open","ping_status":"open","sticky":false,"template":"","format":"standard","meta":[],"categories":[29,71],"tags":[8128,8129,5691],"_links":{"self":[{"href":"https:\/\/www.blogdopaulonunes.com\/v5\/index.php\/wp-json\/wp\/v2\/posts\/128989"}],"collection":[{"href":"https:\/\/www.blogdopaulonunes.com\/v5\/index.php\/wp-json\/wp\/v2\/posts"}],"about":[{"href":"https:\/\/www.blogdopaulonunes.com\/v5\/index.php\/wp-json\/wp\/v2\/types\/post"}],"author":[{"embeddable":true,"href":"https:\/\/www.blogdopaulonunes.com\/v5\/index.php\/wp-json\/wp\/v2\/users\/2"}],"replies":[{"embeddable":true,"href":"https:\/\/www.blogdopaulonunes.com\/v5\/index.php\/wp-json\/wp\/v2\/comments?post=128989"}],"version-history":[{"count":1,"href":"https:\/\/www.blogdopaulonunes.com\/v5\/index.php\/wp-json\/wp\/v2\/posts\/128989\/revisions"}],"predecessor-version":[{"id":128991,"href":"https:\/\/www.blogdopaulonunes.com\/v5\/index.php\/wp-json\/wp\/v2\/posts\/128989\/revisions\/128991"}],"wp:featuredmedia":[{"embeddable":true,"href":"https:\/\/www.blogdopaulonunes.com\/v5\/index.php\/wp-json\/wp\/v2\/media\/128990"}],"wp:attachment":[{"href":"https:\/\/www.blogdopaulonunes.com\/v5\/index.php\/wp-json\/wp\/v2\/media?parent=128989"}],"wp:term":[{"taxonomy":"category","embeddable":true,"href":"https:\/\/www.blogdopaulonunes.com\/v5\/index.php\/wp-json\/wp\/v2\/categories?post=128989"},{"taxonomy":"post_tag","embeddable":true,"href":"https:\/\/www.blogdopaulonunes.com\/v5\/index.php\/wp-json\/wp\/v2\/tags?post=128989"}],"curies":[{"name":"wp","href":"https:\/\/api.w.org\/{rel}","templated":true}]}}