{"id":128978,"date":"2026-04-27T03:15:26","date_gmt":"2026-04-27T06:15:26","guid":{"rendered":"https:\/\/www.blogdopaulonunes.com\/v5\/?p=128978"},"modified":"2026-04-27T03:15:26","modified_gmt":"2026-04-27T06:15:26","slug":"nao-ha-ilegalidade-mas-pode-haver-imoralidade-na-criacao-de-cargos-afirma-diogo-sobre-projeto-da-prefeitura","status":"publish","type":"post","link":"https:\/\/www.blogdopaulonunes.com\/v5\/index.php\/2026\/04\/27\/nao-ha-ilegalidade-mas-pode-haver-imoralidade-na-criacao-de-cargos-afirma-diogo-sobre-projeto-da-prefeitura\/","title":{"rendered":"\u201cN\u00e3o h\u00e1 ilegalidade, mas pode haver imoralidade na cria\u00e7\u00e3o de cargos\u201d, afirma Diogo sobre projeto da Prefeitura"},"content":{"rendered":"<p style=\"text-align: justify;\">Durante a sess\u00e3o ordin\u00e1ria desta sexta-feira (24), o vereador Diogo Azevedo (PSDB) utilizou a tribuna da C\u00e2mara Municipal para fazer um pronunciamento cr\u00edtico sobre a cria\u00e7\u00e3o de novos cargos no Executivo, al\u00e9m de abordar quest\u00f5es relacionadas \u00e0 sa\u00fade p\u00fablica, infraestrutura e pol\u00edticas sociais no munic\u00edpio.<\/p>\n<p style=\"text-align: justify;\">Ao iniciar sua fala, no Dia Internacional do Jovem Trabalhador, o vereador relembrou iniciativas voltadas \u00e0 juventude. \u201cBom dia aos jovens aprendizes, inclusive apresentei um projeto ano passado a respeito de est\u00e1gio e jovem aprendiz no servi\u00e7o p\u00fablico do munic\u00edpio, onde h\u00e1 reservas de vagas exclusivas para alunos de escola p\u00fablica e vulnerabilidade social\u201d, destacou.<\/p>\n<p style=\"text-align: justify;\">Na sequ\u00eancia, Diogo Azevedo relatou questionamentos recebidos da popula\u00e7\u00e3o ap\u00f3s a divulga\u00e7\u00e3o da poss\u00edvel cria\u00e7\u00e3o de mais de 60 cargos na estrutura do Executivo Municipal, por meio de projetos de leis enviados pelo Executivo \u00e0 C\u00e2mara de Vereadores.\u00a0 \u201cUm blog noticiou a cria\u00e7\u00e3o de mais de 60 cargos para o Executivo Municipal e v\u00e1rias pessoas perguntando para mim: \u2018Voc\u00ea vai votar a favor disso?\u2019\u201d, afirmou.<\/p>\n<p style=\"text-align: justify;\">O vereador ponderou que, apesar de n\u00e3o haver impedimento legal, a medida levanta questionamentos \u00e9ticos e morais, especialmente por se tratar de ano eleitoral. \u201cEste ano \u00e9 um ano eleitoral, n\u00e3o h\u00e1 ilegalidade na cria\u00e7\u00e3o de cargos, mas a gente pode pensar na imoralidade na cria\u00e7\u00e3o de cargos\u201d, declarou. Em tom cr\u00edtico, acrescentou: \u201cEu j\u00e1 ocupei cargo comissionado e o cargo comissionado \u00e9 para ir para a rua fazer campanha, pedir voto\u201d, destacou.<\/p>\n<p style=\"text-align: justify;\">Para o parlamentar, o momento exige responsabilidade na aplica\u00e7\u00e3o dos recursos p\u00fablicos. \u201cEu acho que n\u00e3o \u00e9 o momento. A cidade n\u00e3o tem servi\u00e7o para autista, a cidade n\u00e3o tem dinheiro para investir na sa\u00fade, a cidade n\u00e3o tem fardamento para os alunos de escola p\u00fablica, o que eu acho um absurdo\u201d, disse, informando ainda que pretende apresentar proposta sobre o tema.<\/p>\n<p style=\"text-align: justify;\">Ao falar sobre o cen\u00e1rio da educa\u00e7\u00e3o, o vereador relembrou gest\u00f5es anteriores e citou o ex-prefeito Guilherme Menezes (PT). \u201cNa minha \u00e9poca tinha, eu lembro que na \u00e9poca de Guilherme fornecia at\u00e9 mochila e t\u00eanis para os alunos\u201d, afirmou, ao comparar pol\u00edticas p\u00fablicas voltadas \u00e0 educa\u00e7\u00e3o\u201d, destacou.<\/p>\n<p style=\"text-align: justify;\">Sobre a aplica\u00e7\u00e3o de recursos, Diogo Azevedo destacou a necessidade de avalia\u00e7\u00e3o criteriosa por parte do Legislativo. \u201cEu acho que essa Casa deve avaliar direito j\u00e1 que a cidade n\u00e3o tem dinheiro para fazer o investimento necess\u00e1rio nas necessidades b\u00e1sicas\u201d, pontuou. Ele comentou ainda sobre a infraestrutura urbana: \u201cEu nem falo sobre infraestrutura, que a cidade est\u00e1 um caos? Est\u00e1, mas essa Casa j\u00e1 aprovou empr\u00e9stimo para infraestrutura, ent\u00e3o acho que isso vai ser sanado\u201d.<\/p>\n<p style=\"text-align: justify;\">O parlamentar concentrou cr\u00edticas mais contundentes na \u00e1rea da sa\u00fade. \u201cEu foco na sa\u00fade, 15% apenas de investimento, as pessoas n\u00e3o t\u00eam acesso a quase nada, o tratamento fora do domic\u00edlio est\u00e1 um horror\u201d, afirmou. Como exemplo, relatou dificuldades enfrentadas por pacientes: \u201cUma crian\u00e7a aqui n\u00e3o faz uma cirurgia de fimose e tem que mandar para Salvador\u201d.<\/p>\n<p style=\"text-align: justify;\">Diogo Azevedo tamb\u00e9m apresentou estimativas sobre o impacto financeiro da cria\u00e7\u00e3o dos cargos, caso os Pls sejam aprovados. \u201cSe a gente fizer as contas por alto, tem 8 milh\u00f5es mais ou menos por ano, com INSS patronal, sal\u00e1rios, d\u00e9cimo terceiro e f\u00e9rias\u201d, disse. Para ele, o recurso poderia ter outra destina\u00e7\u00e3o \u201cEsses 8 milh\u00f5es poderiam ser investidos na sa\u00fade, por exemplo, e n\u00e3o em cargo comissionado nesse momento\u201d, pontuou.<\/p>\n<p style=\"text-align: justify;\">O vereador ainda criticou a situa\u00e7\u00e3o da Funda\u00e7\u00e3o P\u00fablica de Sa\u00fade Esa\u00fa Matos. \u201cOs repasses s\u00e3o atrasados, funcion\u00e1rios recebem fora do quinto dia \u00fatil\u201d, declarou. Ele tamb\u00e9m denunciou problemas trabalhistas. \u201cFuncion\u00e1rio quando demitido, n\u00e3o recebe nada de verba rescis\u00f3ria a pessoa trabalha 15 anos no lugar e sai sem receber um centavo\u201d.<\/p>\n<p style=\"text-align: justify;\">Ao final, mesmo integrando a base governista, o parlamentar sinalizou posicionamento contr\u00e1rio \u00e0 proposta. \u201cEu ainda estou na bancada de situa\u00e7\u00e3o, mas o meu posicionamento \u00e9 contr\u00e1rio \u00e0 cria\u00e7\u00e3o de novos cargos\u201d, afirmou.<\/p>\n<p style=\"text-align: justify;\">O vereador concluiu cobrando um posicionamento coletivo do Legislativo. \u201cEu quero saber o posicionamento da bancada de oposi\u00e7\u00e3o, essa Casa tem que se posicionar a favor do povo\u201d.<\/p>\n<p style=\"text-align: justify;\">Samara Dias<\/p>\n<p><a href=\"https:\/\/camaravc.ba.gov.br\/home\/inicio\/1\">Saiba mais<\/a><\/p>\n","protected":false},"excerpt":{"rendered":"<p>Durante a sess\u00e3o ordin\u00e1ria desta sexta-feira (24), o vereador Diogo Azevedo (PSDB) utilizou a tribuna da C\u00e2mara Municipal para fazer um pronunciamento cr\u00edtico sobre a cria\u00e7\u00e3o de novos cargos no Executivo, al\u00e9m de abordar quest\u00f5es relacionadas \u00e0 sa\u00fade p\u00fablica, infraestrutura e pol\u00edticas sociais no munic\u00edpio. Ao iniciar sua fala, no Dia Internacional do Jovem Trabalhador, [&hellip;]<\/p>\n","protected":false},"author":2,"featured_media":128979,"comment_status":"open","ping_status":"open","sticky":false,"template":"","format":"standard","meta":[],"categories":[104,105],"tags":[8120],"_links":{"self":[{"href":"https:\/\/www.blogdopaulonunes.com\/v5\/index.php\/wp-json\/wp\/v2\/posts\/128978"}],"collection":[{"href":"https:\/\/www.blogdopaulonunes.com\/v5\/index.php\/wp-json\/wp\/v2\/posts"}],"about":[{"href":"https:\/\/www.blogdopaulonunes.com\/v5\/index.php\/wp-json\/wp\/v2\/types\/post"}],"author":[{"embeddable":true,"href":"https:\/\/www.blogdopaulonunes.com\/v5\/index.php\/wp-json\/wp\/v2\/users\/2"}],"replies":[{"embeddable":true,"href":"https:\/\/www.blogdopaulonunes.com\/v5\/index.php\/wp-json\/wp\/v2\/comments?post=128978"}],"version-history":[{"count":1,"href":"https:\/\/www.blogdopaulonunes.com\/v5\/index.php\/wp-json\/wp\/v2\/posts\/128978\/revisions"}],"predecessor-version":[{"id":128980,"href":"https:\/\/www.blogdopaulonunes.com\/v5\/index.php\/wp-json\/wp\/v2\/posts\/128978\/revisions\/128980"}],"wp:featuredmedia":[{"embeddable":true,"href":"https:\/\/www.blogdopaulonunes.com\/v5\/index.php\/wp-json\/wp\/v2\/media\/128979"}],"wp:attachment":[{"href":"https:\/\/www.blogdopaulonunes.com\/v5\/index.php\/wp-json\/wp\/v2\/media?parent=128978"}],"wp:term":[{"taxonomy":"category","embeddable":true,"href":"https:\/\/www.blogdopaulonunes.com\/v5\/index.php\/wp-json\/wp\/v2\/categories?post=128978"},{"taxonomy":"post_tag","embeddable":true,"href":"https:\/\/www.blogdopaulonunes.com\/v5\/index.php\/wp-json\/wp\/v2\/tags?post=128978"}],"curies":[{"name":"wp","href":"https:\/\/api.w.org\/{rel}","templated":true}]}}