{"id":128975,"date":"2026-04-26T20:11:04","date_gmt":"2026-04-26T23:11:04","guid":{"rendered":"https:\/\/www.blogdopaulonunes.com\/v5\/?p=128975"},"modified":"2026-04-26T20:11:04","modified_gmt":"2026-04-26T23:11:04","slug":"ha-42-anos-as-diretas-ja-perdiam-no-congresso-e-ganhavam-as-ruas","status":"publish","type":"post","link":"https:\/\/www.blogdopaulonunes.com\/v5\/index.php\/2026\/04\/26\/ha-42-anos-as-diretas-ja-perdiam-no-congresso-e-ganhavam-as-ruas\/","title":{"rendered":"H\u00e1 42 anos, as Diretas J\u00e1 perdiam no Congresso e ganhavam as ruas"},"content":{"rendered":"<p style=\"text-align: justify;\"><strong>Sob censura, cerco militar e buzina\u00e7os, a C\u00e2mara rejeitou em 25 de abril de 1984 a Emenda Dante, que previa a volta das elei\u00e7\u00f5es diretas para presidente. A proposta caiu, mas a mobiliza\u00e7\u00e3o popular abriu caminho para o fim da ditadura.<\/strong><\/p>\n<div class=\"asset__author\"><\/div>\n<div class=\"asset__actions\">\n<div class=\"asset__info\"><\/div>\n<\/div>\n<div class=\"share\">\n<div class=\"share-social\">\n<div class=\"share-icons\"><\/div>\n<\/div>\n<\/div>\n<div class=\"asset__content leitura-materia-118354\">\n<div class=\"html-content\">\n<p style=\"text-align: justify;\"><a href=\"https:\/\/www.congressoemfoco.com.br\/tag\/brasilia\/\" target=\"_blank\" rel=\"noopener\">Bras\u00edlia<\/a>\u00a0chegou a 25 de abril de 1984 como se carregasse, sobre o concreto da Esplanada, o peso de um pa\u00eds inteiro. Dentro do\u00a0<a href=\"https:\/\/www.congressoemfoco.com.br\/tag\/congresso\/\" target=\"_blank\" rel=\"noopener\">Congresso<\/a>, deputados se preparavam para votar a emenda constitucional que poderia devolver aos brasileiros o direito de escolher o presidente da Rep\u00fablica. Do lado de fora, estudantes, sindicalistas, funcion\u00e1rios p\u00fablicos, jornalistas, militantes e curiosos tentavam acompanhar uma sess\u00e3o que o regime militar fazia de tudo para controlar.<\/p>\n<p style=\"text-align: justify;\">Havia soldados, barreiras, censura, telefones cortados, credenciais disputadas e policiais \u00e0 paisana. Mas havia tamb\u00e9m vida nas ruas: amarelo nas roupas, flores nas galerias, buzinas na Esplanada, estudantes no gramado diante do Congresso. Havia medo. E havia uma esperan\u00e7a dif\u00edcil de conter.<\/p>\n<p><img loading=\"lazy\" title=\"Com\u00edcio na Pra\u00e7a da S\u00e9, em 25 de janeiro de 1984, marcou a forma\u00e7\u00e3o de uma frente ampla pela realiza\u00e7\u00e3o das elei\u00e7\u00f5es diretas.\" src=\"https:\/\/static.congressoemfoco.com.br\/2026\/04\/24\/cong_materia\/2026\/04\/24\/0989d8_cong_materia_manual_diretasjanase.jpg\" alt=\"Com\u00edcio na Pra\u00e7a da S\u00e9, em 25 de janeiro de 1984, marcou a forma\u00e7\u00e3o de uma frente ampla pela realiza\u00e7\u00e3o das elei\u00e7\u00f5es diretas.\" width=\"800\" height=\"450\" \/><\/p>\n<div class=\"img-info\"><span class=\"img-legenda\">Com\u00edcio na Pra\u00e7a da S\u00e9, em 25 de janeiro de 1984, marcou a forma\u00e7\u00e3o de uma frente ampla pela realiza\u00e7\u00e3o das elei\u00e7\u00f5es diretas.<\/span><span class=\"img-credito\">Ag\u00eancia Brasil<\/span><\/div>\n<p>&nbsp;<\/p>\n<p><strong>Expectativa e realidade<\/strong><\/p>\n<p style=\"text-align: justify;\">H\u00e1 exatos 42 anos, o pa\u00eds chegava \u00e0quela quarta-feira embalado por uma das maiores mobiliza\u00e7\u00f5es populares de sua hist\u00f3ria. As<a href=\"https:\/\/www.congressoemfoco.com.br\/tag\/diretas-ja\" target=\"_blank\" rel=\"noopener\">\u00a0Diretas J\u00e1\u00a0<\/a>haviam tomado pra\u00e7as, universidades, sindicatos, igrejas, entidades civis e palanques. Poucos dias antes, multid\u00f5es tinham ocupado a Candel\u00e1ria, no Rio, e o Vale do Anhangaba\u00fa, em S\u00e3o Paulo. A rua parecia ter decidido aquilo que o Congresso ainda precisava votar. N\u00e3o foi o que aconteceu.<\/p>\n<p style=\"text-align: justify;\">O movimento Diretas J\u00e1 nasceu da reivindica\u00e7\u00e3o de devolver aos brasileiros o direito de escolher o presidente da Rep\u00fablica pelo voto popular. Reuniu partidos de oposi\u00e7\u00e3o, governadores, sindicatos, estudantes, artistas, entidades civis e setores da Igreja. Teve entre seus principais l\u00edderes Ulysses Guimar\u00e3es, Tancredo Neves, Franco Montoro, Leonel Brizola, Lula, Fernando Henrique Cardoso, M\u00e1rio Covas e Miguel Arraes.<\/p>\n<p style=\"text-align: justify;\">Entre os grandes atos da campanha estiveram manifesta\u00e7\u00f5es em Goi\u00e2nia, no Pacaembu e na Pra\u00e7a da S\u00e9, em S\u00e3o Paulo, al\u00e9m dos com\u00edcios da Candel\u00e1ria, no Rio, e do Vale do Anhangaba\u00fa, que reuniram multid\u00f5es \u00e0s v\u00e9speras da vota\u00e7\u00e3o.<\/p>\n<p><img loading=\"lazy\" title=\"Mais de um milh\u00e3o de pessoas se reuniram no Vale do Anhangaba\u00fa, em S\u00e3o Paulo, para pedir a volta das elei\u00e7\u00f5es diretas para presidente.\" src=\"https:\/\/static.congressoemfoco.com.br\/2026\/04\/24\/cong_materia\/2026\/04\/24\/d80af2_cong_materia_manual_16abril1984valeanhangabaumilhaorenatodosanjosfolhapress.jpg\" alt=\"Mais de um milh\u00e3o de pessoas se reuniram no Vale do Anhangaba\u00fa, em S\u00e3o Paulo, para pedir a volta das elei\u00e7\u00f5es diretas para presidente.\" width=\"800\" height=\"450\" \/><\/p>\n<div class=\"img-info\" style=\"text-align: justify;\"><span class=\"img-legenda\">Mais de um milh\u00e3o de pessoas se reuniram no Vale do Anhangaba\u00fa, em S\u00e3o Paulo, para pedir a volta das elei\u00e7\u00f5es diretas para presidente.<\/span><span class=\"img-credito\">Renato dos Anjos\/Folhapress\/arquivo<\/span><\/div>\n<p><strong>Falta de 22 votos impediu a aprova\u00e7\u00e3o<\/strong><\/p>\n<p style=\"text-align: justify;\">A PEC 3\/1983, tamb\u00e9m chamada de Emenda Dante de Oliveira (<a href=\"https:\/\/static.congressoemfoco.com.br\/2026\/04\/24\/attachment\/2026\/04\/24\/f87cc0_emenda_dante.pdf\" target=\"_blank\" rel=\"noopener\">veja reprodu\u00e7\u00e3o do documento original<\/a>), em homenagem ao seu autor, recebeu 298 votos favor\u00e1veis, 65 contr\u00e1rios e tr\u00eas absten\u00e7\u00f5es. Teve ampla maioria, mas n\u00e3o o suficiente. Para mudar a Constitui\u00e7\u00e3o imposta pelo regime, eram necess\u00e1rios 320 votos, dois ter\u00e7os da C\u00e2mara. Faltaram 22. Outros 113 deputados n\u00e3o compareceram, em sua maioria do PDS, partido de sustenta\u00e7\u00e3o do governo militar. A proposta sequer seguiu para o Senado.<\/p>\n<p style=\"text-align: justify;\">Na madrugada de 26 de abril, o Brasil descobriu que ainda teria de esperar para voltar \u00e0s urnas e escolher diretamente seu presidente. O voto direto s\u00f3 seria restabelecido com a Constitui\u00e7\u00e3o de 1988. A primeira elei\u00e7\u00e3o presidencial direta depois da ditadura viria em 1989, quando Fernando Collor se tornou o primeiro presidente eleito pelo voto direto ap\u00f3s o regime militar.<\/p>\n<p style=\"text-align: justify;\">A derrota da emenda, por\u00e9m, n\u00e3o devolveu o pa\u00eds ao ponto de partida. O regime venceu a vota\u00e7\u00e3o, mas j\u00e1 n\u00e3o mandava sozinho no enredo da transi\u00e7\u00e3o.<\/p>\n<p><img loading=\"lazy\" title=\"Em p\u00e9, de barba, o deputado Dante de Oliveira, autor da PEC, conversa com colegas no Plen\u00e1rio no dia da vota\u00e7\u00e3o da emenda.\" src=\"https:\/\/static.congressoemfoco.com.br\/2026\/04\/24\/cong_materia\/2026\/04\/24\/e400f7_cong_materia_manual_depdantedeoliveira250484emendadiretasjaa.jpg\" alt=\"Em p\u00e9, de barba, o deputado Dante de Oliveira, autor da PEC, conversa com colegas no Plen\u00e1rio no dia da vota\u00e7\u00e3o da emenda.\" width=\"800\" height=\"450\" \/><\/p>\n<div class=\"img-info\"><span class=\"img-legenda\">Em p\u00e9, de barba, o deputado Dante de Oliveira, autor da PEC, conversa com colegas no Plen\u00e1rio no dia da vota\u00e7\u00e3o da emenda.<\/span><span class=\"img-credito\">Arquivo\/Senado<\/span><\/div>\n<p>&nbsp;<\/p>\n<p><strong>General no cavalo branco<\/strong><\/p>\n<p style=\"text-align: justify;\">A tens\u00e3o vinha de antes. Em 18 de abril, o presidente Jo\u00e3o Figueiredo decretou medidas de emerg\u00eancia no Distrito Federal e em munic\u00edpios de Goi\u00e1s. A execu\u00e7\u00e3o ficou a cargo do general Newton Cruz, comandante militar do Planalto. Na pr\u00e1tica, o governo criou um cintur\u00e3o pol\u00edtico, policial e militar em torno da vota\u00e7\u00e3o.<\/p>\n<p style=\"text-align: justify;\">Na segunda-feira, 23 de abril, sob o pretexto de comemorar o anivers\u00e1rio do Comando Militar do Planalto, Newton Cruz desfilou pela Esplanada montado em um cavalo branco, \u00e0 frente de milhares de militares, tanques e carros de combate. Era uma demonstra\u00e7\u00e3o de for\u00e7a no cora\u00e7\u00e3o da capital. No dia seguinte, quando a popula\u00e7\u00e3o respondeu com buzina\u00e7os, relatos da \u00e9poca o descrevem chutando e chicoteando autom\u00f3veis, aos gritos e com palavr\u00f5es, enquanto motoristas insistiam em fazer barulho.<\/p>\n<p><strong>Bras\u00edlia sob cerco<\/strong><\/p>\n<p style=\"text-align: justify;\">A\u00a0<em>Folha de S.Paulo<\/em>\u00a0registrou o clima de intimida\u00e7\u00e3o em tom duro. Prefeitos e vereadores eram tratados como &#8220;inimigos da ordem&#8221;. A Universidade de Bras\u00edlia estava cercada por tropas. A censura aos meios eletr\u00f4nicos era descrita como tentativa de impedir a na\u00e7\u00e3o de ver e ouvir aquilo que, de algum modo, acabaria vendo e ouvindo.<\/p>\n<p style=\"text-align: justify;\">O Congresso tamb\u00e9m estava sob censura pr\u00e9via. As normas baixadas por Newton Cruz proibiam a transmiss\u00e3o, sem libera\u00e7\u00e3o pr\u00e9via, de debates, entrevistas, not\u00edcias e pronunciamentos sobre emendas constitucionais. Na pr\u00e1tica, a atividade parlamentar era mutilada. A tribuna continuava aberta, mas o pa\u00eds era impedido de acompanhar, pelo r\u00e1dio e pela televis\u00e3o, o que seus representantes diziam.<\/p>\n<p style=\"text-align: justify;\">A censura atingiu tamb\u00e9m a cobertura jornal\u00edstica, sobretudo de r\u00e1dio e televis\u00e3o. No dia 25, o pr\u00f3prio Jornal Nacional informou que a Associa\u00e7\u00e3o Brasileira de Emissoras de R\u00e1dio e Televis\u00e3o (Abert) havia divulgado nota contra a censura de not\u00edcias vindas da capital.<\/p>\n<p><img loading=\"lazy\" title=\"Deputados favor\u00e1veis \u00e0 Emenda Dante acenam para as galerias.\" src=\"https:\/\/static.congressoemfoco.com.br\/2026\/04\/24\/cong_materia\/2026\/04\/24\/fb5a08_cong_materia_manual_diretasjagaleria.jpg\" alt=\"Deputados favor\u00e1veis \u00e0 Emenda Dante acenam para as galerias.\" width=\"800\" height=\"450\" \/><\/p>\n<div class=\"img-info\"><span class=\"img-legenda\">Deputados favor\u00e1veis \u00e0 Emenda Dante acenam para as galerias.<\/span><span class=\"img-credito\">Arquivo\/Senado<\/span><\/div>\n<p><strong>Deputados agredidos e presos<\/strong><\/p>\n<p style=\"text-align: justify;\">A tens\u00e3o n\u00e3o ficou apenas no controle da informa\u00e7\u00e3o. Na noite de 24 de abril, segundo registros da imprensa da \u00e9poca, houve tiros contra uma passeata. A opera\u00e7\u00e3o foi acompanhada pelo pr\u00f3prio Newton Cruz e envolveu tropas do Ex\u00e9rcito, policiais militares e agentes federais. Os deputados Aldo Arantes, do PMDB de Goi\u00e1s, e Jaques D&#8217;Ornellas, do PDT do Rio, foram agredidos e presos. O presidente da C\u00e2mara, Fl\u00e1vio Marc\u00edlio, comunicou pessoalmente o caso ao ministro da Justi\u00e7a e protestou contra o que considerou uma forma insultuosa de deten\u00e7\u00e3o.<\/p>\n<p><img loading=\"lazy\" title=\"O presidente do Congresso em 1984, senador Moacir Dalla (sentado) conversa com parlamentares no dia da vota\u00e7\u00e3o da PEC Dante de Oliveira.\" src=\"https:\/\/static.congressoemfoco.com.br\/2026\/04\/24\/cong_materia\/2026\/04\/24\/69957f_cong_materia_manual_127452633831d6a60512fc.jpg\" alt=\"O presidente do Congresso em 1984, senador Moacir Dalla (sentado) conversa com parlamentares no dia da vota\u00e7\u00e3o da PEC Dante de Oliveira.\" width=\"800\" height=\"450\" \/><\/p>\n<div class=\"img-info\"><span class=\"img-legenda\">O presidente do Congresso em 1984, senador Moacir Dalla (sentado) conversa com parlamentares no dia da vota\u00e7\u00e3o da PEC Dante de Oliveira.<\/span><span class=\"img-credito\">Ag\u00eancia Brasil<\/span><\/div>\n<p style=\"text-align: justify;\">No mesmo dia, Ulysses Guimar\u00e3es subiu \u00e0 tribuna. Presidente do PMDB, deputado e principal rosto pol\u00edtico das Diretas, discursou falando para al\u00e9m do Plen\u00e1rio. Disse que a tribuna havia sido &#8220;profanada e mutilada&#8221; pelas medidas de emerg\u00eancia. Lembrou que o povo estava proibido de ver e ouvir o que seus representantes faziam sobre mat\u00e9ria ligada \u00e0 sua &#8220;ru\u00edna ou salva\u00e7\u00e3o&#8221;.<\/p>\n<p style=\"text-align: justify;\">Ulysses foi interrompido 23 vezes por aplausos. Resumiu a campanha em uma frase: &#8220;Vi o amarelo vestir de esperan\u00e7a o Brasil; vi a Hist\u00f3ria brotar nas ruas e na garganta do povo&#8221;. E encerrou com outra, feita para atravessar a noite: &#8220;A P\u00e1tria \u00e9 o povo e o povo vencer\u00e1&#8221;.<\/p>\n<p style=\"text-align: justify;\"><strong>O barulho contra o sil\u00eancio<\/strong><\/p>\n<p style=\"text-align: justify;\">Enquanto o regime tentava controlar a informa\u00e7\u00e3o, Bras\u00edlia fazia barulho. Na tarde de 24 de abril, carros tomaram a Esplanada em uma &#8220;jornada do barulho&#8221;. Buzinas ecoaram pela capital. Funcion\u00e1rios que sa\u00edam dos minist\u00e9rios aderiram ao protesto. Das janelas dos pr\u00e9dios, moradores bateram panelas. O centro do poder, desenhado para a ordem e a dist\u00e2ncia, foi invadido por uma manifesta\u00e7\u00e3o sonora.<\/p>\n<p style=\"text-align: justify;\">As reprodu\u00e7\u00f5es dos jornais da \u00e9poca mostram esse contraste entre euforia e intimida\u00e7\u00e3o. De um lado, as p\u00e1ginas registravam cerco, censura, militares nas ruas, vigil\u00e2ncia sobre autoridades locais e incerteza sobre o resultado. De outro, revelavam uma cidade que, antes mesmo da vota\u00e7\u00e3o, j\u00e1 parecia ter aprovado as diretas no buzina\u00e7o, nas janelas e nos gramados.<\/p>\n<p><img loading=\"lazy\" title=\"O ent\u00e3o presidente Jo\u00e3o Baptista Figueiredo e o seu candidato na elei\u00e7\u00e3o indireta, deputado Paulo Maluf, que acabaria derrotado no Col\u00e9gio Eleitoral para Tancredo Neves.\" src=\"https:\/\/static.congressoemfoco.com.br\/2026\/04\/24\/cong_materia\/2026\/04\/24\/a83792_cong_materia_manual_figueiredoepaulomalufpresidencia.jpg\" alt=\"O ent\u00e3o presidente Jo\u00e3o Baptista Figueiredo e o seu candidato na elei\u00e7\u00e3o indireta, deputado Paulo Maluf, que acabaria derrotado no Col\u00e9gio Eleitoral para Tancredo Neves.\" width=\"800\" height=\"450\" \/><\/p>\n<div class=\"img-info\" style=\"text-align: justify;\"><span class=\"img-legenda\">O ent\u00e3o presidente Jo\u00e3o Baptista Figueiredo e o seu candidato na elei\u00e7\u00e3o indireta, deputado Paulo Maluf, que acabaria derrotado no Col\u00e9gio Eleitoral para Tancredo Neves.<\/span><span class=\"img-credito\">Arquivo\/Presid\u00eancia da Rep\u00fablica<\/span><\/div>\n<p style=\"text-align: justify;\">Na v\u00e9spera, Figueiredo endureceu o discurso diante de aliados. Segundo o\u00a0<em>Estado de S. Paulo<\/em>, afirmou que aprovar a emenda das diretas seria &#8220;fazer o jogo dos comunistas&#8221; e apoiar uma iniciativa do MR-8, movimento da luta armada. O deputado Paulo Maluf, um dos nomes do PDS para a sucess\u00e3o indireta, tamb\u00e9m elevou o tom. Disse que, se a emenda fosse rejeitada e os governadores oposicionistas continuassem promovendo com\u00edcios e passeatas pr\u00f3-diretas, o gesto deveria ser encarado como contesta\u00e7\u00e3o ao regime, &#8220;um ato de subvers\u00e3o da ordem&#8221;.<\/p>\n<p style=\"text-align: justify;\">A palavra &#8220;subvers\u00e3o&#8221; voltava a circular como senha de intimida\u00e7\u00e3o.<\/p>\n<p style=\"text-align: justify;\">Havia diverg\u00eancias tamb\u00e9m dentro da oposi\u00e7\u00e3o. Tancredo Neves, governador de Minas Gerais, buscava uma sa\u00edda negociada, sugerindo um mandato-tamp\u00e3o e a convoca\u00e7\u00e3o de uma Constituinte. Lula, ent\u00e3o presidente do PT, chegou a Bras\u00edlia de bengala, com a perna esquerda engessada, e criticou a proposta. Para ele, n\u00e3o era transi\u00e7\u00e3o, mas &#8220;transa\u00e7\u00e3o&#8221;. As oposi\u00e7\u00f5es, dizia, n\u00e3o tinham o direito de negociar apenas por interesses partid\u00e1rios. Segundo ele, a luta deveria ser pelas elei\u00e7\u00f5es diretas j\u00e1.<\/p>\n<p><img loading=\"lazy\" title=\"Manifesta\u00e7\u00e3o pela volta das elei\u00e7\u00f5es diretas reuniu, em S\u00e3o Paulo, dois futuros presidentes e advers\u00e1rios pol\u00edticos: FHC venceu Lula nas elei\u00e7\u00f5es de 1994 e 1998.\" src=\"https:\/\/static.congressoemfoco.com.br\/2026\/04\/24\/cong_materia\/2026\/04\/24\/19d3de_cong_materia_manual_diretsajalulaefhc.jpeg\" alt=\"Manifesta\u00e7\u00e3o pela volta das elei\u00e7\u00f5es diretas reuniu, em S\u00e3o Paulo, dois futuros presidentes e advers\u00e1rios pol\u00edticos: FHC venceu Lula nas elei\u00e7\u00f5es de 1994 e 1998.\" width=\"800\" height=\"450\" \/><\/p>\n<div class=\"img-info\"><span class=\"img-legenda\">Manifesta\u00e7\u00e3o pela volta das elei\u00e7\u00f5es diretas reuniu, em S\u00e3o Paulo, dois futuros presidentes e advers\u00e1rios pol\u00edticos: FHC venceu Lula nas elei\u00e7\u00f5es de 1994 e 1998.<\/span><span class=\"img-credito\">Arquivo\/Senado<\/span><\/div>\n<p>&nbsp;<\/p>\n<p><strong>O dia da vota\u00e7\u00e3o<\/strong><\/p>\n<p style=\"text-align: justify;\">A sess\u00e3o come\u00e7ou \u00e0s 9h08 de 25 de abril, com 40 senadores e 251 deputados presentes. O dia foi consumido por negocia\u00e7\u00f5es, tens\u00e3o e expectativa. Com receio da rea\u00e7\u00e3o popular caso a emenda fosse rejeitada, l\u00edderes partid\u00e1rios fecharam acordo para que a vota\u00e7\u00e3o ocorresse \u00e0 noite.<\/p>\n<p><img title=\"Jornais do dia 25 de abril de 1984 traziam o clima de tens\u00e3o e euforia em torno da vota\u00e7\u00e3o que come\u00e7aria naquela data e seria encerrada na madrugada seguinte.\" src=\"https:\/\/static.congressoemfoco.com.br\/2026\/04\/24\/main\/2026\/04\/24\/f24686_main_used_25deabril.png\" alt=\"Jornais do dia 25 de abril de 1984 traziam o clima de tens\u00e3o e euforia em torno da vota\u00e7\u00e3o que come\u00e7aria naquela data e seria encerrada na madrugada seguinte.\" \/><\/p>\n<div class=\"img-info\" style=\"text-align: justify;\"><span class=\"img-legenda\">Jornais do dia 25 de abril de 1984 traziam o clima de tens\u00e3o e euforia em torno da vota\u00e7\u00e3o que come\u00e7aria naquela data e seria encerrada na madrugada seguinte.<\/span><span class=\"img-credito\">Reprodu\u00e7\u00e3o | Arte Congresso em Foco<\/span><\/div>\n<p style=\"text-align: justify;\">Do lado de fora, milhares de estudantes ocuparam o gramado diante do Congresso. O pr\u00e9dio havia sido cercado por policiais militares na v\u00e9spera, mas o cerco n\u00e3o impediu a presen\u00e7a popular. Dentro e fora do Parlamento, a cor amarela dominava a cena.<\/p>\n<p><img title=\"Jornais do dia 26 estampavam a rejei\u00e7\u00e3o da emenda e clima de frustra\u00e7\u00e3o popular.\" src=\"https:\/\/static.congressoemfoco.com.br\/2026\/04\/24\/main\/2026\/04\/24\/8cf8a8_26deabril.png\" alt=\"Jornais do dia 26 estampavam a rejei\u00e7\u00e3o da emenda e clima de frustra\u00e7\u00e3o popular.\" \/><\/p>\n<div class=\"img-info\"><span class=\"img-legenda\">Jornais do dia 26 estampavam a rejei\u00e7\u00e3o da emenda e clima de frustra\u00e7\u00e3o popular.<\/span><span class=\"img-credito\">Reprodu\u00e7\u00e3o | Arte Congresso em Foco<\/span><\/div>\n<p style=\"text-align: justify;\">At\u00e9 as 18h, as galerias ainda n\u00e3o estavam lotadas. \u00c0s 19h, j\u00e1 havia cerca de 1.200 pessoas acompanhando a sess\u00e3o. Mulheres jogavam d\u00e1lias amarelas sobre deputados que votavam a favor da emenda. A cada &#8220;sim&#8221;, vinham aplausos. Parlamentares governistas dissidentes eram celebrados. Nomes como Paulo Maluf e Amaral Netto foram vaiados.<\/p>\n<p style=\"text-align: justify;\">A vota\u00e7\u00e3o ocorria sob isolamento informativo. O pa\u00eds n\u00e3o podia acompanhar livremente discursos e votos pelo r\u00e1dio ou pela televis\u00e3o. As not\u00edcias sa\u00edam do Congresso por telefone e telex, rumo a sindicatos, entidades, reda\u00e7\u00f5es e pontos de vig\u00edlia. Era uma sess\u00e3o hist\u00f3rica transmitida quase na clandestinidade.<\/p>\n<p style=\"text-align: justify;\">O regime tentava isolar o Parlamento. Mas quanto mais cercava o Congresso, mais o transformava no centro simb\u00f3lico do pa\u00eds.<\/p>\n<p><strong>A madrugada da frustra\u00e7\u00e3o<\/strong><\/p>\n<p style=\"text-align: justify;\">A vota\u00e7\u00e3o avan\u00e7ou pela noite e s\u00f3 terminou por volta das 2h da madrugada de 26 de abril. O painel mostrou uma vit\u00f3ria pol\u00edtica e uma derrota institucional: 298 votos a favor, 65 contra e tr\u00eas absten\u00e7\u00f5es. A maioria queria as diretas. A regra do jogo, por\u00e9m, exigia mais.<\/p>\n<p style=\"text-align: justify;\">A aus\u00eancia de 113 deputados foi decisiva. Maluf n\u00e3o votou. Ficou em um escrit\u00f3rio e, segundo relatos da \u00e9poca, foi ao Congresso tentar convencer deputados do PDS a desistirem de apoiar a emenda. N\u00e3o conseguiu impedir todas as dissid\u00eancias, mas a estrat\u00e9gia governista funcionou. A emenda caiu por 22 votos.<\/p>\n<p><img loading=\"lazy\" title=\"Sess\u00e3o conjunta de deputados e senadores em 25 de abril de 1984; com a rejei\u00e7\u00e3o pela C\u00e2mara, Senado nem chegou a votar a PEC das Diretas J\u00e1.\" src=\"https:\/\/static.congressoemfoco.com.br\/2026\/04\/24\/cong_materia\/2026\/04\/24\/2dd33c_cong_materia_manual_plenariosessaoconjuntasenado.jpg\" alt=\"Sess\u00e3o conjunta de deputados e senadores em 25 de abril de 1984; com a rejei\u00e7\u00e3o pela C\u00e2mara, Senado nem chegou a votar a PEC das Diretas J\u00e1.\" width=\"800\" height=\"450\" \/><\/p>\n<div class=\"img-info\"><span class=\"img-legenda\">Sess\u00e3o conjunta de deputados e senadores em 25 de abril de 1984; com a rejei\u00e7\u00e3o pela C\u00e2mara, Senado nem chegou a votar a PEC das Diretas J\u00e1.<\/span><span class=\"img-credito\">Arquivo\/Senado<\/span><\/div>\n<p style=\"text-align: justify;\">Nas galerias, a frustra\u00e7\u00e3o veio em forma de gritos, choro, indigna\u00e7\u00e3o e Hino Nacional. Do lado de fora, a multid\u00e3o que havia esperado por horas recebeu a not\u00edcia como quem v\u00ea uma porta se fechar no instante em que parecia finalmente aberta.<\/p>\n<p style=\"text-align: justify;\">Os jornais do dia seguinte registraram a passagem brusca da expectativa \u00e0 derrota. A\u00a0<em>Folha<\/em>\u00a0resumiu o sentimento nacional com a manchete &#8220;A na\u00e7\u00e3o frustrada!&#8221;.\u00a0<em>O Globo<\/em>\u00a0tamb\u00e9m levou \u00e0s p\u00e1ginas a dimens\u00e3o hist\u00f3rica daquela madrugada, enquanto a cobertura da Globo na televis\u00e3o era marcada pela censura que limitou imagens, transmiss\u00f5es e relatos em tempo real.<\/p>\n<p style=\"text-align: justify;\">A visita \u00e0s edi\u00e7\u00f5es da \u00e9poca mostra um pa\u00eds que, em poucas horas, saiu da esperan\u00e7a de reencontrar o voto direto para a percep\u00e7\u00e3o amarga de que a ditadura ainda conservava instrumentos para ditar o ritmo da abertura.<\/p>\n<p style=\"text-align: justify;\">Mas nem todos leram a derrota como fim. Lula afirmou que a n\u00e3o aprova\u00e7\u00e3o da emenda n\u00e3o era motivo para desist\u00eancia. &#8220;O que temos que levar em conta agora \u00e9 que a luta no Congresso nessa fase foi importante e a n\u00e3o aprova\u00e7\u00e3o da emenda n\u00e3o \u00e9 motivo para qualquer desist\u00eancia&#8221;, disse. Ainda haveria, avaliava ele, a possibilidade de insistir nas diretas por meio de uma subemenda \u00e0 proposta do governo.<\/p>\n<p><strong>A semente estava plantada<\/strong><\/p>\n<p style=\"text-align: justify;\">A Emenda Dante caiu, mas a campanha das Diretas J\u00e1 n\u00e3o desapareceu com ela. A vota\u00e7\u00e3o exp\u00f4s a fragilidade pol\u00edtica do regime. A ditadura ainda conseguia bloquear uma mudan\u00e7a constitucional, mas j\u00e1 n\u00e3o conseguia conduzir a sucess\u00e3o presidencial sem enfrentar a press\u00e3o da sociedade.<\/p>\n<p><img loading=\"lazy\" title=\"Em janeiro de 1985, Tancredo Neves comemorou sua elei\u00e7\u00e3o por via indireta para a Presid\u00eancia da Rep\u00fablica; \u00e0 sua esquerda, a esposa Risoleta; \u00e0 direita, Ulysses Guimar\u00e3es, o \" src=\"https:\/\/static.congressoemfoco.com.br\/2026\/04\/24\/cong_materia\/2026\/04\/24\/5e5399_cong_materia_manual_tancredocelioazevedojaneiro85celioazevedosenado.jpg\" alt=\"Em janeiro de 1985, Tancredo Neves comemorou sua elei\u00e7\u00e3o por via indireta para a Presid\u00eancia da Rep\u00fablica; \u00e0 sua esquerda, a esposa Risoleta; \u00e0 direita, Ulysses Guimar\u00e3es, o \" width=\"800\" height=\"450\" \/><\/p>\n<div class=\"img-info\" style=\"text-align: justify;\"><span class=\"img-legenda\">Em janeiro de 1985, Tancredo Neves comemorou sua elei\u00e7\u00e3o por via indireta para a Presid\u00eancia da Rep\u00fablica; \u00e0 sua esquerda, a esposa Risoleta; \u00e0 direita, Ulysses Guimar\u00e3es, o &#8220;Senhor Diretas&#8221;.<\/span><span class=\"img-credito\">Arquivo\/Senado<\/span><\/div>\n<p style=\"text-align: justify;\">A partir dali, a transi\u00e7\u00e3o se reorganizou. Dissidentes do PDS formariam a Frente Liberal, se aproximariam do PMDB e participariam da Alian\u00e7a Democr\u00e1tica. Em janeiro de 1985, Tancredo Neves derrotaria Paulo Maluf no Col\u00e9gio Eleitoral, em elei\u00e7\u00e3o indireta. Tancredo n\u00e3o tomou posse, por causa da doen\u00e7a que o levaria \u00e0 morte em 21 de abril daquele ano. Jos\u00e9 Sarney, seu vice, assumiu a Presid\u00eancia. Era ainda uma chegada indireta ao poder civil, mas j\u00e1 era o fim do ciclo de generais no Planalto.<\/p>\n<p><img loading=\"lazy\" title=\"Em 1988, Ulysses Guimar\u00e3es, uma das principais vozes na luta pela democracia no pa\u00eds, exibe a ent\u00e3o rec\u00e9m-aprovada nova Constitui\u00e7\u00e3o Federal.\" src=\"https:\/\/static.congressoemfoco.com.br\/2026\/04\/24\/cong_materia\/2026\/04\/24\/6b6ed4_cong_materia_manual_constituicaoulysses1988celioazevedoabr.jpg\" alt=\"Em 1988, Ulysses Guimar\u00e3es, uma das principais vozes na luta pela democracia no pa\u00eds, exibe a ent\u00e3o rec\u00e9m-aprovada nova Constitui\u00e7\u00e3o Federal.\" width=\"800\" height=\"450\" \/><\/p>\n<div class=\"img-info\"><span class=\"img-legenda\">Em 1988, Ulysses Guimar\u00e3es, uma das principais vozes na luta pela democracia no pa\u00eds, exibe a ent\u00e3o rec\u00e9m-aprovada nova Constitui\u00e7\u00e3o Federal.<\/span><span class=\"img-credito\">Ag\u00eancia Brasil<\/span><\/div>\n<p style=\"text-align: justify;\">O voto direto para presidente s\u00f3 voltou plenamente com a Constitui\u00e7\u00e3o de 1988. Em 1989, os brasileiros finalmente escolheram de novo um presidente pelo voto popular, 29 anos depois da elei\u00e7\u00e3o de J\u00e2nio Quadros e 25 anos depois do golpe de 1964. Com mais de 20 candidatos na disputa, Fernando Collor derrotou Lula no segundo turno, tornando-se, aos 40 anos, o mais jovem presidente eleito da Rep\u00fablica.<\/p>\n<p><strong>A derrota que mudou a transi\u00e7\u00e3o<\/strong><\/p>\n<p style=\"text-align: justify;\">A noite de 25 de abril de 1984 n\u00e3o cabe apenas na palavra derrota. Foi vit\u00f3ria moment\u00e2nea do c\u00e1lculo autorit\u00e1rio, da aus\u00eancia combinada, da intimida\u00e7\u00e3o e da censura. Mas foi tamb\u00e9m uma dessas derrotas que mudam o curso da hist\u00f3ria.<\/p>\n<p><img loading=\"lazy\" title=\"Mar\u00e7o de 1985: Sarney faz juramento e toma posse no lugar de Tancredo, ent\u00e3o hospitalizado. Tancredo morreu em 21 de abril daquele ano.\" src=\"https:\/\/static.congressoemfoco.com.br\/2026\/04\/24\/cong_materia\/2026\/04\/24\/5a4f60_cong_materia_manual_possesarneymarcao1985arquivosenado.jpg\" alt=\"Mar\u00e7o de 1985: Sarney faz juramento e toma posse no lugar de Tancredo, ent\u00e3o hospitalizado. Tancredo morreu em 21 de abril daquele ano.\" width=\"800\" height=\"450\" \/><\/p>\n<div class=\"img-info\"><span class=\"img-legenda\">Mar\u00e7o de 1985: Sarney faz juramento e toma posse no lugar de Tancredo, ent\u00e3o hospitalizado. Tancredo morreu em 21 de abril daquele ano.<\/span><span class=\"img-credito\">Arquivo\/Senado<\/span><\/div>\n<p style=\"text-align: justify;\">A emenda perdeu porque faltaram 22 votos. O regime sobreviveu porque ainda controlava regras, quart\u00e9is e parte do Parlamento. Mas a semente estava plantada. Naquela jornada de tanques, buzinas, flores, medo e esperan\u00e7a, o pa\u00eds descobriu que a democracia j\u00e1 n\u00e3o era apenas promessa negociada por cima. Era exig\u00eancia gritada por baixo, nas ruas, nos gramados, nas galerias, nas reda\u00e7\u00f5es sob censura e nos cidad\u00e3os que, mesmo impedidos de votar para presidente, j\u00e1 se comportavam como donos do pr\u00f3prio destino.<\/p>\n<p style=\"text-align: justify;\">Quarenta e dois anos depois, a imagem que fica daquele 25 de abril n\u00e3o \u00e9 s\u00f3 a do placar parado em 298 votos. \u00c9 a de um pa\u00eds que perdeu a vota\u00e7\u00e3o de madrugada, chorou ao amanhecer e, ainda assim, n\u00e3o voltou para casa derrotado.<\/p>\n<\/div>\n<\/div>\n","protected":false},"excerpt":{"rendered":"<p>Sob censura, cerco militar e buzina\u00e7os, a C\u00e2mara rejeitou em 25 de abril de 1984 a Emenda Dante, que previa a volta das elei\u00e7\u00f5es diretas para presidente. A proposta caiu, mas a mobiliza\u00e7\u00e3o popular abriu caminho para o fim da ditadura. Bras\u00edlia\u00a0chegou a 25 de abril de 1984 como se carregasse, sobre o concreto da [&hellip;]<\/p>\n","protected":false},"author":2,"featured_media":128976,"comment_status":"open","ping_status":"open","sticky":false,"template":"","format":"standard","meta":[],"categories":[2314,72],"tags":[8119],"_links":{"self":[{"href":"https:\/\/www.blogdopaulonunes.com\/v5\/index.php\/wp-json\/wp\/v2\/posts\/128975"}],"collection":[{"href":"https:\/\/www.blogdopaulonunes.com\/v5\/index.php\/wp-json\/wp\/v2\/posts"}],"about":[{"href":"https:\/\/www.blogdopaulonunes.com\/v5\/index.php\/wp-json\/wp\/v2\/types\/post"}],"author":[{"embeddable":true,"href":"https:\/\/www.blogdopaulonunes.com\/v5\/index.php\/wp-json\/wp\/v2\/users\/2"}],"replies":[{"embeddable":true,"href":"https:\/\/www.blogdopaulonunes.com\/v5\/index.php\/wp-json\/wp\/v2\/comments?post=128975"}],"version-history":[{"count":1,"href":"https:\/\/www.blogdopaulonunes.com\/v5\/index.php\/wp-json\/wp\/v2\/posts\/128975\/revisions"}],"predecessor-version":[{"id":128977,"href":"https:\/\/www.blogdopaulonunes.com\/v5\/index.php\/wp-json\/wp\/v2\/posts\/128975\/revisions\/128977"}],"wp:featuredmedia":[{"embeddable":true,"href":"https:\/\/www.blogdopaulonunes.com\/v5\/index.php\/wp-json\/wp\/v2\/media\/128976"}],"wp:attachment":[{"href":"https:\/\/www.blogdopaulonunes.com\/v5\/index.php\/wp-json\/wp\/v2\/media?parent=128975"}],"wp:term":[{"taxonomy":"category","embeddable":true,"href":"https:\/\/www.blogdopaulonunes.com\/v5\/index.php\/wp-json\/wp\/v2\/categories?post=128975"},{"taxonomy":"post_tag","embeddable":true,"href":"https:\/\/www.blogdopaulonunes.com\/v5\/index.php\/wp-json\/wp\/v2\/tags?post=128975"}],"curies":[{"name":"wp","href":"https:\/\/api.w.org\/{rel}","templated":true}]}}