{"id":128959,"date":"2026-04-25T01:58:31","date_gmt":"2026-04-25T04:58:31","guid":{"rendered":"https:\/\/www.blogdopaulonunes.com\/v5\/?p=128959"},"modified":"2026-04-25T01:58:31","modified_gmt":"2026-04-25T04:58:31","slug":"festival-de-forro-do-brejo-2026","status":"publish","type":"post","link":"https:\/\/www.blogdopaulonunes.com\/v5\/index.php\/2026\/04\/25\/festival-de-forro-do-brejo-2026\/","title":{"rendered":"Festival de Forr\u00f3 do Brejo 2026"},"content":{"rendered":"<p style=\"text-align: justify;\">Itua\u00e7u recebe Festival de Forr\u00f3 do Brejo 2026 com programa\u00e7\u00e3o gratuita, artistas locais e foco em sustentabilidade Entre os dias 01, 02 e 03 de maio de 2026, o munic\u00edpio de Itua\u00e7u ser\u00e1 palco de mais uma edi\u00e7\u00e3o do Festival de Forr\u00f3 do Brejo, evento gratuito que vem se consolidando como uma das principais iniciativas culturais da regi\u00e3o.<\/p>\n<p style=\"text-align: justify;\">Com o tema \u201cForr\u00f3 \u00e9 raiz. Preservar \u00e9 futuro.\u201d, o festival prop\u00f5e uma reflex\u00e3o sobre a rela\u00e7\u00e3o entre cultura popular e meio ambiente, destacando a import\u00e2ncia da preserva\u00e7\u00e3o dos territ\u00f3rios para a continuidade das tradi\u00e7\u00f5es.<\/p>\n<p><img loading=\"lazy\" class=\"alignnone size-full wp-image-128962\" src=\"https:\/\/www.blogdopaulonunes.com\/v5\/wp-content\/uploads\/2026\/04\/Brejo-2.jpg\" alt=\"\" width=\"500\" height=\"625\" \/><\/p>\n<p style=\"text-align: justify;\">Valoriza\u00e7\u00e3o dos artistas da terra A programa\u00e7\u00e3o musical ter\u00e1 como destaque a forte presen\u00e7a de artistas locais e regionais, que comp\u00f5em a maior parte das atra\u00e7\u00f5es, reafirmando o compromisso do festival com o fortalecimento da cena cultural do territ\u00f3rio.<\/p>\n<p><img loading=\"lazy\" class=\"alignnone size-full wp-image-128961\" src=\"https:\/\/www.blogdopaulonunes.com\/v5\/wp-content\/uploads\/2026\/04\/Brejo-1.jpg\" alt=\"\" width=\"500\" height=\"393\" \/><\/p>\n<p style=\"text-align: justify;\">Al\u00e9m disso, o evento contar\u00e1 com participa\u00e7\u00f5es especiais de nomes como Jobim Ara\u00fajo, Luarada e Israel Lacerda, ampliando o di\u00e1logo entre diferentes gera\u00e7\u00f5es do forr\u00f3. Feira de artesanato fortalece economia criativa Outro destaque da programa\u00e7\u00e3o \u00e9 a Feira de Artesanato, que reunir\u00e1 artes\u00e3os da regi\u00e3o, promovendo a economia criativa e valorizando saberes tradicionais.<\/p>\n<p><img loading=\"lazy\" class=\"alignnone size-full wp-image-128963\" src=\"https:\/\/www.blogdopaulonunes.com\/v5\/wp-content\/uploads\/2026\/04\/Brejo-3.jpg\" alt=\"\" width=\"500\" height=\"625\" \/><\/p>\n<p style=\"text-align: justify;\">A iniciativa busca dar visibilidade ao trabalho manual e \u00e0s express\u00f5es culturais locais, incentivando a circula\u00e7\u00e3o de renda e o fortalecimento da identidade territorial. Educa\u00e7\u00e3o e sustentabilidade na programa\u00e7\u00e3o O festival tamb\u00e9m investe em a\u00e7\u00f5es socioeducativas, como a Pr\u00e9-Gincana Estudantil, realizada em parceria com o Centro Educacional An\u00edsio Hon\u00f3rio da Silva. A atividade envolve estudantes em produ\u00e7\u00f5es audiovisuais e apresenta\u00e7\u00f5es culturais, abordando temas como sustentabilidade, reciclagem, preserva\u00e7\u00e3o ambiental e valoriza\u00e7\u00e3o dos patrim\u00f4nios naturais de Itua\u00e7u. A proposta \u00e9 estimular o protagonismo juvenil e utilizar a arte como ferramenta de conscientiza\u00e7\u00e3o, aproximando educa\u00e7\u00e3o e cultura em um processo formativo.<\/p>\n<p><img loading=\"lazy\" class=\"alignnone size-full wp-image-128964\" src=\"https:\/\/www.blogdopaulonunes.com\/v5\/wp-content\/uploads\/2026\/04\/Brejo-4.jpg\" alt=\"\" width=\"500\" height=\"625\" \/><\/p>\n<p style=\"text-align: justify;\">Cultura, territ\u00f3rio e futuro Com uma proposta que integra m\u00fasica, educa\u00e7\u00e3o, economia criativa e meio ambiente, o Festival de Forr\u00f3 do Brejo se consolida como um espa\u00e7o de encontro entre tradi\u00e7\u00e3o e futuro. Mais do que entretenimento, o evento busca fortalecer a cultura local e incentivar pr\u00e1ticas mais conscientes, conectadas com as ra\u00edzes e com o territ\u00f3rio. Servi\u00e7o: Evento: 4\u00ba Festival de Forr\u00f3 do Brejo Data: 01, 02 e 03 de maio de 2026 Local: Itua\u00e7u Entrada: Gratuita<\/p>\n","protected":false},"excerpt":{"rendered":"<p>Itua\u00e7u recebe Festival de Forr\u00f3 do Brejo 2026 com programa\u00e7\u00e3o gratuita, artistas locais e foco em sustentabilidade Entre os dias 01, 02 e 03 de maio de 2026, o munic\u00edpio de Itua\u00e7u ser\u00e1 palco de mais uma edi\u00e7\u00e3o do Festival de Forr\u00f3 do Brejo, evento gratuito que vem se consolidando como uma das principais iniciativas [&hellip;]<\/p>\n","protected":false},"author":2,"featured_media":128960,"comment_status":"open","ping_status":"open","sticky":false,"template":"","format":"standard","meta":[],"categories":[103,105],"tags":[8117,1140],"_links":{"self":[{"href":"https:\/\/www.blogdopaulonunes.com\/v5\/index.php\/wp-json\/wp\/v2\/posts\/128959"}],"collection":[{"href":"https:\/\/www.blogdopaulonunes.com\/v5\/index.php\/wp-json\/wp\/v2\/posts"}],"about":[{"href":"https:\/\/www.blogdopaulonunes.com\/v5\/index.php\/wp-json\/wp\/v2\/types\/post"}],"author":[{"embeddable":true,"href":"https:\/\/www.blogdopaulonunes.com\/v5\/index.php\/wp-json\/wp\/v2\/users\/2"}],"replies":[{"embeddable":true,"href":"https:\/\/www.blogdopaulonunes.com\/v5\/index.php\/wp-json\/wp\/v2\/comments?post=128959"}],"version-history":[{"count":1,"href":"https:\/\/www.blogdopaulonunes.com\/v5\/index.php\/wp-json\/wp\/v2\/posts\/128959\/revisions"}],"predecessor-version":[{"id":128965,"href":"https:\/\/www.blogdopaulonunes.com\/v5\/index.php\/wp-json\/wp\/v2\/posts\/128959\/revisions\/128965"}],"wp:featuredmedia":[{"embeddable":true,"href":"https:\/\/www.blogdopaulonunes.com\/v5\/index.php\/wp-json\/wp\/v2\/media\/128960"}],"wp:attachment":[{"href":"https:\/\/www.blogdopaulonunes.com\/v5\/index.php\/wp-json\/wp\/v2\/media?parent=128959"}],"wp:term":[{"taxonomy":"category","embeddable":true,"href":"https:\/\/www.blogdopaulonunes.com\/v5\/index.php\/wp-json\/wp\/v2\/categories?post=128959"},{"taxonomy":"post_tag","embeddable":true,"href":"https:\/\/www.blogdopaulonunes.com\/v5\/index.php\/wp-json\/wp\/v2\/tags?post=128959"}],"curies":[{"name":"wp","href":"https:\/\/api.w.org\/{rel}","templated":true}]}}