{"id":128481,"date":"2026-03-27T03:22:47","date_gmt":"2026-03-27T06:22:47","guid":{"rendered":"https:\/\/www.blogdopaulonunes.com\/v5\/?p=128481"},"modified":"2026-03-27T03:22:47","modified_gmt":"2026-03-27T06:22:47","slug":"hospital-regional-de-jacobina-em-estado-de-calamidade-publica","status":"publish","type":"post","link":"https:\/\/www.blogdopaulonunes.com\/v5\/index.php\/2026\/03\/27\/hospital-regional-de-jacobina-em-estado-de-calamidade-publica\/","title":{"rendered":"Hospital Regional de Jacobina em estado de calamidade p\u00fablica"},"content":{"rendered":"<p style=\"text-align: justify;\">\u00a0\u00c9 correto dizer que a sa\u00fade p\u00fablica no Brasil \u00e9 uma calamidade pelo total descaso dos governantes com o setor. Os pobres morrem \u00e0 mingua antes do tempo nas UTIs, nas enfermarias e nos corredores das unidades por total falta de estrutura.<\/p>\n<p style=\"text-align: justify;\"><span style=\"font-weight: 400;\">\u00a0\u00a0\u00a0Enquanto isso, os governos municipal, estadual e federal fazem propagandas falsas de que tudo \u00e9 uma maravilha, e povo, por total falta de esclarecimento, engole as demagogias. A nossa m\u00eddia tem muita culpa nisso porque, em parte, deixou de denunciar os descalabros e os absurdos.<\/span><\/p>\n<p style=\"text-align: justify;\"><span style=\"font-weight: 400;\">\u00a0\u00a0Quanto ao Hospital Regional de Jacobina (\u201cCidade do Ouro\u201d) Vicentina Goulart, um pr\u00e9dio antigo localizado no centro, se houvesse seriedade dos \u00f3rg\u00e3os sanit\u00e1rios na Bahia e no Brasil, aquela unidade j\u00e1 deveria ter sido interditada pela total falta de higieniza\u00e7\u00e3o, a come\u00e7ar pelos banheiros entupidos, bebedouros sujos e velhos equipamentos. O Hospital de Jacobina pede socorro.<\/span><\/p>\n<p style=\"text-align: justify;\"><span style=\"font-weight: 400;\">\u00a0\u00a0\u00a0Minha irm\u00e3 Margarida Mac\u00e1rio de Oliveira Fernandes foi intubada na UTI coletiva de sete ou oito pessoas h\u00e1 uns 15 dias e fui l\u00e1 visita-la. S\u00f3 a entrada meu deu uma p\u00e9ssima impress\u00e3o, mas fiquei horrorizado com o que vi l\u00e1 dentro, uma verdadeira desumanidade com as pessoas. Muitos est\u00e3o morrendo lentamente.\u00a0<\/span><\/p>\n<p style=\"text-align: justify;\"><span style=\"font-weight: 400;\">\u00a0\u00a0\u00a0Depois transferiram ela para a enfermaria, um local ainda pior, que mais parece um matadouro de gente. Na noite de s\u00e1bado para domingo, de 21 para 22 de mar\u00e7o, foi um terror, segundo relatou minha sobrinha que estava acompanhando a m\u00e3e. O que ela me contou \u00e9 de cortar o cora\u00e7\u00e3o de qualquer humano.<\/span><\/p>\n<p style=\"text-align: justify;\"><span style=\"font-weight: 400;\">\u00a0\u00a0Em estado grave, minha irm\u00e3 entrou em crise na enfermaria de sete pessoas, com 500 de glicemia e n\u00e3o havia uma enfermeira para aplicar uma insulina para baixar o n\u00edvel, isto entre 22 a 23 horas.\u00a0 Minha sobrinha apelou para uma t\u00e9cnica que que respondeu n\u00e3o ter capacidade para fazer o procedimento.\u00a0<\/span><\/p>\n<p style=\"text-align: justify;\"><span style=\"font-weight: 400;\">\u00a0\u00a0Esse tormento perdurou at\u00e9 por volta das tr\u00eas horas da manh\u00e3 de domingo quando, finalmente, apareceu uma enfermeira e lhe aplicou a insulina e outros medicamentos, baixando a glicemia para 300 e, mesmo assim, a paciente continuou sofrendo e s\u00f3 se normalizou tempos depois, por volta das sete horas do domingo.<\/span><\/p>\n<p style=\"text-align: justify;\"><span style=\"font-weight: 400;\">\u00a0\u00a0\u00a0Minha irm\u00e3, com os p\u00e9s em carne viva, est\u00e1 morrendo aos poucos naquele hospital, que considero um matadouro, e n\u00e3o \u00e9 somente ela. Um m\u00e9dico na enfermaria \u00e9 coisa rara e quando aparece \u00e9 para dizer ao parente que seu paciente tem que sair de qualquer forma para n\u00e3o pegar mais infec\u00e7\u00e3o, mesmo a fam\u00edlia n\u00e3o tendo a m\u00ednima condi\u00e7\u00e3o de receber em casa porque n\u00e3o tem como dar tratamento domiciliar.<\/span><\/p>\n<p style=\"text-align: justify;\"><span style=\"font-weight: 400;\">\u00a0\u00a0\u00a0\u00a0\u00a0De acordo com uma de minhas sobrinhas, s\u00f3 faltaram tirar minha irm\u00e3 da enfermaria e deixar exposta na frente do hospital. Nessa hora, a aus\u00eancia do Estado \u00e9 total para auxiliar nessa passagem da enfermaria para o sistema home care (assist\u00eancia domiciliar).<\/span><\/p>\n<p style=\"text-align: justify;\"><span style=\"font-weight: 400;\">\u00a0\u00a0\u00a0O governo, qualquer que seja, tem a obriga\u00e7\u00e3o de oferecer o suporte multiprofissional (m\u00e9dicos, enfermeiros, fisioterapeutas) e equipamentos ideais para doen\u00e7as cr\u00f4nicas, caso espec\u00edfico da minha irm\u00e3. Para tanto, pagamos anos e anos de impostos, trabalho ao pa\u00eds e INSS.\u00a0<\/span><\/p>\n<p style=\"text-align: justify;\"><span style=\"font-weight: 400;\">O pobre s\u00f3 serve para votar e quando vai a um \u201cmutir\u00e3o de sa\u00fade\u201d (nunca deveria existir), o coitado miser\u00e1vel ainda fala que \u00e9 tudo uma beleza. Mutir\u00e3o \u00e9 mais uma prova de que a sa\u00fade p\u00fablica \u00e9 prec\u00e1ria e deficit\u00e1ria nos postos e hospitais.<\/span><\/p>\n<p style=\"text-align: justify;\"><span style=\"font-weight: 400;\">\u00a0\u00a0\u00c9 necess\u00e1rio que o governador Jer\u00f4nimo e o secret\u00e1rio de Sa\u00fade do Estado tomem conhecimento sobre o que est\u00e1 ocorrendo com o Hospital Regional de Jacobina, um munic\u00edpio de cerca de 90 mil habitantes, com mais de 500 mil em torno da sua regi\u00e3o.\u00a0<\/span><\/p>\n<p style=\"text-align: justify;\"><span style=\"font-weight: 400;\">\u00a0\u00a0\u00a0Sabemos que este estado grave em que vive a sa\u00fade p\u00fablica n\u00e3o ocorre apenas em Jacobina, mas o que presenciei ali passa dos limites e bate um recorde, sem contar umas regras que n\u00e3o entendi. Por que, por exemplo, o paciente que est\u00e1 numa enfermaria n\u00e3o pode receber a visita de um familiar ou amigo?<\/span><\/p>\n<p style=\"text-align: justify;\"><span style=\"font-weight: 400;\">\u00a0\u00a0\u00a0Entrei porque a senhora que estava na portaria teve compaix\u00e3o de mim e liberou minha passagem, fazendo recomenda\u00e7\u00f5es para que ningu\u00e9m percebesse. Isso \u00e9 mais que desumano. Essa norma \u00e9 para que ningu\u00e9m veja o que passa l\u00e1 dentro e n\u00e3o saia relatando?\u00a0 Procurei por uma assistente social, mas havia sa\u00edda. <\/span><\/p>\n","protected":false},"excerpt":{"rendered":"<p>\u00a0\u00c9 correto dizer que a sa\u00fade p\u00fablica no Brasil \u00e9 uma calamidade pelo total descaso dos governantes com o setor. Os pobres morrem \u00e0 mingua antes do tempo nas UTIs, nas enfermarias e nos corredores das unidades por total falta de estrutura. \u00a0\u00a0\u00a0Enquanto isso, os governos municipal, estadual e federal fazem propagandas falsas de que [&hellip;]<\/p>\n","protected":false},"author":2,"featured_media":128482,"comment_status":"open","ping_status":"open","sticky":false,"template":"","format":"standard","meta":[],"categories":[88,71],"tags":[7926],"_links":{"self":[{"href":"https:\/\/www.blogdopaulonunes.com\/v5\/index.php\/wp-json\/wp\/v2\/posts\/128481"}],"collection":[{"href":"https:\/\/www.blogdopaulonunes.com\/v5\/index.php\/wp-json\/wp\/v2\/posts"}],"about":[{"href":"https:\/\/www.blogdopaulonunes.com\/v5\/index.php\/wp-json\/wp\/v2\/types\/post"}],"author":[{"embeddable":true,"href":"https:\/\/www.blogdopaulonunes.com\/v5\/index.php\/wp-json\/wp\/v2\/users\/2"}],"replies":[{"embeddable":true,"href":"https:\/\/www.blogdopaulonunes.com\/v5\/index.php\/wp-json\/wp\/v2\/comments?post=128481"}],"version-history":[{"count":1,"href":"https:\/\/www.blogdopaulonunes.com\/v5\/index.php\/wp-json\/wp\/v2\/posts\/128481\/revisions"}],"predecessor-version":[{"id":128483,"href":"https:\/\/www.blogdopaulonunes.com\/v5\/index.php\/wp-json\/wp\/v2\/posts\/128481\/revisions\/128483"}],"wp:featuredmedia":[{"embeddable":true,"href":"https:\/\/www.blogdopaulonunes.com\/v5\/index.php\/wp-json\/wp\/v2\/media\/128482"}],"wp:attachment":[{"href":"https:\/\/www.blogdopaulonunes.com\/v5\/index.php\/wp-json\/wp\/v2\/media?parent=128481"}],"wp:term":[{"taxonomy":"category","embeddable":true,"href":"https:\/\/www.blogdopaulonunes.com\/v5\/index.php\/wp-json\/wp\/v2\/categories?post=128481"},{"taxonomy":"post_tag","embeddable":true,"href":"https:\/\/www.blogdopaulonunes.com\/v5\/index.php\/wp-json\/wp\/v2\/tags?post=128481"}],"curies":[{"name":"wp","href":"https:\/\/api.w.org\/{rel}","templated":true}]}}