{"id":128478,"date":"2026-03-27T03:15:38","date_gmt":"2026-03-27T06:15:38","guid":{"rendered":"https:\/\/www.blogdopaulonunes.com\/v5\/?p=128478"},"modified":"2026-03-27T03:15:38","modified_gmt":"2026-03-27T06:15:38","slug":"selo-edicoes-palma-lanca-obras-ineditas-na-bienal-do-livro-bahia","status":"publish","type":"post","link":"https:\/\/www.blogdopaulonunes.com\/v5\/index.php\/2026\/03\/27\/selo-edicoes-palma-lanca-obras-ineditas-na-bienal-do-livro-bahia\/","title":{"rendered":"Selo Edi\u00e7\u00f5es Palma lan\u00e7a obras in\u00e9ditas na Bienal do Livro Bahia"},"content":{"rendered":"<p style=\"text-align: justify;\">Reunindo publica\u00e7\u00f5es em coedi\u00e7\u00e3o com a Tear Editora, Usina de Textos e Edi\u00e7\u00f5es Palma, o Studio Palma lan\u00e7a obras coletivas e livros individuais, apresentando um panorama da atual produ\u00e7\u00e3o liter\u00e1ria baiana.<\/p>\n<p style=\"text-align: justify;\">O cat\u00e1logo das Edi\u00e7\u00f5es Palma ser\u00e1 lan\u00e7ado na abertura da Bienal do Livro Bahia, no dia 15 de abril, \u00e0s 19h, no estande do Studio Palma, com a presen\u00e7a de autores, convidados e p\u00fablico do evento. Ao todo, s\u00e3o mais de dez obras, compondo uma mostra representativa da diversidade e da qualidade da produ\u00e7\u00e3o liter\u00e1ria baiana contempor\u00e2nea.<\/p>\n<p style=\"text-align: justify;\">A iniciativa re\u00fane t\u00edtulos de poesia, contos, literatura infantil e antologias, contemplando coletivos liter\u00e1rios e autores independentes.<\/p>\n<p style=\"text-align: justify;\">O Volume 3 da Antologia Studio Palma destaca produ\u00e7\u00f5es de escritoras baianas, reunindo tanto autoras estreantes quanto nomes j\u00e1 publicados. Com presen\u00e7a em bienais pelo pa\u00eds, o selo tamb\u00e9m atua no agenciamento de carreira, na publica\u00e7\u00e3o e na promo\u00e7\u00e3o de eventos liter\u00e1rios. A colet\u00e2nea re\u00fane vinte escritoras com produ\u00e7\u00f5es em poesia, conto e cr\u00f4nica. Muitas delas integram academias e coletivos liter\u00e1rios, com trajet\u00f3rias em proje\u00e7\u00e3o nacional.<\/p>\n<p style=\"text-align: justify;\">Entre os lan\u00e7amentos, destacam-se obras de natureza religiosa, como Colo Divino, de Gilmara Belmon, e Santa Rosa de Viterbo, de Irene Nunes, que inauguram esse g\u00eanero no cat\u00e1logo das Edi\u00e7\u00f5es Palma. O conjunto inclui ainda livros de poesia, contos, romance e publica\u00e7\u00f5es de car\u00e1ter t\u00e9cnico, voltadas ao campo das humanidades. Segundo a consultora editorial e escritora Ester Figueiredo, a coedi\u00e7\u00e3o amplia as possibilidades de comercializa\u00e7\u00e3o e agrega valor aos profissionais do mercado editorial baiano.<\/p>\n<p style=\"text-align: justify;\">As obras de poesia e conto revelam escritoras com trajet\u00f3ria em \u00e1reas como jornalismo, biblioteconomia e educa\u00e7\u00e3o, que agora apresentam sua produ\u00e7\u00e3o autoral em livro. Muitas delas estreiam na publica\u00e7\u00e3o, com lan\u00e7amentos previstos na programa\u00e7\u00e3o do Studio Palma durante a Bienal.<\/p>\n<p style=\"text-align: justify;\">Joana D\u2019Arck<br \/>\nJornalista \u2013 DRT BA 1.280<br \/>\nwww.studiopalma.com.br\u2060\ufffd<br \/>\ncontato@studiopalma.com.br<\/p>\n","protected":false},"excerpt":{"rendered":"<p>Reunindo publica\u00e7\u00f5es em coedi\u00e7\u00e3o com a Tear Editora, Usina de Textos e Edi\u00e7\u00f5es Palma, o Studio Palma lan\u00e7a obras coletivas e livros individuais, apresentando um panorama da atual produ\u00e7\u00e3o liter\u00e1ria baiana. O cat\u00e1logo das Edi\u00e7\u00f5es Palma ser\u00e1 lan\u00e7ado na abertura da Bienal do Livro Bahia, no dia 15 de abril, \u00e0s 19h, no estande do [&hellip;]<\/p>\n","protected":false},"author":2,"featured_media":128479,"comment_status":"open","ping_status":"open","sticky":false,"template":"","format":"standard","meta":[],"categories":[103,105],"tags":[7920,7923,7925,7921,7924,7922],"_links":{"self":[{"href":"https:\/\/www.blogdopaulonunes.com\/v5\/index.php\/wp-json\/wp\/v2\/posts\/128478"}],"collection":[{"href":"https:\/\/www.blogdopaulonunes.com\/v5\/index.php\/wp-json\/wp\/v2\/posts"}],"about":[{"href":"https:\/\/www.blogdopaulonunes.com\/v5\/index.php\/wp-json\/wp\/v2\/types\/post"}],"author":[{"embeddable":true,"href":"https:\/\/www.blogdopaulonunes.com\/v5\/index.php\/wp-json\/wp\/v2\/users\/2"}],"replies":[{"embeddable":true,"href":"https:\/\/www.blogdopaulonunes.com\/v5\/index.php\/wp-json\/wp\/v2\/comments?post=128478"}],"version-history":[{"count":1,"href":"https:\/\/www.blogdopaulonunes.com\/v5\/index.php\/wp-json\/wp\/v2\/posts\/128478\/revisions"}],"predecessor-version":[{"id":128480,"href":"https:\/\/www.blogdopaulonunes.com\/v5\/index.php\/wp-json\/wp\/v2\/posts\/128478\/revisions\/128480"}],"wp:featuredmedia":[{"embeddable":true,"href":"https:\/\/www.blogdopaulonunes.com\/v5\/index.php\/wp-json\/wp\/v2\/media\/128479"}],"wp:attachment":[{"href":"https:\/\/www.blogdopaulonunes.com\/v5\/index.php\/wp-json\/wp\/v2\/media?parent=128478"}],"wp:term":[{"taxonomy":"category","embeddable":true,"href":"https:\/\/www.blogdopaulonunes.com\/v5\/index.php\/wp-json\/wp\/v2\/categories?post=128478"},{"taxonomy":"post_tag","embeddable":true,"href":"https:\/\/www.blogdopaulonunes.com\/v5\/index.php\/wp-json\/wp\/v2\/tags?post=128478"}],"curies":[{"name":"wp","href":"https:\/\/api.w.org\/{rel}","templated":true}]}}