{"id":128470,"date":"2026-03-27T02:41:34","date_gmt":"2026-03-27T05:41:34","guid":{"rendered":"https:\/\/www.blogdopaulonunes.com\/v5\/?p=128470"},"modified":"2026-03-27T02:41:34","modified_gmt":"2026-03-27T05:41:34","slug":"vitoria-da-conquista-sedia-1o-forum-de-industria-e-debatera-desenvolvimento-regional-com-grandes-nomes","status":"publish","type":"post","link":"https:\/\/www.blogdopaulonunes.com\/v5\/index.php\/2026\/03\/27\/vitoria-da-conquista-sedia-1o-forum-de-industria-e-debatera-desenvolvimento-regional-com-grandes-nomes\/","title":{"rendered":"Vit\u00f3ria da Conquista sedia 1\u00ba F\u00f3rum de Ind\u00fastria e debater\u00e1 desenvolvimento regional com grandes nomes"},"content":{"rendered":"<p style=\"text-align: justify;\">Com o objetivo de impulsionar a economia regional e fortalecer parcerias estrat\u00e9gicas, a C\u00e2mara Municipal de Vit\u00f3ria da Conquista realiza o 1\u00ba F\u00f3rum da Ind\u00fastria, Com\u00e9rcio e Log\u00edstica nos pr\u00f3ximos dias 30 e 31. O evento surge como um espa\u00e7o de di\u00e1logo entre os setores produtivos e o poder p\u00fablico, focando em inova\u00e7\u00e3o, qualifica\u00e7\u00e3o e os novos cen\u00e1rios tribut\u00e1rios do pa\u00eds.<\/p>\n<p style=\"text-align: justify;\">A programa\u00e7\u00e3o ter\u00e1 in\u00edcio na noite de segunda-feira (31) com a palestra de Evandro Mazo, diretor regional do Senai Bahia. Refer\u00eancia em qualifica\u00e7\u00e3o profissional, Mazo abordar\u00e1 a import\u00e2ncia das parcerias institucionais e da inova\u00e7\u00e3o como motores para o crescimento sustent\u00e1vel da ind\u00fastria local.<\/p>\n<p style=\"text-align: justify;\">O segundo dia do evento (31 de mar\u00e7o) contar\u00e1 com uma agenda intensa dividida por eixos setoriais:<\/p>\n<p style=\"text-align: justify;\"><b>Painel da ind\u00fastria:\u00a0<\/b>pela manh\u00e3, Ricardo Kawabe (Observat\u00f3rio da Ind\u00fastria) apresenta a palestra \u201cDesafios &amp; Perspectivas para a Ind\u00fastria Regional\u201d. O debate ser\u00e1 enriquecido pelas experi\u00eancias pr\u00e1ticas de Calebe Almeida (Grupo DASS), Jorge Chiacchio (Grupo Chiacchio) e Ronaldo Bulh\u00f5es (Zab).<\/p>\n<p style=\"text-align: justify;\"><b>Painel do com\u00e9rcio:<\/b>\u00a0\u00e0s 10h, o foco se volta para a Reforma Tribut\u00e1ria, tema central para o empresariado atual. A apresenta\u00e7\u00e3o ficar\u00e1 a cargo do advogado tributarista Dr. J\u00falio N. Nogueira, com mesa de debate composta pelos especialistas Pedro Eduardo Pinheiro Silva, Sarah Amorim Bulh\u00f5es Nery e Victor Barbosa Dutra.<\/p>\n<p style=\"text-align: justify;\">No per\u00edodo da tarde, a log\u00edstica ganha destaque com Roberto Knittel J\u00fanior, gestor regional do SEST\/SENAT, que discutir\u00e1 o papel do transporte e da empregabilidade no desenvolvimento econ\u00f4mico.<\/p>\n<p style=\"text-align: justify;\">\n<div style=\"text-align: justify;\">O encerramento do f\u00f3rum focar\u00e1 nos &#8220;Desafios da gest\u00e3o p\u00fablica&#8221;, em painel conduzido pelo secret\u00e1rio municipal de Desenvolvimento Econ\u00f4mico, Marcos Ferreira. A mesa redonda contar\u00e1 com o presidente da C\u00e2mara Ivan Cordeiro, Bruno Pena, da C\u00e2mara de Com\u00e9rcio de Portugal; Rog\u00e9rio Teixeira, superintendente da Caixa Econ\u00f4mica Federal, e Jackson Yoshiura, secret\u00e1rio municipal de Infraestrutura.<\/div>\n<div><\/div>\n<div><a href=\"https:\/\/www.sympla.com.br\/evento\/terra-das-oportunidades-forum-da-industria-comercio-e-logistica-de-vitoria-da-conquista\/3289367\" target=\"_blank\" rel=\"noopener\"><b>Inscri\u00e7\u00f5es aqui.<\/b><\/a><\/div>\n","protected":false},"excerpt":{"rendered":"<p>Com o objetivo de impulsionar a economia regional e fortalecer parcerias estrat\u00e9gicas, a C\u00e2mara Municipal de Vit\u00f3ria da Conquista realiza o 1\u00ba F\u00f3rum da Ind\u00fastria, Com\u00e9rcio e Log\u00edstica nos pr\u00f3ximos dias 30 e 31. O evento surge como um espa\u00e7o de di\u00e1logo entre os setores produtivos e o poder p\u00fablico, focando em inova\u00e7\u00e3o, qualifica\u00e7\u00e3o e [&hellip;]<\/p>\n","protected":false},"author":2,"featured_media":128471,"comment_status":"open","ping_status":"open","sticky":false,"template":"","format":"standard","meta":[],"categories":[81,105],"tags":[7910,7911],"_links":{"self":[{"href":"https:\/\/www.blogdopaulonunes.com\/v5\/index.php\/wp-json\/wp\/v2\/posts\/128470"}],"collection":[{"href":"https:\/\/www.blogdopaulonunes.com\/v5\/index.php\/wp-json\/wp\/v2\/posts"}],"about":[{"href":"https:\/\/www.blogdopaulonunes.com\/v5\/index.php\/wp-json\/wp\/v2\/types\/post"}],"author":[{"embeddable":true,"href":"https:\/\/www.blogdopaulonunes.com\/v5\/index.php\/wp-json\/wp\/v2\/users\/2"}],"replies":[{"embeddable":true,"href":"https:\/\/www.blogdopaulonunes.com\/v5\/index.php\/wp-json\/wp\/v2\/comments?post=128470"}],"version-history":[{"count":1,"href":"https:\/\/www.blogdopaulonunes.com\/v5\/index.php\/wp-json\/wp\/v2\/posts\/128470\/revisions"}],"predecessor-version":[{"id":128472,"href":"https:\/\/www.blogdopaulonunes.com\/v5\/index.php\/wp-json\/wp\/v2\/posts\/128470\/revisions\/128472"}],"wp:featuredmedia":[{"embeddable":true,"href":"https:\/\/www.blogdopaulonunes.com\/v5\/index.php\/wp-json\/wp\/v2\/media\/128471"}],"wp:attachment":[{"href":"https:\/\/www.blogdopaulonunes.com\/v5\/index.php\/wp-json\/wp\/v2\/media?parent=128470"}],"wp:term":[{"taxonomy":"category","embeddable":true,"href":"https:\/\/www.blogdopaulonunes.com\/v5\/index.php\/wp-json\/wp\/v2\/categories?post=128470"},{"taxonomy":"post_tag","embeddable":true,"href":"https:\/\/www.blogdopaulonunes.com\/v5\/index.php\/wp-json\/wp\/v2\/tags?post=128470"}],"curies":[{"name":"wp","href":"https:\/\/api.w.org\/{rel}","templated":true}]}}