{"id":128121,"date":"2026-03-09T16:14:09","date_gmt":"2026-03-09T19:14:09","guid":{"rendered":"https:\/\/www.blogdopaulonunes.com\/v5\/?p=128121"},"modified":"2026-03-09T16:14:09","modified_gmt":"2026-03-09T19:14:09","slug":"uesb-abre-2-100-vagas-para-cursistas-do-programa-universidade-para-todos","status":"publish","type":"post","link":"https:\/\/www.blogdopaulonunes.com\/v5\/index.php\/2026\/03\/09\/uesb-abre-2-100-vagas-para-cursistas-do-programa-universidade-para-todos\/","title":{"rendered":"Uesb abre 2.100 vagas para cursistas do Programa Universidade Para Todos"},"content":{"rendered":"<p>Entre os dias 10 e 19 de mar\u00e7o, estar\u00e3o abertas as inscri\u00e7\u00f5es para o Programa Universidade Para Todos.\u00a0<b>O projeto visa fortalecer a aprendizagem e preparar estudantes concluintes ou egressos da rede p\u00fablica para o ingresso no Ensino Superior.\u00a0<\/b>Nesta edi\u00e7\u00e3o, a Uesb ofertar\u00e1 2.100 vagas distribu\u00eddas entre esses perfis.<\/p>\n<p style=\"text-align: justify;\">Para participar, o estudante deve estar regularmente matriculado no 3\u00ba ano do Ensino M\u00e9dio regular; no 4\u00ba ano da Educa\u00e7\u00e3o Profissional integrada ao Ensino M\u00e9dio; em modalidades correspondentes na rede estadual; ou, ainda, ser egresso do Ensino M\u00e9dio estadual e\/ou municipal do Estado. As inscri\u00e7\u00f5es devem ser realizadas pelo\u00a0<a href=\"https:\/\/upt.educacao.ba.gov.br\/\" target=\"_blank\" rel=\"noopener\" data-saferedirecturl=\"https:\/\/www.google.com\/url?q=https:\/\/upt.educacao.ba.gov.br\/&amp;source=gmail&amp;ust=1773169750479000&amp;usg=AOvVaw3nXSYmIZHJuh0MwFJ-MTjh\">site do Programa<\/a>.<\/p>\n<p style=\"text-align: justify;\">A Uesb atender\u00e1\u00a034 polos situados na Regi\u00e3o Sudoeste. S\u00e3o eles: Barra do Cho\u00e7a, Belo Campo, Boa Nova, C\u00e2ndidos Sales, Cordeiros, Cravol\u00e2ndia, Ibicu\u00ed, Irajuba, Igua\u00ed, Itamb\u00e9, Itapetinga, Itarantim, Itoror\u00f3, Itiru\u00e7u, Jaguaquara, Jequi\u00e9, Jita\u00fana, Lafaiete Coutinho , Lajedo do Tabocal, Macarani, Maetinga, Maiquinique, Manoel Vitorino, Marac\u00e1s, Nova Cana\u00e3, Planalto, Planaltino, Potiragu\u00e1, Po\u00e7\u00f5es, Presidente J\u00e2nio Quadros, Santa In\u00eas, Tanha\u00e7u, Tremedal e Vit\u00f3ria da Conquista.<\/p>\n<p style=\"text-align: justify;\"><strong>Sobre o curso \u2013\u00a0<\/strong>As aulas do projeto ter\u00e3o in\u00edcio no dia 6 de abril, de segunda a sexta-feira, em formato presencial, on-line e de forma h\u00edbrida. Eventualmente, as aulas ser\u00e3o realizadas tamb\u00e9m nos fins de semana.\u00a0O curso ser\u00e1 ministrado por professores\/monitores e compreender\u00e1 as disciplinas que s\u00e3o exigidas no Vestibular e no Exame Nacional do Ensino M\u00e9dio (Enem), como Portugu\u00eas, Reda\u00e7\u00e3o, Literatura, Matem\u00e1tica, F\u00edsica, Qu\u00edmica, Biologia, Hist\u00f3ria, Geografia e L\u00edngua Estrangeira (Ingl\u00eas ou Espanhol).<\/p>\n<p style=\"text-align: justify;\">Todas as informa\u00e7\u00f5es est\u00e3o dispon\u00edveis no\u00a0<a href=\"https:\/\/www.uesb.br\/evidencias\/programa-universidade-para-todos\/\" target=\"_blank\" rel=\"noopener\" data-saferedirecturl=\"https:\/\/www.google.com\/url?q=https:\/\/www.uesb.br\/evidencias\/programa-universidade-para-todos\/&amp;source=gmail&amp;ust=1773169750479000&amp;usg=AOvVaw3Tr3xSNAQqx_i__n4c-2sv\">Edital de inscri\u00e7\u00f5es<\/a>, que rege a sele\u00e7\u00e3o. Em caso de d\u00favidas, entre em contato com a coordena\u00e7\u00e3o do projeto na Universidade, pelo e-mail\u00a0<a href=\"https:\/\/www.uesb.br\/noticias\/upt-divulga-resultado-apos-recurso-do-cadastro-de-reserva-para-monitores\/\" target=\"_blank\" rel=\"noopener\" data-saferedirecturl=\"https:\/\/www.google.com\/url?q=https:\/\/www.uesb.br\/noticias\/upt-divulga-resultado-apos-recurso-do-cadastro-de-reserva-para-monitores\/&amp;source=gmail&amp;ust=1773169750479000&amp;usg=AOvVaw1--OHLzk691daF0gkczGJ7\">universidadeparatodos@<wbr \/>uesb.edu.br<\/a>.<\/p>\n","protected":false},"excerpt":{"rendered":"<p>Entre os dias 10 e 19 de mar\u00e7o, estar\u00e3o abertas as inscri\u00e7\u00f5es para o Programa Universidade Para Todos.\u00a0O projeto visa fortalecer a aprendizagem e preparar estudantes concluintes ou egressos da rede p\u00fablica para o ingresso no Ensino Superior.\u00a0Nesta edi\u00e7\u00e3o, a Uesb ofertar\u00e1 2.100 vagas distribu\u00eddas entre esses perfis. Para participar, o estudante deve estar regularmente [&hellip;]<\/p>\n","protected":false},"author":2,"featured_media":128122,"comment_status":"open","ping_status":"open","sticky":false,"template":"","format":"standard","meta":[],"categories":[91,71],"tags":[7783,577,3593],"_links":{"self":[{"href":"https:\/\/www.blogdopaulonunes.com\/v5\/index.php\/wp-json\/wp\/v2\/posts\/128121"}],"collection":[{"href":"https:\/\/www.blogdopaulonunes.com\/v5\/index.php\/wp-json\/wp\/v2\/posts"}],"about":[{"href":"https:\/\/www.blogdopaulonunes.com\/v5\/index.php\/wp-json\/wp\/v2\/types\/post"}],"author":[{"embeddable":true,"href":"https:\/\/www.blogdopaulonunes.com\/v5\/index.php\/wp-json\/wp\/v2\/users\/2"}],"replies":[{"embeddable":true,"href":"https:\/\/www.blogdopaulonunes.com\/v5\/index.php\/wp-json\/wp\/v2\/comments?post=128121"}],"version-history":[{"count":1,"href":"https:\/\/www.blogdopaulonunes.com\/v5\/index.php\/wp-json\/wp\/v2\/posts\/128121\/revisions"}],"predecessor-version":[{"id":128123,"href":"https:\/\/www.blogdopaulonunes.com\/v5\/index.php\/wp-json\/wp\/v2\/posts\/128121\/revisions\/128123"}],"wp:featuredmedia":[{"embeddable":true,"href":"https:\/\/www.blogdopaulonunes.com\/v5\/index.php\/wp-json\/wp\/v2\/media\/128122"}],"wp:attachment":[{"href":"https:\/\/www.blogdopaulonunes.com\/v5\/index.php\/wp-json\/wp\/v2\/media?parent=128121"}],"wp:term":[{"taxonomy":"category","embeddable":true,"href":"https:\/\/www.blogdopaulonunes.com\/v5\/index.php\/wp-json\/wp\/v2\/categories?post=128121"},{"taxonomy":"post_tag","embeddable":true,"href":"https:\/\/www.blogdopaulonunes.com\/v5\/index.php\/wp-json\/wp\/v2\/tags?post=128121"}],"curies":[{"name":"wp","href":"https:\/\/api.w.org\/{rel}","templated":true}]}}