{"id":128108,"date":"2026-03-09T11:41:38","date_gmt":"2026-03-09T14:41:38","guid":{"rendered":"https:\/\/www.blogdopaulonunes.com\/v5\/?p=128108"},"modified":"2026-03-09T11:41:38","modified_gmt":"2026-03-09T14:41:38","slug":"pt-bahia-participa-de-ato-pela-vida-das-mulheres-neste-8-de-marco","status":"publish","type":"post","link":"https:\/\/www.blogdopaulonunes.com\/v5\/index.php\/2026\/03\/09\/pt-bahia-participa-de-ato-pela-vida-das-mulheres-neste-8-de-marco\/","title":{"rendered":"PT Bahia participa de ato pela vida das mulheres neste 8 de mar\u00e7o"},"content":{"rendered":"<p style=\"text-align: justify;\"><strong>Durante a caminhada at\u00e9 o Farol da Barra, milit\u00e2ncia levantou pautas como o fim da escala 6&#215;1, pol\u00edticas p\u00fablicas de combate ao feminic\u00eddio e pela soberania das mulheres.<\/strong><\/p>\n<p dir=\"ltr\">O PT Bahia participou do ato pol\u00edtico em defesa das mulheres realizado neste domingo, 8 de mar\u00e7o, em celebra\u00e7\u00e3o ao Dia Internacional da Mulher. Com concentra\u00e7\u00e3o no Morro do Cristo, \u00e0s 9h, a caminhada acompanhou o trio com cortejo e fanfarra at\u00e9 o Farol da Barra, reunindo partidos e movimentos sociais de esquerda.<\/p>\n<p dir=\"ltr\" style=\"text-align: justify;\">Em seu discurso, a secret\u00e1ria estadual de mulheres do PT Bahia, Beth Rocha, refor\u00e7ou a urg\u00eancia de pautas como o fim da escala 6&#215;1, que sobrecarrega desproporcionalmente as mulheres, e defendeu maior representatividade feminina no parlamento.<\/p>\n<p dir=\"ltr\" style=\"text-align: justify;\">\u201cHoje \u00e9 dia de celebra\u00e7\u00e3o mas, principalmente, de reflex\u00e3o sobre o que estamos construindo na pol\u00edtica da nossa sociedade. Neste momento que estamos vivendo enquanto pa\u00eds, precisamos segurar bandeiras n\u00e3o s\u00f3 identit\u00e1rias mas, principalmente, bandeiras pol\u00edticas de transforma\u00e7\u00e3o. S\u00f3 vamos conseguir fazer essas transforma\u00e7\u00f5es quando a gente se juntar: partidos, movimentos sociais, mulheres organizadas, perif\u00e9ricas, da luta racial e contra o capital. O nosso grande inimigo \u00e9 o modelo de sociedade em que vivemos, que n\u00e3o d\u00e1 espa\u00e7o para as mulheres. N\u00e3o se organiza a classe trabalhadora sem as mulheres, que s\u00e3o a maioria da sociedade e v\u00e3o conduzir o processo da transforma\u00e7\u00e3o e da revolu\u00e7\u00e3o\u201d, avaliou Beth.<\/p>\n<p dir=\"ltr\"><img loading=\"lazy\" class=\"alignnone size-full wp-image-128110\" src=\"https:\/\/www.blogdopaulonunes.com\/v5\/wp-content\/uploads\/2026\/03\/unnamed-69-mulher.jpg\" alt=\"\" width=\"500\" height=\"333\" \/><\/p>\n<p dir=\"ltr\" style=\"text-align: justify;\">O presidente do PT na Bahia, T\u00e1ssio Brito, destacou que combater a viol\u00eancia contra mulheres precisa estar no centro do projeto pol\u00edtico do campo progressista. \u201cO Presidente Lula lan\u00e7ou um pacto in\u00e9dito contra o feminic\u00eddio, reunindo os tr\u00eas poderes, mas sem os homens ao lado das mulheres nessa luta di\u00e1ria, nada muda. Combater o machismo estrutural e a impunidade, assim como fortalecer pol\u00edticas p\u00fablicas de preven\u00e7\u00e3o e acolhimento, fazem parte do nosso projeto pol\u00edtico, da nossa vis\u00e3o de um Brasil mais justo e igualit\u00e1rio. Chegou a hora da gente assumir o nosso papel. N\u00e3o como her\u00f3i, mas como aliado. Porque essa luta tamb\u00e9m \u00e9 nossa\u201d.<\/p>\n","protected":false},"excerpt":{"rendered":"<p>Durante a caminhada at\u00e9 o Farol da Barra, milit\u00e2ncia levantou pautas como o fim da escala 6&#215;1, pol\u00edticas p\u00fablicas de combate ao feminic\u00eddio e pela soberania das mulheres. O PT Bahia participou do ato pol\u00edtico em defesa das mulheres realizado neste domingo, 8 de mar\u00e7o, em celebra\u00e7\u00e3o ao Dia Internacional da Mulher. Com concentra\u00e7\u00e3o no [&hellip;]<\/p>\n","protected":false},"author":2,"featured_media":128109,"comment_status":"open","ping_status":"open","sticky":false,"template":"","format":"standard","meta":[],"categories":[23,72],"tags":[7622,7781,137],"_links":{"self":[{"href":"https:\/\/www.blogdopaulonunes.com\/v5\/index.php\/wp-json\/wp\/v2\/posts\/128108"}],"collection":[{"href":"https:\/\/www.blogdopaulonunes.com\/v5\/index.php\/wp-json\/wp\/v2\/posts"}],"about":[{"href":"https:\/\/www.blogdopaulonunes.com\/v5\/index.php\/wp-json\/wp\/v2\/types\/post"}],"author":[{"embeddable":true,"href":"https:\/\/www.blogdopaulonunes.com\/v5\/index.php\/wp-json\/wp\/v2\/users\/2"}],"replies":[{"embeddable":true,"href":"https:\/\/www.blogdopaulonunes.com\/v5\/index.php\/wp-json\/wp\/v2\/comments?post=128108"}],"version-history":[{"count":1,"href":"https:\/\/www.blogdopaulonunes.com\/v5\/index.php\/wp-json\/wp\/v2\/posts\/128108\/revisions"}],"predecessor-version":[{"id":128111,"href":"https:\/\/www.blogdopaulonunes.com\/v5\/index.php\/wp-json\/wp\/v2\/posts\/128108\/revisions\/128111"}],"wp:featuredmedia":[{"embeddable":true,"href":"https:\/\/www.blogdopaulonunes.com\/v5\/index.php\/wp-json\/wp\/v2\/media\/128109"}],"wp:attachment":[{"href":"https:\/\/www.blogdopaulonunes.com\/v5\/index.php\/wp-json\/wp\/v2\/media?parent=128108"}],"wp:term":[{"taxonomy":"category","embeddable":true,"href":"https:\/\/www.blogdopaulonunes.com\/v5\/index.php\/wp-json\/wp\/v2\/categories?post=128108"},{"taxonomy":"post_tag","embeddable":true,"href":"https:\/\/www.blogdopaulonunes.com\/v5\/index.php\/wp-json\/wp\/v2\/tags?post=128108"}],"curies":[{"name":"wp","href":"https:\/\/api.w.org\/{rel}","templated":true}]}}