{"id":128105,"date":"2026-03-09T11:16:17","date_gmt":"2026-03-09T14:16:17","guid":{"rendered":"https:\/\/www.blogdopaulonunes.com\/v5\/?p=128105"},"modified":"2026-03-09T11:16:17","modified_gmt":"2026-03-09T14:16:17","slug":"ex-ministro-de-lula-e-deportado-do-panama-apos-pergunta-sobre-ditadura","status":"publish","type":"post","link":"https:\/\/www.blogdopaulonunes.com\/v5\/index.php\/2026\/03\/09\/ex-ministro-de-lula-e-deportado-do-panama-apos-pergunta-sobre-ditadura\/","title":{"rendered":"Ex-ministro de Lula \u00e9 deportado do Panam\u00e1 ap\u00f3s pergunta sobre ditadura"},"content":{"rendered":"<p style=\"text-align: justify;\"><strong>Franklin Martins tinha conex\u00e3o no pa\u00eds e estava a caminho de semin\u00e1rio na Guatemala. Viagem foi interrompida ap\u00f3s interrogat\u00f3rio<\/strong><\/p>\n<p style=\"text-align: justify;\">Ex-ministro da Secretaria de Comunica\u00e7\u00e3o Social durante o segundo mandato de Luiz In\u00e1cio Lula da Silva (PT), Franklin de Souza Martins relatou, neste domingo (8\/3), ter sido detido na \u00faltima sexta-feira (6\/3) no Panam\u00e1 e deportado para o Brasil.<\/p>\n<p style=\"text-align: justify;\">Segundo Martins, ele faria, na sexta, conex\u00e3o no aeroporto panamenho de Tocumen, durante viagem para Guatemala. Na cidade, o ex-auxiliar de Lula participaria, por tr\u00eas dias, de semin\u00e1rio promovido pela iniciativa Reconstruindo estados de bem-estar social nas Am\u00e9ricas, na Universidade Rafael Land\u00edvar.<\/p>\n<p style=\"text-align: justify;\">No entanto, ao desembarcar no local, por volta da 1h de sexta, Martins foi abordado por dois policiais panamenhos \u00e0 paisana, que solicitaram a apresenta\u00e7\u00e3o de documentos, o que, segundo afirmou, foi atendido imediatamente. Ap\u00f3s ser levado para uma sala, a fim de prestar esclarecimentos, Martins acabou sendo colocado de volta em um voo para o Brasil, aproximadamente \u00e0s 14h.<\/p>\n<p style=\"text-align: justify;\">\u201c(O interrogat\u00f3rio) deteve-se especialmente no item da minha pris\u00e3o em 1968, em Ibi\u00fana. Preferi n\u00e3o entrar em detalhes. Respondi apenas que havia sido preso por motivos pol\u00edticos. O Brasil vivia sob uma ditadura militar e eu havia lutado durante 21 anos contra ela \u2013 e isso n\u00e3o era um crime, mas um dever para os democratas\u201d, afirmou o ex-ministro em relato publicado no site da Associa\u00e7\u00e3o Brasileira de Imprensa (ABI).<br \/>\nA ABI publicou carta aberta ao embaixador do Panam\u00e1 no Brasil, Flavio Gabriel M\u00e9ndez Altamirano. No documento, a institui\u00e7\u00e3o questionou toda a condu\u00e7\u00e3o da passagem de Martins pelo pa\u00eds.<\/p>\n<p style=\"text-align: justify;\">\u201cSem qualquer explica\u00e7\u00e3o, em total desrespeito aos direitos do jornalista \u2013 detido arbitrariamente e impedido de se comunicar at\u00e9 mesmo com a Embaixada do Brasil \u2013, as autoridades do Panam\u00e1 se outorgaram o direito de impedir o acesso a outra na\u00e7\u00e3o\u201d, dizia trecho do questionamento.<\/p>\n<p style=\"text-align: justify;\">Neste domingo, o ministro das Rela\u00e7\u00f5es Exteriores do Panam\u00e1, Javier Eduardo Mart\u00ednez-Acha V\u00e1squez, pediu desculpas ao correspondente no Brasil, ministro Mauro Vieira. Na carta, V\u00e1squez chamou o ocorrido com o ex-ministro de Lula de \u201cincidente\u201d.<\/p>\n<p style=\"text-align: justify;\">\u201cPermita-me expressar, em nome do Governo Nacional do Panam\u00e1, nossas sinceras desculpas pelo inconveniente causado por esta situa\u00e7\u00e3o, que ocorreu no \u00e2mbito da aplica\u00e7\u00e3o estritamente administrativa dos procedimentos autom\u00e1ticos de imigra\u00e7\u00e3o\u201d, diz trecho da carta.<\/p>\n","protected":false},"excerpt":{"rendered":"<p>Franklin Martins tinha conex\u00e3o no pa\u00eds e estava a caminho de semin\u00e1rio na Guatemala. Viagem foi interrompida ap\u00f3s interrogat\u00f3rio Ex-ministro da Secretaria de Comunica\u00e7\u00e3o Social durante o segundo mandato de Luiz In\u00e1cio Lula da Silva (PT), Franklin de Souza Martins relatou, neste domingo (8\/3), ter sido detido na \u00faltima sexta-feira (6\/3) no Panam\u00e1 e deportado [&hellip;]<\/p>\n","protected":false},"author":2,"featured_media":128106,"comment_status":"open","ping_status":"open","sticky":false,"template":"","format":"standard","meta":[],"categories":[23,105],"tags":[390,713,7780,1100],"_links":{"self":[{"href":"https:\/\/www.blogdopaulonunes.com\/v5\/index.php\/wp-json\/wp\/v2\/posts\/128105"}],"collection":[{"href":"https:\/\/www.blogdopaulonunes.com\/v5\/index.php\/wp-json\/wp\/v2\/posts"}],"about":[{"href":"https:\/\/www.blogdopaulonunes.com\/v5\/index.php\/wp-json\/wp\/v2\/types\/post"}],"author":[{"embeddable":true,"href":"https:\/\/www.blogdopaulonunes.com\/v5\/index.php\/wp-json\/wp\/v2\/users\/2"}],"replies":[{"embeddable":true,"href":"https:\/\/www.blogdopaulonunes.com\/v5\/index.php\/wp-json\/wp\/v2\/comments?post=128105"}],"version-history":[{"count":1,"href":"https:\/\/www.blogdopaulonunes.com\/v5\/index.php\/wp-json\/wp\/v2\/posts\/128105\/revisions"}],"predecessor-version":[{"id":128107,"href":"https:\/\/www.blogdopaulonunes.com\/v5\/index.php\/wp-json\/wp\/v2\/posts\/128105\/revisions\/128107"}],"wp:featuredmedia":[{"embeddable":true,"href":"https:\/\/www.blogdopaulonunes.com\/v5\/index.php\/wp-json\/wp\/v2\/media\/128106"}],"wp:attachment":[{"href":"https:\/\/www.blogdopaulonunes.com\/v5\/index.php\/wp-json\/wp\/v2\/media?parent=128105"}],"wp:term":[{"taxonomy":"category","embeddable":true,"href":"https:\/\/www.blogdopaulonunes.com\/v5\/index.php\/wp-json\/wp\/v2\/categories?post=128105"},{"taxonomy":"post_tag","embeddable":true,"href":"https:\/\/www.blogdopaulonunes.com\/v5\/index.php\/wp-json\/wp\/v2\/tags?post=128105"}],"curies":[{"name":"wp","href":"https:\/\/api.w.org\/{rel}","templated":true}]}}