{"id":128099,"date":"2026-03-09T09:32:29","date_gmt":"2026-03-09T12:32:29","guid":{"rendered":"https:\/\/www.blogdopaulonunes.com\/v5\/?p=128099"},"modified":"2026-03-09T09:32:29","modified_gmt":"2026-03-09T12:32:29","slug":"governo-da-bahia-amplia-investimentos-em-educacao-e-moderniza-rede-estadual-em-ipiau","status":"publish","type":"post","link":"https:\/\/www.blogdopaulonunes.com\/v5\/index.php\/2026\/03\/09\/governo-da-bahia-amplia-investimentos-em-educacao-e-moderniza-rede-estadual-em-ipiau\/","title":{"rendered":"Governo da Bahia amplia investimentos em educa\u00e7\u00e3o e moderniza rede estadual em Ipia\u00fa"},"content":{"rendered":"<p style=\"text-align: justify;\">O Governo da Bahia tem feito v\u00e1rios investimentos na educa\u00e7\u00e3o p\u00fablica de Ipia\u00fa, ampliando o ensino em tempo integral, modernizando equipamentos e fortalecendo programas de perman\u00eancia estudantil. As a\u00e7\u00f5es impactam diretamente a qualidade do ensino e ampliam oportunidades para a juventude do munic\u00edpio.<\/p>\n<p style=\"text-align: justify;\">Recentemente, foi entregue a moderniza\u00e7\u00e3o do Col\u00e9gio Estadual de Tempo Integral de Ipia\u00fa, que recebeu investimento de R$ 7,5 milh\u00f5es. A unidade passou por ampla requalifica\u00e7\u00e3o, com biblioteca, teatro com 215 lugares, refeit\u00f3rio, laborat\u00f3rios, salas de v\u00eddeo, de fanfarra e de atendimento educacional especializado, al\u00e9m da reforma da quadra poliesportiva e melhorias estruturais no pr\u00e9dio. O investimento amplia o acesso a um modelo de ensino mais completo e conectado com o futuro.<\/p>\n<p style=\"text-align: justify;\">Tamb\u00e9m foi entregue o Complexo Poliesportivo Cultural Doutor Salvador da Matta, com aporte superior a R$ 9 milh\u00f5es. O espa\u00e7o integra esporte, cultura e educa\u00e7\u00e3o, com piscina semiol\u00edmpica, campo society e vesti\u00e1rios, ampliando a infraestrutura esportiva e promovendo inclus\u00e3o social.<\/p>\n<p style=\"text-align: justify;\">Est\u00e3o em fase final as obras da antiga UNEB, que dar\u00e1 lugar a um novo Centro Cultural com salas, laborat\u00f3rios, biblioteca e audit\u00f3rio para 200 pessoas. O Estado tamb\u00e9m prepara a moderniza\u00e7\u00e3o e amplia\u00e7\u00e3o do Complexo Integrado de Educa\u00e7\u00e3o B\u00e1sica Profissional e Tecnol\u00f3gica (CIEBTEC), no bairro Santana, com investimento estimado em R$ 10 milh\u00f5es, al\u00e9m da requalifica\u00e7\u00e3o do Centro Territorial de Educa\u00e7\u00e3o Profissional M\u00e9dio Rio de Contas, com aporte previsto de R$ 7 milh\u00f5es.<\/p>\n<p><img loading=\"lazy\" class=\"alignnone size-full wp-image-128101\" src=\"https:\/\/www.blogdopaulonunes.com\/v5\/wp-content\/uploads\/2026\/03\/Foto-Thuane-MariaGOVBA-14.jpg\" alt=\"\" width=\"500\" height=\"333\" \/><\/p>\n<p style=\"text-align: justify;\">Na \u00e1rea de apoio estudantil, Ipia\u00fa conta com o Programa Estadual do Transporte Escolar (PETE), que atendeu 109 estudantes em 2025. Os jovens tamb\u00e9m podem aderir ao Bolsa Presen\u00e7a, ao Programa Mais Estudo e ao programa federal P\u00e9-de-Meia, iniciativas que garantem incentivo financeiro e ampliam a perman\u00eancia escolar.<\/p>\n<p style=\"text-align: justify;\">O conjunto dessas a\u00e7\u00f5es refor\u00e7a a estrutura educacional constru\u00edda pelo Governo da Bahia, ampliando investimentos, modernizando equipamentos e garantindo mais acesso, perman\u00eancia e qualidade no ensino p\u00fablico em Ipia\u00fa.<\/p>\n","protected":false},"excerpt":{"rendered":"<p>O Governo da Bahia tem feito v\u00e1rios investimentos na educa\u00e7\u00e3o p\u00fablica de Ipia\u00fa, ampliando o ensino em tempo integral, modernizando equipamentos e fortalecendo programas de perman\u00eancia estudantil. As a\u00e7\u00f5es impactam diretamente a qualidade do ensino e ampliam oportunidades para a juventude do munic\u00edpio. Recentemente, foi entregue a moderniza\u00e7\u00e3o do Col\u00e9gio Estadual de Tempo Integral de [&hellip;]<\/p>\n","protected":false},"author":2,"featured_media":128100,"comment_status":"open","ping_status":"open","sticky":false,"template":"","format":"standard","meta":[],"categories":[74,105],"tags":[7779,7778],"_links":{"self":[{"href":"https:\/\/www.blogdopaulonunes.com\/v5\/index.php\/wp-json\/wp\/v2\/posts\/128099"}],"collection":[{"href":"https:\/\/www.blogdopaulonunes.com\/v5\/index.php\/wp-json\/wp\/v2\/posts"}],"about":[{"href":"https:\/\/www.blogdopaulonunes.com\/v5\/index.php\/wp-json\/wp\/v2\/types\/post"}],"author":[{"embeddable":true,"href":"https:\/\/www.blogdopaulonunes.com\/v5\/index.php\/wp-json\/wp\/v2\/users\/2"}],"replies":[{"embeddable":true,"href":"https:\/\/www.blogdopaulonunes.com\/v5\/index.php\/wp-json\/wp\/v2\/comments?post=128099"}],"version-history":[{"count":1,"href":"https:\/\/www.blogdopaulonunes.com\/v5\/index.php\/wp-json\/wp\/v2\/posts\/128099\/revisions"}],"predecessor-version":[{"id":128102,"href":"https:\/\/www.blogdopaulonunes.com\/v5\/index.php\/wp-json\/wp\/v2\/posts\/128099\/revisions\/128102"}],"wp:featuredmedia":[{"embeddable":true,"href":"https:\/\/www.blogdopaulonunes.com\/v5\/index.php\/wp-json\/wp\/v2\/media\/128100"}],"wp:attachment":[{"href":"https:\/\/www.blogdopaulonunes.com\/v5\/index.php\/wp-json\/wp\/v2\/media?parent=128099"}],"wp:term":[{"taxonomy":"category","embeddable":true,"href":"https:\/\/www.blogdopaulonunes.com\/v5\/index.php\/wp-json\/wp\/v2\/categories?post=128099"},{"taxonomy":"post_tag","embeddable":true,"href":"https:\/\/www.blogdopaulonunes.com\/v5\/index.php\/wp-json\/wp\/v2\/tags?post=128099"}],"curies":[{"name":"wp","href":"https:\/\/api.w.org\/{rel}","templated":true}]}}