{"id":128064,"date":"2026-03-08T04:06:40","date_gmt":"2026-03-08T07:06:40","guid":{"rendered":"https:\/\/www.blogdopaulonunes.com\/v5\/?p=128064"},"modified":"2026-03-08T04:05:43","modified_gmt":"2026-03-08T07:05:43","slug":"a-cidade-mais-alta-do-nordeste-onde-o-clima-e-frio-as-montanhas-dominam-a-paisagem-e-o-cafe-e-premiado","status":"publish","type":"post","link":"https:\/\/www.blogdopaulonunes.com\/v5\/index.php\/2026\/03\/08\/a-cidade-mais-alta-do-nordeste-onde-o-clima-e-frio-as-montanhas-dominam-a-paisagem-e-o-cafe-e-premiado\/","title":{"rendered":"A cidade mais alta do Nordeste onde o clima \u00e9 frio, as montanhas dominam a paisagem e o caf\u00e9 \u00e9 premiado"},"content":{"rendered":"<p style=\"text-align: justify;\"><strong>Regi\u00e3o tamb\u00e9m guarda vest\u00edgios arqueol\u00f3gicos com milhares de anos<\/strong><\/p>\n<p style=\"text-align: justify;\">Nem s\u00f3 de calor vive o Nordeste. No interior da Bahia, <strong data-start=\"1322\" data-end=\"1423\">uma cidade cercada por montanhas mostra que o clima da regi\u00e3o pode ser bem diferente do imaginado<\/strong>. Em\u00a0<strong data-start=\"1428\" data-end=\"1437\">Piat\u00e3<\/strong>, na Chapada Diamantina, noites frias, altitude elevada e produ\u00e7\u00e3o de caf\u00e9 de qualidade transformaram o munic\u00edpio em uma exce\u00e7\u00e3o geogr\u00e1fica dentro do mapa clim\u00e1tico nordestino.<\/p>\n<p style=\"text-align: justify;\">A cidade est\u00e1 situada a\u00a0<strong data-start=\"1639\" data-end=\"1676\">cerca de 1.280 metros de altitude<\/strong>, com \u00e1reas montanhosas que ultrapassam\u00a0<strong data-start=\"1716\" data-end=\"1732\">1.800 metros<\/strong>. Essa caracter\u00edstica altera completamente o ambiente local.\u00a0<strong data-start=\"1793\" data-end=\"1860\">Temperaturas mais baixas e ar mais seco aparecem com frequ\u00eancia<\/strong>, algo pouco comum em grande parte do Nordeste brasileiro.<\/p>\n<h2 style=\"text-align: justify;\" data-start=\"1920\" data-end=\"1975\">Montanhas, trilhas e caf\u00e9 mudam a imagem do Nordeste<\/h2>\n<p style=\"text-align: justify;\" data-start=\"1977\" data-end=\"2199\">A geografia da regi\u00e3o explica parte desse cen\u00e1rio.\u00a0<strong data-start=\"2028\" data-end=\"2126\">Forma\u00e7\u00f5es rochosas elevadas e vales profundos moldaram paisagens t\u00edpicas da Chapada Diamantina<\/strong>, criando mirantes naturais e trilhas bastante procuradas por visitantes.<\/p>\n<p style=\"text-align: justify;\" data-start=\"2201\" data-end=\"2510\">Entre os trajetos mais conhecidos est\u00e1 a\u00a0<strong data-start=\"2242\" data-end=\"2260\">Serra do Navio<\/strong>, trilha que alcan\u00e7a cerca de\u00a0<strong data-start=\"2290\" data-end=\"2318\">1.816 metros de altitude<\/strong>\u00a0e oferece vistas amplas da cadeia de montanhas. Outro ponto popular \u00e9 a\u00a0<strong data-start=\"2391\" data-end=\"2411\">Serra da Santana<\/strong>, pr\u00f3xima da cidade e procurada por quem deseja observar o nascer ou o p\u00f4r do sol no alto da serra.<\/p>\n<p style=\"text-align: justify;\" data-start=\"2512\" data-end=\"2818\">Mas o que realmente colocou Piat\u00e3 no mapa nacional foi o\u00a0<strong data-start=\"2569\" data-end=\"2589\">caf\u00e9 de altitude<\/strong>. O clima mais ameno e o relevo elevado criaram condi\u00e7\u00f5es ideais para o cultivo de gr\u00e3os de alta qualidade.\u00a0<strong data-start=\"2697\" data-end=\"2771\">A produ\u00e7\u00e3o local j\u00e1 recebeu reconhecimento em concursos especializados<\/strong>, tornando o munic\u00edpio uma refer\u00eancia no setor.<\/p>\n<p style=\"text-align: justify;\" data-start=\"2820\" data-end=\"2995\">Al\u00e9m da produ\u00e7\u00e3o agr\u00edcola, a regi\u00e3o tamb\u00e9m abriga\u00a0<strong data-start=\"2870\" data-end=\"2946\">s\u00edtios arqueol\u00f3gicos com pinturas rupestres que podem ter at\u00e9 8 mil anos<\/strong>, indicando presen\u00e7a humana antiga no territ\u00f3rio.<\/p>\n<p style=\"text-align: justify;\" data-start=\"2997\" data-end=\"3186\" data-is-last-node=\"\" data-is-only-node=\"\">Com montanhas, clima incomum e tradi\u00e7\u00e3o cafeeira,\u00a0<strong data-start=\"3047\" data-end=\"3185\">Piat\u00e3 mostra que o Nordeste guarda paisagens e experi\u00eancias muito al\u00e9m das praias e do calor que costumam dominar o imagin\u00e1rio popular<\/strong>.<\/p>\n","protected":false},"excerpt":{"rendered":"<p>Regi\u00e3o tamb\u00e9m guarda vest\u00edgios arqueol\u00f3gicos com milhares de anos Nem s\u00f3 de calor vive o Nordeste. No interior da Bahia, uma cidade cercada por montanhas mostra que o clima da regi\u00e3o pode ser bem diferente do imaginado. Em\u00a0Piat\u00e3, na Chapada Diamantina, noites frias, altitude elevada e produ\u00e7\u00e3o de caf\u00e9 de qualidade transformaram o munic\u00edpio em [&hellip;]<\/p>\n","protected":false},"author":2,"featured_media":128065,"comment_status":"open","ping_status":"open","sticky":false,"template":"","format":"standard","meta":[],"categories":[73,105],"tags":[234,1711,7770,7769],"_links":{"self":[{"href":"https:\/\/www.blogdopaulonunes.com\/v5\/index.php\/wp-json\/wp\/v2\/posts\/128064"}],"collection":[{"href":"https:\/\/www.blogdopaulonunes.com\/v5\/index.php\/wp-json\/wp\/v2\/posts"}],"about":[{"href":"https:\/\/www.blogdopaulonunes.com\/v5\/index.php\/wp-json\/wp\/v2\/types\/post"}],"author":[{"embeddable":true,"href":"https:\/\/www.blogdopaulonunes.com\/v5\/index.php\/wp-json\/wp\/v2\/users\/2"}],"replies":[{"embeddable":true,"href":"https:\/\/www.blogdopaulonunes.com\/v5\/index.php\/wp-json\/wp\/v2\/comments?post=128064"}],"version-history":[{"count":1,"href":"https:\/\/www.blogdopaulonunes.com\/v5\/index.php\/wp-json\/wp\/v2\/posts\/128064\/revisions"}],"predecessor-version":[{"id":128066,"href":"https:\/\/www.blogdopaulonunes.com\/v5\/index.php\/wp-json\/wp\/v2\/posts\/128064\/revisions\/128066"}],"wp:featuredmedia":[{"embeddable":true,"href":"https:\/\/www.blogdopaulonunes.com\/v5\/index.php\/wp-json\/wp\/v2\/media\/128065"}],"wp:attachment":[{"href":"https:\/\/www.blogdopaulonunes.com\/v5\/index.php\/wp-json\/wp\/v2\/media?parent=128064"}],"wp:term":[{"taxonomy":"category","embeddable":true,"href":"https:\/\/www.blogdopaulonunes.com\/v5\/index.php\/wp-json\/wp\/v2\/categories?post=128064"},{"taxonomy":"post_tag","embeddable":true,"href":"https:\/\/www.blogdopaulonunes.com\/v5\/index.php\/wp-json\/wp\/v2\/tags?post=128064"}],"curies":[{"name":"wp","href":"https:\/\/api.w.org\/{rel}","templated":true}]}}