{"id":127994,"date":"2026-03-02T17:23:05","date_gmt":"2026-03-02T20:23:05","guid":{"rendered":"https:\/\/www.blogdopaulonunes.com\/v5\/?p=127994"},"modified":"2026-03-02T17:23:05","modified_gmt":"2026-03-02T20:23:05","slug":"flopou-usp-estima-apenas-204-mil-pessoas-em-ato-bolsonarista-na-paulista","status":"publish","type":"post","link":"https:\/\/www.blogdopaulonunes.com\/v5\/index.php\/2026\/03\/02\/flopou-usp-estima-apenas-204-mil-pessoas-em-ato-bolsonarista-na-paulista\/","title":{"rendered":"Flopou: USP estima apenas 20,4 mil pessoas em ato bolsonarista na Paulista"},"content":{"rendered":"<p><strong>Levantamento do Monitor do Debate Pol\u00edtico aponta pico \u00e0s 15h53 e margem de erro de 12%<\/strong><\/p>\n<p style=\"text-align: justify;\">O Monitor do Debate Pol\u00edtico do Universidade de S\u00e3o Paulo (USP\/Cebrap), em parceria com a ONG More in Common, estimou em 20,4 mil o n\u00famero de pessoas presentes no ato bolsonarista neste domingo (1\u00ba) na Avenida Paulista, em S\u00e3o Paulo.<\/p>\n<p>De acordo com o levantamento, a margem de erro \u00e9 de 12%, o que permite estimar uma varia\u00e7\u00e3o entre 18 mil e 22,9 mil participantes no hor\u00e1rio de pico, registrado \u00e0s 15h53. Segundo o monitor da USP\/Cebrap, esse foi o momento de maior concentra\u00e7\u00e3o de p\u00fablico ao longo do ato.<\/p>\n<p style=\"text-align: justify;\">A medi\u00e7\u00e3o foi realizada a partir de fotos a\u00e9reas analisadas com o uso de software de intelig\u00eancia artificial. Os respons\u00e1veis pelo levantamento informaram que foram tiradas imagens em cinco hor\u00e1rios distintos: 13h58, 14h40, 15h16, 15h53 e 16h35. Para a contagem oficial, foram selecionadas oito fotos feitas \u00e0s 15h53.<\/p>\n<p style=\"text-align: justify;\">\u201cAs imagens cobriram toda a extens\u00e3o, sem sobreposi\u00e7\u00e3o. A mesma metodologia vem sendo usada desde agosto de 2022 para calcular o p\u00fablico de diversos eventos pol\u00edticos\u201d, informaram os respons\u00e1veis pelo monitor.<\/p>\n<p style=\"text-align: justify;\">A manifesta\u00e7\u00e3o reuniu lideran\u00e7as e parlamentares da direita que defenderam anistia a Jair Bolsonaro e outros condenados pela tentativa de golpe de 8 de janeiro, al\u00e9m do impeachment dos ministros Alexandre de Moraes e Dias Toffoli.<\/p>\n<p style=\"text-align: justify;\">Tamb\u00e9m participaram do ato o senador Fl\u00e1vio Bolsonaro (PL-RJ), o deputado federal Nikolas Ferreira (PL-MG), o governador de Goi\u00e1s, Ronaldo Caiado (Uni\u00e3o Brasil), o governador de Minas Gerais, Romeu Zema (Novo), e o presidente do Partido Liberal, .<\/p>\n<p style=\"text-align: justify;\">Segundo o Monitor do Debate Pol\u00edtico da USP\/Cebrap, a \u00faltima manifesta\u00e7\u00e3o da extrema direita, chamada de \u201cCaminhada pela Liberdade e Anistia\u201d, organizada por movimentos de direita em 7 de dezembro, reuniu 42,2 mil pessoas na mesma via, tamb\u00e9m de acordo com o levantamento da USP\/Cebrap.<\/p>\n","protected":false},"excerpt":{"rendered":"<p>Levantamento do Monitor do Debate Pol\u00edtico aponta pico \u00e0s 15h53 e margem de erro de 12% O Monitor do Debate Pol\u00edtico do Universidade de S\u00e3o Paulo (USP\/Cebrap), em parceria com a ONG More in Common, estimou em 20,4 mil o n\u00famero de pessoas presentes no ato bolsonarista neste domingo (1\u00ba) na Avenida Paulista, em S\u00e3o [&hellip;]<\/p>\n","protected":false},"author":2,"featured_media":127995,"comment_status":"open","ping_status":"open","sticky":false,"template":"","format":"standard","meta":[],"categories":[23,105],"tags":[629,6880,7556],"_links":{"self":[{"href":"https:\/\/www.blogdopaulonunes.com\/v5\/index.php\/wp-json\/wp\/v2\/posts\/127994"}],"collection":[{"href":"https:\/\/www.blogdopaulonunes.com\/v5\/index.php\/wp-json\/wp\/v2\/posts"}],"about":[{"href":"https:\/\/www.blogdopaulonunes.com\/v5\/index.php\/wp-json\/wp\/v2\/types\/post"}],"author":[{"embeddable":true,"href":"https:\/\/www.blogdopaulonunes.com\/v5\/index.php\/wp-json\/wp\/v2\/users\/2"}],"replies":[{"embeddable":true,"href":"https:\/\/www.blogdopaulonunes.com\/v5\/index.php\/wp-json\/wp\/v2\/comments?post=127994"}],"version-history":[{"count":1,"href":"https:\/\/www.blogdopaulonunes.com\/v5\/index.php\/wp-json\/wp\/v2\/posts\/127994\/revisions"}],"predecessor-version":[{"id":127996,"href":"https:\/\/www.blogdopaulonunes.com\/v5\/index.php\/wp-json\/wp\/v2\/posts\/127994\/revisions\/127996"}],"wp:featuredmedia":[{"embeddable":true,"href":"https:\/\/www.blogdopaulonunes.com\/v5\/index.php\/wp-json\/wp\/v2\/media\/127995"}],"wp:attachment":[{"href":"https:\/\/www.blogdopaulonunes.com\/v5\/index.php\/wp-json\/wp\/v2\/media?parent=127994"}],"wp:term":[{"taxonomy":"category","embeddable":true,"href":"https:\/\/www.blogdopaulonunes.com\/v5\/index.php\/wp-json\/wp\/v2\/categories?post=127994"},{"taxonomy":"post_tag","embeddable":true,"href":"https:\/\/www.blogdopaulonunes.com\/v5\/index.php\/wp-json\/wp\/v2\/tags?post=127994"}],"curies":[{"name":"wp","href":"https:\/\/api.w.org\/{rel}","templated":true}]}}