{"id":127972,"date":"2026-02-28T13:02:02","date_gmt":"2026-02-28T16:02:02","guid":{"rendered":"https:\/\/www.blogdopaulonunes.com\/v5\/?p=127972"},"modified":"2026-02-28T13:08:15","modified_gmt":"2026-02-28T16:08:15","slug":"em-itapetinga-jeronimo-rodrigues-autoriza-construcao-do-hospital-regional","status":"publish","type":"post","link":"https:\/\/www.blogdopaulonunes.com\/v5\/index.php\/2026\/02\/28\/em-itapetinga-jeronimo-rodrigues-autoriza-construcao-do-hospital-regional\/","title":{"rendered":"Em Itapetinga, Jer\u00f4nimo Rodrigues autoriza constru\u00e7\u00e3o do Hospital Regional"},"content":{"rendered":"<p style=\"text-align: justify;\">Dentro de um ano e meio, a popula\u00e7\u00e3o do Sudoeste baiano ter\u00e1 \u00e0 disposi\u00e7\u00e3o mais um hospital para ampliar a assist\u00eancia \u00e0 sa\u00fade. O governador Jer\u00f4nimo Rodrigues assinou, neste s\u00e1bado (28), a ordem de servi\u00e7o para constru\u00e7\u00e3o do Hospital Regional de Itapetinga, com investimento de aproximadamente R$ 120 milh\u00f5es. A unidade ser\u00e1 refer\u00eancia para 12 munic\u00edpios da regi\u00e3o, fortalecendo a assist\u00eancia e reduzindo a necessidade de deslocamentos para centros maiores.<\/p>\n<p style=\"text-align: justify;\">\u201cO novo hospital transformar\u00e1 ainda mais o panorama da sa\u00fade p\u00fablica no Sudoeste baiano, reduzindo a necessidade de deslocamentos para centros maiores e garantindo acesso a cuidados especializados com maior resolutividade\u201d, afirmou o governador Jer\u00f4nimo Rodrigues.<\/p>\n<p style=\"text-align: justify;\">Com 130 leitos, incluindo 14 de UTI (adulto e neonatal), o hospital ser\u00e1 estruturado para realizar procedimentos de m\u00e9dia e alta complexidade nas especialidades cl\u00ednica e cir\u00fargica adulto, obst\u00e9trica e pedi\u00e1trica, em regime ambulatorial e de interna\u00e7\u00e3o, atendendo tanto urg\u00eancias quanto demandas eletivas. A unidade tamb\u00e9m ser\u00e1 refer\u00eancia para gesta\u00e7\u00f5es de alto risco, com ambulat\u00f3rio especializado, interna\u00e7\u00e3o obst\u00e9trica, UTI neonatal, Unidades de Cuidados Intermedi\u00e1rios (UCINCo e UCINCa) e posto de coleta de leite humano. O centro obst\u00e9trico contar\u00e1 com duas salas cir\u00fargicas e tr\u00eas leitos PPP (pr\u00e9-parto, parto e p\u00f3s-parto).<\/p>\n<p style=\"text-align: justify;\">Para garantir assist\u00eancia integral, o Hospital Regional de Itapetinga ter\u00e1 tomografia, endoscopia, ag\u00eancia transfusional, anatomia patol\u00f3gica, eletrocardiograma (inclusive por telemedicina), ecocardiograma, radiologia, ultrassonografia, cardiotocografia, laborat\u00f3rio completo, fisioterapia hospitalar e terapia renal substitutiva para pacientes em UTI, entre outros servi\u00e7os.<\/p>\n<p><img loading=\"lazy\" class=\"alignnone size-full wp-image-127974\" src=\"https:\/\/www.blogdopaulonunes.com\/v5\/wp-content\/uploads\/2026\/02\/Foto-Thuane-MariaGOVBA34.jpg\" alt=\"\" width=\"500\" height=\"333\" \/><\/p>\n<p style=\"text-align: justify;\">Presente na agenda ao lado do governador, o superintendente de Aten\u00e7\u00e3o Integral \u00e0 Sa\u00fade, Karlos Figueiredo, ressaltou o impacto direto do novo equipamento para a organiza\u00e7\u00e3o da rede regional. \u201cO Hospital Regional de Itapetinga nasce com perfil resolutivo, integrado \u00e0 regula\u00e7\u00e3o e \u00e0 rede de urg\u00eancia, e com um componente muito estrat\u00e9gico, que \u00e9 a assist\u00eancia materno-infantil de alto risco. Isso significa mais seguran\u00e7a para as fam\u00edlias e mais capacidade de resposta para toda a regi\u00e3o\u201d, afirmou.<\/p>\n<p><strong>Fortalecimento da sa\u00fade regional<\/strong><\/p>\n<p style=\"text-align: justify;\">No mesmo terreno, est\u00e1 sendo erguida a Policl\u00ednica Regional de Sa\u00fade de Itapetinga, uma parceria entre o Governo do Estado e o Governo Federal, com recursos do Novo PAC (Programa de Acelera\u00e7\u00e3o do Crescimento). Com investimento total de R$ 25 milh\u00f5es, o equipamento ser\u00e1 estruturado para a realiza\u00e7\u00e3o de procedimentos de m\u00e9dia e alta complexidade, com 25 consult\u00f3rios, quatro salas de ultrassom e capacidade mensal de 9,7 mil atendimentos. As obras devem ser finalizadas em setembro de 2026.<\/p>\n<p style=\"text-align: justify;\">Para fortalecer a sa\u00fade do munic\u00edpio, o governador entregou equipamentos para o Hospital e Maternidade Virg\u00ednia Hagge, uma ambul\u00e2ncia, al\u00e9m de itens destinados a Unidades B\u00e1sicas de Sa\u00fade (UBS) e \u00e0 Unidade de Pronto Atendimento (UPA).<\/p>\n<p><strong>Rep\u00f3rter: Sim\u00f4nica Capistrano, com informa\u00e7\u00f5es da Ascom\/Sesab<\/strong><\/p>\n","protected":false},"excerpt":{"rendered":"<p>Dentro de um ano e meio, a popula\u00e7\u00e3o do Sudoeste baiano ter\u00e1 \u00e0 disposi\u00e7\u00e3o mais um hospital para ampliar a assist\u00eancia \u00e0 sa\u00fade. O governador Jer\u00f4nimo Rodrigues assinou, neste s\u00e1bado (28), a ordem de servi\u00e7o para constru\u00e7\u00e3o do Hospital Regional de Itapetinga, com investimento de aproximadamente R$ 120 milh\u00f5es. A unidade ser\u00e1 refer\u00eancia para 12 [&hellip;]<\/p>\n","protected":false},"author":2,"featured_media":127973,"comment_status":"open","ping_status":"open","sticky":false,"template":"","format":"standard","meta":[],"categories":[74,105],"tags":[5969,660,437],"_links":{"self":[{"href":"https:\/\/www.blogdopaulonunes.com\/v5\/index.php\/wp-json\/wp\/v2\/posts\/127972"}],"collection":[{"href":"https:\/\/www.blogdopaulonunes.com\/v5\/index.php\/wp-json\/wp\/v2\/posts"}],"about":[{"href":"https:\/\/www.blogdopaulonunes.com\/v5\/index.php\/wp-json\/wp\/v2\/types\/post"}],"author":[{"embeddable":true,"href":"https:\/\/www.blogdopaulonunes.com\/v5\/index.php\/wp-json\/wp\/v2\/users\/2"}],"replies":[{"embeddable":true,"href":"https:\/\/www.blogdopaulonunes.com\/v5\/index.php\/wp-json\/wp\/v2\/comments?post=127972"}],"version-history":[{"count":2,"href":"https:\/\/www.blogdopaulonunes.com\/v5\/index.php\/wp-json\/wp\/v2\/posts\/127972\/revisions"}],"predecessor-version":[{"id":127976,"href":"https:\/\/www.blogdopaulonunes.com\/v5\/index.php\/wp-json\/wp\/v2\/posts\/127972\/revisions\/127976"}],"wp:featuredmedia":[{"embeddable":true,"href":"https:\/\/www.blogdopaulonunes.com\/v5\/index.php\/wp-json\/wp\/v2\/media\/127973"}],"wp:attachment":[{"href":"https:\/\/www.blogdopaulonunes.com\/v5\/index.php\/wp-json\/wp\/v2\/media?parent=127972"}],"wp:term":[{"taxonomy":"category","embeddable":true,"href":"https:\/\/www.blogdopaulonunes.com\/v5\/index.php\/wp-json\/wp\/v2\/categories?post=127972"},{"taxonomy":"post_tag","embeddable":true,"href":"https:\/\/www.blogdopaulonunes.com\/v5\/index.php\/wp-json\/wp\/v2\/tags?post=127972"}],"curies":[{"name":"wp","href":"https:\/\/api.w.org\/{rel}","templated":true}]}}