{"id":127508,"date":"2026-01-22T20:25:30","date_gmt":"2026-01-22T23:25:30","guid":{"rendered":"https:\/\/www.blogdopaulonunes.com\/v5\/?p=127508"},"modified":"2026-01-22T20:25:30","modified_gmt":"2026-01-22T23:25:30","slug":"resolucao-do-cofen-permite-prescricao-de-antibioticos-por-enfermeiros","status":"publish","type":"post","link":"https:\/\/www.blogdopaulonunes.com\/v5\/index.php\/2026\/01\/22\/resolucao-do-cofen-permite-prescricao-de-antibioticos-por-enfermeiros\/","title":{"rendered":"Resolu\u00e7\u00e3o do Cofen permite prescri\u00e7\u00e3o de antibi\u00f3ticos por enfermeiros"},"content":{"rendered":"<p style=\"text-align: justify;\"><strong>Norma regulamenta prescri\u00e7\u00e3o por enfermeiros ap\u00f3s atualiza\u00e7\u00e3o da Anvisa e amplia acesso a medicamentos no SUS e na rede privada.<\/strong><\/p>\n<p style=\"text-align: justify;\">O Conselho Federal de Enfermagem (Cofen) oficializou, nesta quinta-feira (22), uma amplia\u00e7\u00e3o das atribui\u00e7\u00f5es da categoria ao autorizar a prescri\u00e7\u00e3o de antibi\u00f3ticos por enfermeiros. A medida foi formalizada por meio da\u00a0<a href=\"https:\/\/static.congressoemfoco.com.br\/attachment\/2026\/01\/22\/bb821d_resolucao_cofen_dou.pdf\" target=\"_blank\" rel=\"noopener\">Resolu\u00e7\u00e3o n\u00ba 801<\/a>, e passa a integrar o conjunto de normas que regulamentam a atua\u00e7\u00e3o desses profissionais na assist\u00eancia \u00e0 sa\u00fade.<\/p>\n<p style=\"text-align: justify;\">A medida \u00e9 consequ\u00eancia direta de uma atualiza\u00e7\u00e3o promovida pela Ag\u00eancia Nacional de Vigil\u00e2ncia Sanit\u00e1ria (Anvisa) em 2025 no Sistema Nacional de Gerenciamento de Produtos Controlados (SNGPC), que passou a admitir o registro profissional de enfermeiros. O sistema \u00e9 respons\u00e1vel por monitorar a entrada e a sa\u00edda de medicamentos controlados em farm\u00e1cias e drogarias privadas em todo o pa\u00eds.<\/p>\n<p style=\"text-align: justify;\">Com a nova resolu\u00e7\u00e3o, o Cofen passa a regulamentar formalmente a prescri\u00e7\u00e3o, permitindo que receitas assinadas por enfermeiros sejam aceitas no com\u00e9rcio farmac\u00eautico, desde que respeitados protocolos assistenciais e crit\u00e9rios t\u00e9cnicos definidos pela norma. A autoriza\u00e7\u00e3o para prescri\u00e7\u00e3o serve tanto a\u00a0<strong>adultos<\/strong>\u00a0quanto a\u00a0<strong>crian\u00e7as<\/strong>.<\/p>\n<p style=\"text-align: justify;\">Antes da publica\u00e7\u00e3o da resolu\u00e7\u00e3o, a prescri\u00e7\u00e3o de medicamentos por enfermeiros j\u00e1 estava prevista na legisla\u00e7\u00e3o (Lei n\u00ba\u00a0<a href=\"https:\/\/www.planalto.gov.br\/ccivil_03\/leis\/l7498.htm\" target=\"_blank\" rel=\"noopener\">7.498\/1986<\/a>), mas encontrava limita\u00e7\u00f5es pr\u00e1ticas. A atua\u00e7\u00e3o dependia, em, grande parte, de protocolos institucionais e programas p\u00fablicos. Em regra, anteriormente esse tipo de atua\u00e7\u00e3o corria ap\u00f3s o diagn\u00f3stico m\u00e9dico e n\u00e3o permitia a prescri\u00e7\u00e3o direta em farm\u00e1cias privadas.<\/p>\n<p style=\"text-align: justify;\">A nova norma busca superar essas barreiras ao consolidar regras nacionais para a prescri\u00e7\u00e3o, vinculando o ato \u00e0 consulta de enfermagem e ao Processo de Enfermagem, al\u00e9m de protocolos previamente aprovados pelos servi\u00e7os de sa\u00fade. A resolu\u00e7\u00e3o tamb\u00e9m padroniza modelos de\u00a0<strong>receitu\u00e1rio<\/strong>, define informa\u00e7\u00f5es obrigat\u00f3rias e autoriza o uso de\u00a0<strong>prontu\u00e1rios digitais<\/strong>\u00a0e\u00a0<strong>assinaturas eletr\u00f4nicas<\/strong>\u00a0qualificadas.<\/p>\n<p style=\"text-align: justify;\">Outra mudan\u00e7a \u00e9 a cria\u00e7\u00e3o de uma lista de refer\u00eancia com medicamentos que podem embasar os protocolos locais, abrangendo \u00e1reas como infec\u00e7\u00f5es sexualmente transmiss\u00edveis, sa\u00fade reprodutiva, pr\u00e9-natal, doen\u00e7as cr\u00f4nicas e profilaxias. Estados e munic\u00edpios mant\u00eam autonomia para ampliar esse rol, desde que haja respaldo cient\u00edfico e epidemiol\u00f3gico.<\/p>\n<p style=\"text-align: justify;\">Entre os\u00a0<strong>rem\u00e9dios inclu\u00eddos<\/strong>\u00a0est\u00e3o antibi\u00f3ticos como amoxicilina, azitromicina, eritromicina, ceftriaxona e ciprofloxacino, aciclovir e metronidazol. A lista tamb\u00e9m contempla contraceptivos orais e injet\u00e1veis,\u00a0<strong>implantes hormonais<\/strong>\u00a0e\u00a0<strong>DIU<\/strong>, medicamentos para hipertens\u00e3o e diabetes, como\u00a0<strong>metformina<\/strong>\u00a0e\u00a0<strong>insulinas<\/strong>, e itens voltados ao pr\u00e9-natal, como \u00e1cido f\u00f3lico e sulfato ferroso. Para profilaxias, constam ainda medicamentos utilizados em\u00a0<strong>PrEP<\/strong>\u00a0e\u00a0<strong>PEP<\/strong>\u00a0contra o HIV, como tenofovir, lamivudina e dolutegravir.<\/p>\n<p style=\"text-align: justify;\">Na pr\u00e1tica, a mudan\u00e7a confere maior seguran\u00e7a jur\u00eddica \u00e0 atua\u00e7\u00e3o dos enfermeiros e amplia o acesso da popula\u00e7\u00e3o a tratamentos, especialmente em regi\u00f5es com menor oferta de m\u00e9dicos. A regulamenta\u00e7\u00e3o tamb\u00e9m refor\u00e7a a integra\u00e7\u00e3o entre os sistemas de controle da Anvisa e a pr\u00e1tica assistencial da enfermagem.<\/p>\n<p style=\"text-align: justify;\">No ano passado, quando a Anvisa atualizou o SNGPC, o Conselho Federal de Medicina (CFM) reagiu de forma contr\u00e1ria \u00e0 amplia\u00e7\u00e3o da prescri\u00e7\u00e3o por enfermeiros e chegou a acionar a Justi\u00e7a contra normas locais que autorizavam esse tipo de atua\u00e7\u00e3o. A nova resolu\u00e7\u00e3o do Cofen tende a reacender o debate entre as categorias sobre os limites e atribui\u00e7\u00f5es no atendimento \u00e0 sa\u00fade.<\/p>\n<p style=\"text-align: justify;\"><a href=\"https:\/\/static.congressoemfoco.com.br\/attachment\/2026\/01\/22\/bb821d_resolucao_cofen_dou.pdf\" target=\"_blank\" rel=\"noopener\">Leia a \u00edntegra da resolu\u00e7\u00e3o<\/a>.<\/p>\n","protected":false},"excerpt":{"rendered":"<p>Norma regulamenta prescri\u00e7\u00e3o por enfermeiros ap\u00f3s atualiza\u00e7\u00e3o da Anvisa e amplia acesso a medicamentos no SUS e na rede privada. O Conselho Federal de Enfermagem (Cofen) oficializou, nesta quinta-feira (22), uma amplia\u00e7\u00e3o das atribui\u00e7\u00f5es da categoria ao autorizar a prescri\u00e7\u00e3o de antibi\u00f3ticos por enfermeiros. A medida foi formalizada por meio da\u00a0Resolu\u00e7\u00e3o n\u00ba 801, e passa [&hellip;]<\/p>\n","protected":false},"author":2,"featured_media":127509,"comment_status":"open","ping_status":"open","sticky":false,"template":"","format":"standard","meta":[],"categories":[29,105],"tags":[7552,2464,7553,7554],"_links":{"self":[{"href":"https:\/\/www.blogdopaulonunes.com\/v5\/index.php\/wp-json\/wp\/v2\/posts\/127508"}],"collection":[{"href":"https:\/\/www.blogdopaulonunes.com\/v5\/index.php\/wp-json\/wp\/v2\/posts"}],"about":[{"href":"https:\/\/www.blogdopaulonunes.com\/v5\/index.php\/wp-json\/wp\/v2\/types\/post"}],"author":[{"embeddable":true,"href":"https:\/\/www.blogdopaulonunes.com\/v5\/index.php\/wp-json\/wp\/v2\/users\/2"}],"replies":[{"embeddable":true,"href":"https:\/\/www.blogdopaulonunes.com\/v5\/index.php\/wp-json\/wp\/v2\/comments?post=127508"}],"version-history":[{"count":1,"href":"https:\/\/www.blogdopaulonunes.com\/v5\/index.php\/wp-json\/wp\/v2\/posts\/127508\/revisions"}],"predecessor-version":[{"id":127510,"href":"https:\/\/www.blogdopaulonunes.com\/v5\/index.php\/wp-json\/wp\/v2\/posts\/127508\/revisions\/127510"}],"wp:featuredmedia":[{"embeddable":true,"href":"https:\/\/www.blogdopaulonunes.com\/v5\/index.php\/wp-json\/wp\/v2\/media\/127509"}],"wp:attachment":[{"href":"https:\/\/www.blogdopaulonunes.com\/v5\/index.php\/wp-json\/wp\/v2\/media?parent=127508"}],"wp:term":[{"taxonomy":"category","embeddable":true,"href":"https:\/\/www.blogdopaulonunes.com\/v5\/index.php\/wp-json\/wp\/v2\/categories?post=127508"},{"taxonomy":"post_tag","embeddable":true,"href":"https:\/\/www.blogdopaulonunes.com\/v5\/index.php\/wp-json\/wp\/v2\/tags?post=127508"}],"curies":[{"name":"wp","href":"https:\/\/api.w.org\/{rel}","templated":true}]}}