{"id":127498,"date":"2026-01-22T01:18:59","date_gmt":"2026-01-22T04:18:59","guid":{"rendered":"https:\/\/www.blogdopaulonunes.com\/v5\/?p=127498"},"modified":"2026-01-22T01:18:59","modified_gmt":"2026-01-22T04:18:59","slug":"lula-assina-mp-com-reajuste-de-54-no-piso-salarial-de-professores","status":"publish","type":"post","link":"https:\/\/www.blogdopaulonunes.com\/v5\/index.php\/2026\/01\/22\/lula-assina-mp-com-reajuste-de-54-no-piso-salarial-de-professores\/","title":{"rendered":"Lula assina MP com reajuste de 5,4% no piso salarial de professores"},"content":{"rendered":"<p style=\"text-align: justify;\"><strong>Medida provis\u00f3ria vincula valor de reajustes anuais do magist\u00e9rio ao crescimento do Fundeb<\/strong><\/p>\n<p style=\"text-align: justify;\">O presidente Lula assinou nesta quarta-feira (21) uma medida provis\u00f3ria que define novos crit\u00e9rios de atualiza\u00e7\u00e3o do piso salarial dos professores de educa\u00e7\u00e3o b\u00e1sica. A nova norma, que entra em vigor e dever\u00e1 passar por an\u00e1lise do Congresso Nacional, define a atualiza\u00e7\u00e3o com base na soma do \u00cdndice Nacional de Pre\u00e7os ao Consumidor e metade da varia\u00e7\u00e3o anual do Fundeb.<\/p>\n<p style=\"text-align: justify;\">Para este ano, o aumento ser\u00e1 de 5,4%, passando de R$ 4.867,77 para R$ 5.130,63 para a jornada semanal de 40%, valor 1,5 pontos percentuais acima da infla\u00e7\u00e3o de 2025 pelo INPC. Pelo par\u00e2metro anterior, o reajuste seria de 0,37%.<\/p>\n<p style=\"text-align: justify;\">&#8220;Isso, com certeza, faz muita diferen\u00e7a no sal\u00e1rio dos professores, no sal\u00e1rio b\u00e1sico. Ent\u00e3o, eu quero dar essa not\u00edcia, dizer que \u00e9 tamb\u00e9m um compromisso nosso de fazer a tramita\u00e7\u00e3o dessa mat\u00e9ria no Congresso, o mais r\u00e1pido poss\u00edvel, para que a gente tenha sempre uma previsibilidade, estabilidade no aumento do piso salarial&#8221;, declarou em suas redes sociais a ministra-chefe da Secretaria de Rela\u00e7\u00f5es Institucionais, Gleisi Hoffmann.<\/p>\n<p style=\"text-align: justify;\">Caber\u00e1 ao Minist\u00e9rio da Educa\u00e7\u00e3o publicar a portaria com a atualiza\u00e7\u00e3o salarial. A medida provis\u00f3ria dever\u00e1 ser votada em at\u00e9 60 dias no Congresso Nacional, prorrog\u00e1veis em mais 60 dias.<\/p>\n","protected":false},"excerpt":{"rendered":"<p>Medida provis\u00f3ria vincula valor de reajustes anuais do magist\u00e9rio ao crescimento do Fundeb O presidente Lula assinou nesta quarta-feira (21) uma medida provis\u00f3ria que define novos crit\u00e9rios de atualiza\u00e7\u00e3o do piso salarial dos professores de educa\u00e7\u00e3o b\u00e1sica. A nova norma, que entra em vigor e dever\u00e1 passar por an\u00e1lise do Congresso Nacional, define a atualiza\u00e7\u00e3o [&hellip;]<\/p>\n","protected":false},"author":2,"featured_media":127499,"comment_status":"open","ping_status":"open","sticky":false,"template":"","format":"standard","meta":[],"categories":[130,105],"tags":[2055,4191,7549,1389],"_links":{"self":[{"href":"https:\/\/www.blogdopaulonunes.com\/v5\/index.php\/wp-json\/wp\/v2\/posts\/127498"}],"collection":[{"href":"https:\/\/www.blogdopaulonunes.com\/v5\/index.php\/wp-json\/wp\/v2\/posts"}],"about":[{"href":"https:\/\/www.blogdopaulonunes.com\/v5\/index.php\/wp-json\/wp\/v2\/types\/post"}],"author":[{"embeddable":true,"href":"https:\/\/www.blogdopaulonunes.com\/v5\/index.php\/wp-json\/wp\/v2\/users\/2"}],"replies":[{"embeddable":true,"href":"https:\/\/www.blogdopaulonunes.com\/v5\/index.php\/wp-json\/wp\/v2\/comments?post=127498"}],"version-history":[{"count":1,"href":"https:\/\/www.blogdopaulonunes.com\/v5\/index.php\/wp-json\/wp\/v2\/posts\/127498\/revisions"}],"predecessor-version":[{"id":127500,"href":"https:\/\/www.blogdopaulonunes.com\/v5\/index.php\/wp-json\/wp\/v2\/posts\/127498\/revisions\/127500"}],"wp:featuredmedia":[{"embeddable":true,"href":"https:\/\/www.blogdopaulonunes.com\/v5\/index.php\/wp-json\/wp\/v2\/media\/127499"}],"wp:attachment":[{"href":"https:\/\/www.blogdopaulonunes.com\/v5\/index.php\/wp-json\/wp\/v2\/media?parent=127498"}],"wp:term":[{"taxonomy":"category","embeddable":true,"href":"https:\/\/www.blogdopaulonunes.com\/v5\/index.php\/wp-json\/wp\/v2\/categories?post=127498"},{"taxonomy":"post_tag","embeddable":true,"href":"https:\/\/www.blogdopaulonunes.com\/v5\/index.php\/wp-json\/wp\/v2\/tags?post=127498"}],"curies":[{"name":"wp","href":"https:\/\/api.w.org\/{rel}","templated":true}]}}