{"id":127465,"date":"2026-01-20T10:01:17","date_gmt":"2026-01-20T13:01:17","guid":{"rendered":"https:\/\/www.blogdopaulonunes.com\/v5\/?p=127465"},"modified":"2026-01-20T10:01:17","modified_gmt":"2026-01-20T13:01:17","slug":"nova-rodoviaria-da-bahia-inicia-operacao-oficial","status":"publish","type":"post","link":"https:\/\/www.blogdopaulonunes.com\/v5\/index.php\/2026\/01\/20\/nova-rodoviaria-da-bahia-inicia-operacao-oficial\/","title":{"rendered":"Nova Rodovi\u00e1ria da Bahia inicia opera\u00e7\u00e3o oficial"},"content":{"rendered":"<div><i>Governador recepcionou os primeiros passageiros que chegaram ao novo terminal<\/i><\/div>\n<div><\/div>\n<div style=\"text-align: justify;\">Os primeiros \u00f4nibus come\u00e7aram a chegar, nesta ter\u00e7a-feira (20), \u00e0 Nova Rodovi\u00e1ria da Bahia, em \u00c1guas Claras, marcando oficialmente o in\u00edcio das opera\u00e7\u00f5es do novo equipamento e uma nova etapa para a mobilidade urbana e intermunicipal de Salvador. O receptivo aos passageiros contou com a presen\u00e7a do governador Jer\u00f4nimo Rodrigues e foi organizado pela Secretaria de Turismo (Setur), que preparou uma a\u00e7\u00e3o de boas-vindas com elementos da cultura baiana para quem desembarcava na capital.<\/div>\n<div><\/div>\n<div><\/div>\n<div style=\"text-align: justify;\">Entre os passageiros, a surpresa com a estrutura chamou a aten\u00e7\u00e3o logo na chegada. Vinda de Candeias, a turista Maria das Dores comentou a impress\u00e3o ao desembarcar no novo terminal. \u201cEu fiquei muito surpresa com o tamanho da rodovi\u00e1ria. Parece at\u00e9 o aeroporto, tudo muito amplo, organizado e bonito. A gente chega e j\u00e1 sente a diferen\u00e7a\u201d, afirmou.<\/div>\n<div><\/div>\n<div style=\"text-align: justify;\"><\/div>\n<div style=\"text-align: justify;\">Durante a chegada dos primeiros ve\u00edculos, Jer\u00f4nimo Rodrigues destacou a amplia\u00e7\u00e3o da capacidade operacional e a moderniza\u00e7\u00e3o dos servi\u00e7os oferecidos pela nova rodovi\u00e1ria. \u201cEstamos entregando um equipamento maior, mais acess\u00edvel e totalmente integrado a outros modais. \u00c9 um passo importante para melhorar a mobilidade urbana e regional, oferecendo mais conforto, organiza\u00e7\u00e3o e dignidade para quem depende do transporte rodovi\u00e1rio todos os dias\u201d, afirmou.<\/div>\n<div><\/div>\n<div><\/div>\n<div style=\"text-align: justify;\">Concebida como um hub multimodal desde a origem, a Nova Rodovi\u00e1ria da Bahia integra, em um \u00fanico complexo, o transporte rodovi\u00e1rio intermunicipal, o metr\u00f4, o terminal de \u00f4nibus urbanos e metropolitanos e, futuramente, o VLT.<\/div>\n<div style=\"text-align: justify;\">\n<figure id=\"attachment_127467\" aria-describedby=\"caption-attachment-127467\" style=\"width: 500px\" class=\"wp-caption alignnone\"><img loading=\"lazy\" class=\"size-full wp-image-127467\" src=\"https:\/\/www.blogdopaulonunes.com\/v5\/wp-content\/uploads\/2026\/01\/fotos-Thuane-MariaGOVBA-1r.jpg\" alt=\"\" width=\"500\" height=\"333\" \/><figcaption id=\"caption-attachment-127467\" class=\"wp-caption-text\">fotos Thuane MariaGOVBA<\/figcaption><\/figure>\n<\/div>\n<div style=\"text-align: justify;\"><\/div>\n<div style=\"text-align: justify;\">Pensada para oferecer mais conforto e qualidade no atendimento, a rodovi\u00e1ria re\u00fane, em um \u00fanico espa\u00e7o, servi\u00e7os como pra\u00e7a de alimenta\u00e7\u00e3o, lot\u00e9rica, cl\u00ednicas, farm\u00e1cia, caixas eletr\u00f4nicos e uma unidade do SAC, al\u00e9m de \u00e1reas comerciais com lojas e quiosques. \u201c\u00c9 um terminal que vai muito al\u00e9m do embarque e desembarque, funcionando como um centro de servi\u00e7os para o cidad\u00e3o\u201d, destacou Jer\u00f4nimo Rodrigues.<\/div>\n<div style=\"text-align: justify;\"><\/div>\n<div style=\"text-align: justify;\"><\/div>\n<div style=\"text-align: justify;\">A chefe de gabinete da Setur-BA, Giuliana Brito, ressaltou a import\u00e2ncia do receptivo como primeiro contato de quem chega \u00e0 Bahia. \u201cA nova rodovi\u00e1ria \u00e9 uma porta de entrada do nosso estado, e esse acolhimento com a cultura baiana mostra, logo na chegada, a identidade, a alegria e a hospitalidade do nosso povo\u201d, afirmou.<\/div>\n<div><\/div>\n<div><b><i>Rep\u00f3rter: T\u00e1cio Santos\/GOVBA<\/i><\/b><\/div>\n","protected":false},"excerpt":{"rendered":"<p>Governador recepcionou os primeiros passageiros que chegaram ao novo terminal Os primeiros \u00f4nibus come\u00e7aram a chegar, nesta ter\u00e7a-feira (20), \u00e0 Nova Rodovi\u00e1ria da Bahia, em \u00c1guas Claras, marcando oficialmente o in\u00edcio das opera\u00e7\u00f5es do novo equipamento e uma nova etapa para a mobilidade urbana e intermunicipal de Salvador. O receptivo aos passageiros contou com a [&hellip;]<\/p>\n","protected":false},"author":2,"featured_media":127466,"comment_status":"open","ping_status":"open","sticky":false,"template":"","format":"standard","meta":[],"categories":[74,105],"tags":[437,7536],"_links":{"self":[{"href":"https:\/\/www.blogdopaulonunes.com\/v5\/index.php\/wp-json\/wp\/v2\/posts\/127465"}],"collection":[{"href":"https:\/\/www.blogdopaulonunes.com\/v5\/index.php\/wp-json\/wp\/v2\/posts"}],"about":[{"href":"https:\/\/www.blogdopaulonunes.com\/v5\/index.php\/wp-json\/wp\/v2\/types\/post"}],"author":[{"embeddable":true,"href":"https:\/\/www.blogdopaulonunes.com\/v5\/index.php\/wp-json\/wp\/v2\/users\/2"}],"replies":[{"embeddable":true,"href":"https:\/\/www.blogdopaulonunes.com\/v5\/index.php\/wp-json\/wp\/v2\/comments?post=127465"}],"version-history":[{"count":1,"href":"https:\/\/www.blogdopaulonunes.com\/v5\/index.php\/wp-json\/wp\/v2\/posts\/127465\/revisions"}],"predecessor-version":[{"id":127468,"href":"https:\/\/www.blogdopaulonunes.com\/v5\/index.php\/wp-json\/wp\/v2\/posts\/127465\/revisions\/127468"}],"wp:featuredmedia":[{"embeddable":true,"href":"https:\/\/www.blogdopaulonunes.com\/v5\/index.php\/wp-json\/wp\/v2\/media\/127466"}],"wp:attachment":[{"href":"https:\/\/www.blogdopaulonunes.com\/v5\/index.php\/wp-json\/wp\/v2\/media?parent=127465"}],"wp:term":[{"taxonomy":"category","embeddable":true,"href":"https:\/\/www.blogdopaulonunes.com\/v5\/index.php\/wp-json\/wp\/v2\/categories?post=127465"},{"taxonomy":"post_tag","embeddable":true,"href":"https:\/\/www.blogdopaulonunes.com\/v5\/index.php\/wp-json\/wp\/v2\/tags?post=127465"}],"curies":[{"name":"wp","href":"https:\/\/api.w.org\/{rel}","templated":true}]}}