{"id":127434,"date":"2026-01-18T21:36:06","date_gmt":"2026-01-19T00:36:06","guid":{"rendered":"https:\/\/www.blogdopaulonunes.com\/v5\/?p=127434"},"modified":"2026-01-18T21:36:06","modified_gmt":"2026-01-19T00:36:06","slug":"pronunciamento-do-presidente-lula-durante-inauguracao-de-sede-da-universidade-federal-fluminense-em-campos-dos-goytacazes","status":"publish","type":"post","link":"https:\/\/www.blogdopaulonunes.com\/v5\/index.php\/2026\/01\/18\/pronunciamento-do-presidente-lula-durante-inauguracao-de-sede-da-universidade-federal-fluminense-em-campos-dos-goytacazes\/","title":{"rendered":"Pronunciamento do presidente Lula durante inaugura\u00e7\u00e3o de sede da Universidade Federal Fluminense em Campos dos Goytacazes"},"content":{"rendered":"<p style=\"text-align: justify;\">Transcri\u00e7\u00e3o do pronunciamento do presidente Lula durante inaugura\u00e7\u00e3o de sede da Universidade Federal Fluminense em Campos dos Goytacazes, em 14 de abril de 2025<\/p>\n<p>Apenas um aviso de uma coisa que n\u00e3o fazia parte da agenda do Camilo [Santana, ministro da Educa\u00e7\u00e3o]. N\u00e3o sei se voc\u00eas est\u00e3o lembrados da imagem assim, aquele jovem que est\u00e1 em p\u00e9 com aquela camisa azul ali. Sandr\u00e3o, vem aqui na frente para te mostrar uma coisa.<\/p>\n<p style=\"text-align: justify;\">O Sandr\u00e3o \u00e9 hoje presidente da CUT [Central \u00danica dos Trabalhadores]. Ele foi muito conhecido no Brasil, famoso, porque, na campanha em que eu disputei as elei\u00e7\u00f5es com o Jos\u00e9 Serra, a primeira vez, houve uma turma que ia atr\u00e1s do Jos\u00e9 Serra com aquele mosquito, provocando ele, porque ele ia acabar com os mata-mosquitos. E esses companheiros ficaram famosos de perseguir a candidatura do Serra. Depois eles jogaram uma bola de papel que inventaram que era pedra, inventaram que era uma pedra, e esses companheiros foram perseguidos durante muito tempo na quest\u00e3o da profiss\u00e3o deles.<\/p>\n<p style=\"text-align: justify;\">Ent\u00e3o o decreto que eu assinei hoje, em agradecimento ao trabalho s\u00e9rio que essas pessoas fazem e a import\u00e2ncia para a sociedade, eu fiz o decreto que, na verdade, reajusta a indeniza\u00e7\u00e3o para os trabalhos de campo, nas atividades de combate ao controle de endemias, saneamento b\u00e1sico, entre outras coisas. Que Deus ajude os mata-mosquitos desse pa\u00eds, porque a gente pode, quem sabe, ter muito mais gente trabalhando.<\/p>\n<p style=\"text-align: justify;\">Bem, companheiros e companheiras.<\/p>\n<p style=\"text-align: justify;\">Eu n\u00e3o vou ler mais a nominata, eu n\u00e3o vou ler a nominata, porque o meu companheiro Camilo citou nomes e apelidos de todo mundo. Ainda citou gente que n\u00e3o estava nem aqui. Eu queria primeiro cumprimentar o prefeito. Obrigado por ter vindo nesse evento, prefeito.<\/p>\n<p style=\"text-align: justify;\">\u00c9 importante lembrar que quando a gente est\u00e1 numa atividade institucional, a gente n\u00e3o fica colocando diverg\u00eancia pol\u00edtica do lado. Eu estou aqui porque sou presidente e ele est\u00e1 aqui porque \u00e9 prefeito. Ent\u00e3o, \u00e9 importante que a gente aprenda uma li\u00e7\u00e3o de vida: quando chegar a \u00e9poca das elei\u00e7\u00f5es, a gente vai colocar o que a gente pensa dos outros na rua. Mas aqui n\u00e3o. Aqui a minha fun\u00e7\u00e3o \u00e9 de presidente da Rep\u00fablica e a dele \u00e9 de prefeito e a gente tem que se dar perfeitamente bem.<\/p>\n<p style=\"text-align: justify;\">A segunda coisa que eu queria dizer para voc\u00eas. E vou pedir para voc\u00eas um pouco de paci\u00eancia, porque eu n\u00e3o vou falar tanto, mas vou contar umas hist\u00f3rias para voc\u00eas. Na verdade, a vida da gente \u00e9 um sonho. A gente nasce e s\u00f3 para de sonhar quando a gente morre. A gente sonha com tudo o que a gente deseja na vida. E, quando eu venho visitar um pr\u00e9dio desse, que vai servir de sala de aula para milhares de jovens estudarem daqui para frente, eu n\u00e3o poderia dizer outra coisa, sen\u00e3o que a sala de aula do Ensino Fundamental, do Ensino M\u00e9dio, do instituto e da universidade, n\u00e3o deixa de ser uma sala de sonhos. \u00c9 ali que a gente sonha em aprender. \u00c9 ali que a gente sonha em melhorar a vida da nossa fam\u00edlia. \u00c9 ali que a gente sonha em arrumar um emprego melhor, por esse emprego ganhar um sal\u00e1rio melhor.<\/p>\n<p><iframe loading=\"lazy\" title=\"YouTube video player\" src=\"https:\/\/www.youtube.com\/embed\/IaZmWJ__TgM?si=qdr2iI6gUZRx7eHU\" width=\"560\" height=\"315\" frameborder=\"0\" allowfullscreen=\"allowfullscreen\"><\/iframe><\/p>\n<p style=\"text-align: justify;\">Por exemplo, essa companheira aqui est\u00e1 no seu \u00faltimo ano, sabe, que ela est\u00e1 fazendo ci\u00eancia social. E eu perguntei para ela: voc\u00ea j\u00e1 est\u00e1 trabalhando? Ela falou: \u201cn\u00e3o, eu tenho o sonho de arrumar um emprego\u201d. E eu quero ver se eu compartilho com o teu sonho para ver se voc\u00ea tem a oportunidade de ter um emprego. Porque, sen\u00e3o, as pessoas estudam, se formam e depois n\u00e3o t\u00eam emprego, as pessoas come\u00e7am a desanimar. E n\u00f3s precisamos criar condi\u00e7\u00f5es para que as pessoas possam ter um emprego pelo estudo que eles fizeram, ganhar um pouco melhor e cuidar da sua fam\u00edlia. \u00c9 esse o meu sonho.<\/p>\n<p style=\"text-align: justify;\">E eu digo sempre que toda a minha obsess\u00e3o pela educa\u00e7\u00e3o \u00e9 porque eu n\u00e3o tive a sorte de estudar, n\u00e3o tive condi\u00e7\u00f5es. Ent\u00e3o eu acho que todo filho de trabalhador, acho que todo filho da pessoa mais humilde, daquele que cata papel na rua, daquele que dorme na sarjeta, o filho dele tem direito de disputar uma vaga na universidade com o filho da pessoa mais rica da cidade. Ele tem que ter o direito e o nosso papel \u00e9 garantir esse direito. E vamos ver quem \u00e9 que \u00e9 melhor, vamos ver quem se preparou melhor, vamos ver quem estudou melhor.<\/p>\n<p style=\"text-align: justify;\">E tamb\u00e9m porque n\u00f3s temos consci\u00eancia que n\u00e3o existe nenhum exemplo de sociedade que conseguiu avan\u00e7ar, progredir, melhorar de vida, sem que antes tivesse investido na educa\u00e7\u00e3o. Portanto, a educa\u00e7\u00e3o \u00e9 a base para que tudo possa acontecer e se transformar na vida da gente, na vida de uma cidade, de um estado e na vida de um pa\u00eds. \u00c9 por isso que \u00e9 importante voc\u00eas jovens saberem: esse nosso querido Brasil nunca acreditou na educa\u00e7\u00e3o. Nunca.<\/p>\n<p style=\"text-align: justify;\">\u00c9 importante voc\u00eas lembrarem: esse pa\u00eds foi o \u00faltimo a acabar com a escravid\u00e3o, foi o \u00faltimo a fazer a independ\u00eancia, acho que foi o \u00faltimo do voto da mulher e foi o \u00faltimo a ter uma universidade federal. O \u00faltimo.<\/p>\n<p style=\"text-align: justify;\">Eu conto sempre uma hist\u00f3ria para todo mundo lembrar. O Brasil s\u00f3 foi ter a sua primeira universidade federal em 1920, 420 anos depois da descoberta. O Peru teve a primeira em 1554 [1551]. Significa o qu\u00ea? Significa que a elite que ocupou esse pa\u00eds, a partir de Portugal, s\u00f3 imaginava que a gente fosse ind\u00edgena, negro e trabalhador cortador de cana. N\u00e3o imaginava que a gente fosse ser outra coisa nesse pa\u00eds.<\/p>\n<p style=\"text-align: justify;\">Eu acho que a elite brasileira deveria ter vergonha, deveria se olhar no espelho e ter vergonha. Porque precisou um torneiro mec\u00e2nico, sem diploma universit\u00e1rio, governar esse pa\u00eds para ser o presidente que mais fez universidade na hist\u00f3ria desse pa\u00eds. Para ser o presidente que mais fez instituto nesse pa\u00eds. N\u00f3s encontramos 140 institutos feitos em 100 anos. Quando eu tomei posse, em 2003, a gente tinha 140 institutos. Quando eu deixar a presid\u00eancia, n\u00f3s vamos entregar 782 Institutos Federais nesse pa\u00eds e ainda \u00e9 pouco. Ainda \u00e9 pouco.<\/p>\n<p style=\"text-align: justify;\">Por isso, meu querido magn\u00edfico reitor, eu fico muito, mas muito lisonjeado e muito feliz quando eu vejo o orgulho teu, no teu semblante e na tua voz, a alegria de estar aqui no meio dessa meninada conversando um pouco. Porque, veja, n\u00f3s temos que consertar o que n\u00e3o foi feito nesse pa\u00eds h\u00e1 muito tempo. Eu sempre digo, companheiro Camilo, que o nosso Brasil e a nossa cidade, os prefeitos atuais, eles, na verdade, est\u00e3o tentando consertar os erros que come\u00e7aram na d\u00e9cada de 50 com o \u00eaxodo rural nesse pa\u00eds.<\/p>\n<p style=\"text-align: justify;\">As pessoas foram para as capitais, para o Rio, para Belo Horizonte, para S\u00e3o Paulo, e as pessoas foram invadindo as cidades da forma que podiam. E, hoje, muitos prefeitos est\u00e3o vendo as cidades se localizarem, sabe, em lugares que s\u00e3o inadequados para pessoas morarem. E, muitas vezes, os prefeitos passam a maior parte do tempo atr\u00e1s de dinheiro para tentar consertar as coisas que estavam erradas. Porque, nesse pa\u00eds, tudo que a gente tenta fazer para o povo, aparece algu\u00e9m para dizer: \u201c\u00e9 muito gasto, vai gastar demais\u201d. Tem um pessoal na \u00e1rea financeira desse pa\u00eds que qualquer coisa que a gente fa\u00e7a, \u00e9 um \u201cvai gastar demais, vai gastar demais, vai gastar demais\u201d. \u201cNa educa\u00e7\u00e3o vai gastar, na sa\u00fade vai gastar, na seguran\u00e7a vai gastar\u201d.<\/p>\n<p style=\"text-align: justify;\">A minha pergunta que n\u00e3o quer calar \u00e9 a seguinte: quanto custa n\u00e3o fazer as coisas no tempo correto nesse pa\u00eds? Se o companheiro Camilo n\u00e3o tivesse me apresentado os n\u00fameros do IBGE, de que 480 mil meninas e meninos do Ensino M\u00e9dio estavam desistindo da escola para ajudar no or\u00e7amento familiar, para ajudar a comprar comida para casa. Se a gente n\u00e3o soubesse disso no tempo certo e a gente criasse o P\u00e9-de-Meia, o dinheiro que a gente est\u00e1 deixando de investir na educa\u00e7\u00e3o, a gente depois ia investir em cadeia, que \u00e9 muito mais caro e muito menos produtivo para a hist\u00f3ria desse pa\u00eds.<\/p>\n<p style=\"text-align: justify;\">\u00c9 por isso que n\u00f3s resolvemos criar o P\u00e9-de-Meia, para dar \u00e0 m\u00e3e, ao pai, aos filhos, a certeza de que n\u00f3s, enquanto Governo Federal, vamos cuidar para que voc\u00eas continuem estudando, para que voc\u00eas se formem e para que voc\u00eas possam ter uma defini\u00e7\u00e3o na vida de voc\u00eas para criar uma fam\u00edlia digna, muito respeitada neste pa\u00eds e com todo mundo vivendo de cabe\u00e7a erguida neste pa\u00eds. \u00c9 esse o princ\u00edpio que n\u00f3s queremos.<\/p>\n<p style=\"text-align: justify;\">\u00c9 por isso que n\u00f3s agora resolvemos colocar, sabe, compromisso com quase 6 mil prefeitos neste pa\u00eds. At\u00e9 2030, a gente quer ver se a gente alfabetiza 80% das crian\u00e7as brasileiras at\u00e9 o segundo ano do Ensino Fundamental, porque se as crian\u00e7as n\u00e3o forem alfabetizadas no tempo certo, elas v\u00e3o demorar muito mais para sair do analfabetismo.<\/p>\n<p style=\"text-align: justify;\">Da mesma forma que n\u00f3s resolvemos fazer com que a gente atinja \u2014 esse ano j\u00e1 atingimos 1 milh\u00e3o de crian\u00e7as no [programa] Escola em Tempo Integral. N\u00e3o apenas para permitir que a crian\u00e7a tenha mais oportunidade de estudar, mas para que a gente possa garantir tamb\u00e9m tranquilidade \u00e0s m\u00e3es, tranquilidade aos pais, que podem sair para trabalhar, sabendo que o seu filho est\u00e1 sendo bem cuidado numa escola e n\u00e3o abandonado na rua, quem sabe \u00e0 merc\u00ea de uma chamada bala perdida, que \u00e9 o que mata muito aqui no Rio de Janeiro.<\/p>\n<p style=\"text-align: justify;\">Outra coisa importante, gente, outra coisa importante \u00e9 a gente voltar a acreditar que tudo que a gente puder fazer para garantir uma educa\u00e7\u00e3o de qualidade, n\u00f3s vamos ter que fazer. N\u00e3o existe outra possibilidade da gente olhar na cara de uma m\u00e3e, de um pai, olhar na cara dos filhos e ter a certeza de que a gente est\u00e1 fazendo o m\u00ednimo necess\u00e1rio para garantir tranquilidade \u00e0quela fam\u00edlia. Tranquilidade. Porque muita gente pensa, Camilo, que os pais querem deixar para os filhos heran\u00e7a, querem deixar dinheiro, querem deixar im\u00f3veis. \u00c9 verdade que qualquer coisa que deixar \u00e9 importante, mas n\u00e3o tem nada mais sagrado para um pai e para uma m\u00e3e do que deixar um filho com diploma, com uma profiss\u00e3o para viver independente.<\/p>\n<p style=\"text-align: justify;\">Eu vou dizer mais duas coisas que eu costumo repetir. Primeiro, o aprendizado e a profiss\u00e3o s\u00e3o muito importantes para o homem, porque eu sei o que \u00e9 um homem com uma profiss\u00e3o procurando emprego. E sei o que \u00e9 um homem sem profiss\u00e3o procurando emprego. Um \u00e9 tratado com respeito, o outro n\u00e3o se olha nem para a cara dele. Alguns te pedem o documento para ele poder fazer uma ficha, outros s\u00f3 falam: \u201cn\u00e3o tem vaga\u201d. Porque quem n\u00e3o tem profiss\u00e3o sofre muito nesse pa\u00eds.<\/p>\n<p style=\"text-align: justify;\">A outra coisa \u00e9 menina. As meninas, sobretudo, precisam ter no\u00e7\u00e3o de que al\u00e9m da profiss\u00e3o, al\u00e9m do estudo, a profiss\u00e3o significa para voc\u00eas independ\u00eancia. Uma mulher n\u00e3o pode depender de uma pessoa porque paga aluguel para ela. Uma mulher n\u00e3o pode depender de uma pessoa porque d\u00e1 um prato de comida para ela ou para o filho dela. \u00c9 muito importante que voc\u00eas saibam que, quando voc\u00eas tiverem uma profiss\u00e3o, voc\u00eas v\u00e3o morar com quem quiser porque voc\u00eas gostam, mas, se a pessoa fizer desaforo, voc\u00eas n\u00e3o s\u00e3o obrigadas a levar para casa. Ningu\u00e9m \u00e9 obrigado a morar com ningu\u00e9m por causa de um prato de comida.<\/p>\n<p style=\"text-align: justify;\">Eu conto sempre, prefeito, uma hist\u00f3ria. A minha m\u00e3e, com oito filhos pequenos, teve coragem de largar o meu pai com a roupa do corpo e criou oito filhos, inclusive um que virou presidente da Rep\u00fablica. Numa demonstra\u00e7\u00e3o de que n\u00f3s precisamos acabar com a viol\u00eancia contra a mulher, precisamos acabar com o feminic\u00eddio, precisamos acabar com as coisas que tratam a mulher como se ela fosse cidad\u00e3 de segunda categoria, como se ela fosse objeto. N\u00e3o tem porqu\u00ea. Ent\u00e3o, levantem a cabe\u00e7a. Voc\u00eas n\u00e3o s\u00e3o inferiores a ningu\u00e9m. A \u00fanica coisa que voc\u00eas t\u00eam que exigir \u00e9 respeito.<\/p>\n<p style=\"text-align: justify;\">O homem tem que respeitar voc\u00eas como ele respeita a m\u00e3e dele, a av\u00f3 dele. N\u00e3o \u00e9 porque ele, sabe, respeita a m\u00e3e que ele vai brigar com a mulher dele, com a companheira dele. Isso \u00e9 uma coisa que me ofende e ofende por causa da hist\u00f3ria da minha m\u00e3e. A gente tem que conquistar essa independ\u00eancia, porque o mundo justo que a gente quer criar, ele est\u00e1 ligado \u00e0 educa\u00e7\u00e3o, ele est\u00e1 ligado \u00e0 democracia, est\u00e1 ligado \u00e0 nossa liberdade.<\/p>\n<p style=\"text-align: justify;\">\u00c9 por isso que eu dizia para voc\u00eas o seguinte: procurem a hist\u00f3ria de Campos, procurem a hist\u00f3ria do Rio de Janeiro e vejam quais foram os \u00faltimos presidentes que investiram em educa\u00e7\u00e3o. Tentem. N\u00e3o precisa eu ficar falando quem. Analise quantas escolas foram feitas numa data que terminou outro dia atr\u00e1s. Pesquise quantos Institutos Federais, quantas universidades foram feitas, que voc\u00eas v\u00e3o perceber que tem gente que passou por esse pa\u00eds, governando, s\u00f3 para contar mentiras e s\u00f3 para provocar a boa f\u00e9 do nosso povo.<\/p>\n<p style=\"text-align: justify;\">E eu quero dizer para voc\u00eas uma coisa. Eu quero dizer para voc\u00eas uma coisa. Eu tenho um compromisso com a educa\u00e7\u00e3o, um compromisso extremamente s\u00e9rio, porque eu n\u00e3o acredito que exista outra sa\u00edda para o nosso povo. Tem gente que acha que pode ficar rico apostando na bet, apostando na loteria. \u00c9 at\u00e9 poss\u00edvel, mas \u00e9 um em 50 milh\u00f5es. \u00c9 bem poss\u00edvel que algu\u00e9m pense que \u00e9 f\u00e1cil. \u201cEu vou ganhar dinheiro, eu vou roubar\u201d. Pode ser f\u00e1cil, mas a chance dele ser preso \u00e9 muito grande.<\/p>\n<p style=\"text-align: justify;\">H\u00e1 gente que acha que pode ter sorte na vida arrumando algu\u00e9m que seja um chef\u00e3o, um cara que tenha poder na prefeitura, no Governo Federal, e possa oferecer o emprego para voc\u00eas. N\u00e3o vai acontecer. Ent\u00e3o eu queria que voc\u00eas pensassem, reflitam comigo. S\u00f3 tem uma sa\u00edda: estudar, estudar, estudar, estudar, estudar, estudar. \u00c9 a \u00fanica sa\u00edda que pode garantir que voc\u00eas possam realizar o sonho de voc\u00eas.<\/p>\n<p style=\"text-align: justify;\">Portanto, gente, muito obrigado. Que Deus aben\u00e7oe voc\u00eas, que Deus aben\u00e7oe o campus de Campos e at\u00e9 outro dia, se Deus quiser.<\/p>\n","protected":false},"excerpt":{"rendered":"<p>Transcri\u00e7\u00e3o do pronunciamento do presidente Lula durante inaugura\u00e7\u00e3o de sede da Universidade Federal Fluminense em Campos dos Goytacazes, em 14 de abril de 2025 Apenas um aviso de uma coisa que n\u00e3o fazia parte da agenda do Camilo [Santana, ministro da Educa\u00e7\u00e3o]. N\u00e3o sei se voc\u00eas est\u00e3o lembrados da imagem assim, aquele jovem que est\u00e1 [&hellip;]<\/p>\n","protected":false},"author":2,"featured_media":127435,"comment_status":"open","ping_status":"open","sticky":false,"template":"","format":"standard","meta":[],"categories":[130,105],"tags":[138,7526],"_links":{"self":[{"href":"https:\/\/www.blogdopaulonunes.com\/v5\/index.php\/wp-json\/wp\/v2\/posts\/127434"}],"collection":[{"href":"https:\/\/www.blogdopaulonunes.com\/v5\/index.php\/wp-json\/wp\/v2\/posts"}],"about":[{"href":"https:\/\/www.blogdopaulonunes.com\/v5\/index.php\/wp-json\/wp\/v2\/types\/post"}],"author":[{"embeddable":true,"href":"https:\/\/www.blogdopaulonunes.com\/v5\/index.php\/wp-json\/wp\/v2\/users\/2"}],"replies":[{"embeddable":true,"href":"https:\/\/www.blogdopaulonunes.com\/v5\/index.php\/wp-json\/wp\/v2\/comments?post=127434"}],"version-history":[{"count":1,"href":"https:\/\/www.blogdopaulonunes.com\/v5\/index.php\/wp-json\/wp\/v2\/posts\/127434\/revisions"}],"predecessor-version":[{"id":127436,"href":"https:\/\/www.blogdopaulonunes.com\/v5\/index.php\/wp-json\/wp\/v2\/posts\/127434\/revisions\/127436"}],"wp:featuredmedia":[{"embeddable":true,"href":"https:\/\/www.blogdopaulonunes.com\/v5\/index.php\/wp-json\/wp\/v2\/media\/127435"}],"wp:attachment":[{"href":"https:\/\/www.blogdopaulonunes.com\/v5\/index.php\/wp-json\/wp\/v2\/media?parent=127434"}],"wp:term":[{"taxonomy":"category","embeddable":true,"href":"https:\/\/www.blogdopaulonunes.com\/v5\/index.php\/wp-json\/wp\/v2\/categories?post=127434"},{"taxonomy":"post_tag","embeddable":true,"href":"https:\/\/www.blogdopaulonunes.com\/v5\/index.php\/wp-json\/wp\/v2\/tags?post=127434"}],"curies":[{"name":"wp","href":"https:\/\/api.w.org\/{rel}","templated":true}]}}