{"id":127423,"date":"2026-01-17T07:29:35","date_gmt":"2026-01-17T10:29:35","guid":{"rendered":"https:\/\/www.blogdopaulonunes.com\/v5\/?p=127423"},"modified":"2026-01-17T07:33:55","modified_gmt":"2026-01-17T10:33:55","slug":"lula-defende-nova-politica-de-aumento-do-salario-minimo","status":"publish","type":"post","link":"https:\/\/www.blogdopaulonunes.com\/v5\/index.php\/2026\/01\/17\/lula-defende-nova-politica-de-aumento-do-salario-minimo\/","title":{"rendered":"Lula defende nova pol\u00edtica de aumento do sal\u00e1rio m\u00ednimo"},"content":{"rendered":"<p><strong>Presidente tornou a defender pol\u00edtica de adequa\u00e7\u00e3o do sal\u00e1rio m\u00ednimo ao crescimento do PIB.<\/strong><\/p>\n<div class=\"asset__content leitura-materia-115596\">\n<div class=\"html-content\">\n<p style=\"text-align: justify;\">Durante a cerim\u00f4nia de celebra\u00e7\u00e3o dos 90 anos da cria\u00e7\u00e3o do sal\u00e1rio m\u00ednimo no Brasil, realizada nesta sexta-feira (16) no Rio de Janeiro, o presidente Lula tornou a defender a implementa\u00e7\u00e3o de novas pol\u00edticas de aumento do sal\u00e1rio m\u00ednimo. Segundo o chefe de governo, a valoriza\u00e7\u00e3o \u00e9 necess\u00e1ria para que a popula\u00e7\u00e3o possa usufruir dos efeitos do aumento do Produto Interno Bruto (PIB).<\/p>\n<p style=\"text-align: justify;\">&#8220;N\u00f3s vamos ter que continuar trabalhando para aumentar o sal\u00e1rio m\u00ednimo. Qual \u00e9 o problema? O PIB \u00e9 o resultado do crescimento da economia produzido pelo povo brasileiro. Quando voc\u00ea v\u00ea PIB, \u00e9 o resultado da capacidade de crescimento que a produ\u00e7\u00e3o brasileira conseguiu fazer. Ora, ent\u00e3o \u00e9 justo que voc\u00ea, quando cresce o PIB, cres\u00e7a o PIB do trabalhador&#8221;, declarou.<\/p>\n<p>Confira o discurso:<\/p>\n<div class=\"iframe-video-wrapper\"><iframe loading=\"lazy\" title=\"YouTube video player\" src=\"https:\/\/www.youtube.com\/embed\/5C1EdjN8RAk?si=loEzQwkRf4fja_y2\" width=\"800\" height=\"450\" frameborder=\"0\" allowfullscreen=\"allowfullscreen\" data-mce-fragment=\"1\"><\/iframe><\/div>\n<p style=\"text-align: justify;\">Lula tamb\u00e9m criticou os discursos contr\u00e1rios \u00e0 valoriza\u00e7\u00e3o do sal\u00e1rio m\u00ednimo. &#8220;Quando a gente tentou falar aqui em aumentar o sal\u00e1rio m\u00ednimo, todo mundo dizia que vai quebrar a economia, vai quebrar as empresas. Tem cara que d\u00e1 mil reais de gorjeta para tomar u\u00edsque e n\u00e3o quer pagar o desgra\u00e7ado sal\u00e1rio m\u00ednimo para o povo pobre? Esse cara acha que vai quebrar o pa\u00eds. Ent\u00e3o precisa a gente enfrentar esse debate&#8221;, argumentou.<\/p>\n<\/div>\n<\/div>\n","protected":false},"excerpt":{"rendered":"<p>Presidente tornou a defender pol\u00edtica de adequa\u00e7\u00e3o do sal\u00e1rio m\u00ednimo ao crescimento do PIB. Durante a cerim\u00f4nia de celebra\u00e7\u00e3o dos 90 anos da cria\u00e7\u00e3o do sal\u00e1rio m\u00ednimo no Brasil, realizada nesta sexta-feira (16) no Rio de Janeiro, o presidente Lula tornou a defender a implementa\u00e7\u00e3o de novas pol\u00edticas de aumento do sal\u00e1rio m\u00ednimo. Segundo o [&hellip;]<\/p>\n","protected":false},"author":2,"featured_media":127424,"comment_status":"open","ping_status":"open","sticky":false,"template":"","format":"standard","meta":[],"categories":[130,105],"tags":[138,1574],"_links":{"self":[{"href":"https:\/\/www.blogdopaulonunes.com\/v5\/index.php\/wp-json\/wp\/v2\/posts\/127423"}],"collection":[{"href":"https:\/\/www.blogdopaulonunes.com\/v5\/index.php\/wp-json\/wp\/v2\/posts"}],"about":[{"href":"https:\/\/www.blogdopaulonunes.com\/v5\/index.php\/wp-json\/wp\/v2\/types\/post"}],"author":[{"embeddable":true,"href":"https:\/\/www.blogdopaulonunes.com\/v5\/index.php\/wp-json\/wp\/v2\/users\/2"}],"replies":[{"embeddable":true,"href":"https:\/\/www.blogdopaulonunes.com\/v5\/index.php\/wp-json\/wp\/v2\/comments?post=127423"}],"version-history":[{"count":1,"href":"https:\/\/www.blogdopaulonunes.com\/v5\/index.php\/wp-json\/wp\/v2\/posts\/127423\/revisions"}],"predecessor-version":[{"id":127425,"href":"https:\/\/www.blogdopaulonunes.com\/v5\/index.php\/wp-json\/wp\/v2\/posts\/127423\/revisions\/127425"}],"wp:featuredmedia":[{"embeddable":true,"href":"https:\/\/www.blogdopaulonunes.com\/v5\/index.php\/wp-json\/wp\/v2\/media\/127424"}],"wp:attachment":[{"href":"https:\/\/www.blogdopaulonunes.com\/v5\/index.php\/wp-json\/wp\/v2\/media?parent=127423"}],"wp:term":[{"taxonomy":"category","embeddable":true,"href":"https:\/\/www.blogdopaulonunes.com\/v5\/index.php\/wp-json\/wp\/v2\/categories?post=127423"},{"taxonomy":"post_tag","embeddable":true,"href":"https:\/\/www.blogdopaulonunes.com\/v5\/index.php\/wp-json\/wp\/v2\/tags?post=127423"}],"curies":[{"name":"wp","href":"https:\/\/api.w.org\/{rel}","templated":true}]}}