{"id":127414,"date":"2026-01-17T06:51:54","date_gmt":"2026-01-17T09:51:54","guid":{"rendered":"https:\/\/www.blogdopaulonunes.com\/v5\/?p=127414"},"modified":"2026-01-17T06:51:54","modified_gmt":"2026-01-17T09:51:54","slug":"discurso-de-odio-contra-nordestinos-cresceu-821-nas-eleicoes-de-2022-aponta-estudo-da-ufscar","status":"publish","type":"post","link":"https:\/\/www.blogdopaulonunes.com\/v5\/index.php\/2026\/01\/17\/discurso-de-odio-contra-nordestinos-cresceu-821-nas-eleicoes-de-2022-aponta-estudo-da-ufscar\/","title":{"rendered":"Discurso de \u00f3dio contra nordestinos cresceu 821% nas elei\u00e7\u00f5es de 2022, aponta estudo da UFSCAR"},"content":{"rendered":"<p style=\"text-align: justify;\">A pesquisa analisou 282 milh\u00f5es de postagens nas redes sociais e identificou um aumento discurso de \u00f3dio a nordestinos \u00e0 medida que a disputa presidencial se intensificava<\/p>\n<p style=\"text-align: justify;\">Houve um aumento de 821% <b>no discurso de \u00f3dio contra nordestinos nas redes sociais<\/b>\u00a0durante o per\u00edodo eleitoral de 2022, de acordo com um estudo desenvolvido por pesquisadores do grupo Interfaces, da Universidade Federal de S\u00e3o Carlos (UFSCar), com financiamento da Funda\u00e7\u00e3o de Amparo \u00e0 Pesquisa do Estado de S\u00e3o Paulo (Fapesp).<\/p>\n<p style=\"text-align: justify;\">Ao todo, foram analisados\u00a0<b>282 milh\u00f5es de\u00a0<\/b>publica\u00e7\u00f5es na rede social X (antigo Twitter)\u00a0<b>publicados entre julho e dezembro de 2022<\/b>, per\u00edodo que compreende os dois turnos da elei\u00e7\u00e3o. A pesquisa apontou que a xenofobia se intensificou \u00e0 medida que a disputa presidencial se aproximava.<\/p>\n<p style=\"text-align: justify;\">A associa\u00e7\u00e3o entre a palavra \u201cnordestino\u201d e termos ofensivos se tornou progressivamente mais frequente ao longo dos meses analisados. Em julho, in\u00edcio da coleta, predominavam men\u00e7\u00f5es neutras ou geogr\u00e1ficas, como \u201csert\u00e3o\u201d, \u201cinterior\u201d e nomes de estados da regi\u00e3o.<\/p>\n<p style=\"text-align: justify;\">Com o avan\u00e7o do calend\u00e1rio eleitoral, o cen\u00e1rio mudou: em setembro, a palavra \u201cpobre\u201d passou a ter\u00a0<b>67% de associa\u00e7\u00e3o sem\u00e2ntica<\/b>\u00a0com \u201cnordestino\u201d, ante 57% no m\u00eas anterior.<\/p>\n<p style=\"text-align: justify;\">J\u00e1 em outubro, quando ocorreram os dois turnos da elei\u00e7\u00e3o presidencial, surgiram pela primeira vez associa\u00e7\u00f5es com termos explicitamente ofensivos, como\u00a0<b>\u201cingrato\u201d (64%) e \u201canalfabeto\u201d (59%)<\/b>.<\/p>\n<p style=\"text-align: justify;\">No mesmo per\u00edodo, a propor\u00e7\u00e3o de postagens que mencionaram o Nordeste\u00a0<b>triplicou em rela\u00e7\u00e3o aos meses anteriores<\/b>, indicando que o debate eleitoral funcionou como catalisador para a propaga\u00e7\u00e3o de estere\u00f3tipos e ataques regionais.<\/p>\n<p style=\"text-align: justify;\">Apesar do uso de intelig\u00eancia artificial (IA), por meio do Processamento de Linguagem Natural (PLN) e do m\u00e9todo\u00a0<b>Word2Vec<\/b>\u00a0(mede o grau de proximidade sem\u00e2ntica entre palavras a partir do contexto em que aparecem), os pesquisadores n\u00e3o selecionaram previamente as palavras pejorativas \u2013 elas apareceram espontaneamente conforme a an\u00e1lise avan\u00e7ava.<\/p>\n<blockquote data-rocket-lazy-bg-683aa196-736a-4d0b-997a-ccb60d185dd8=\"loaded\">\n<p style=\"text-align: justify;\">\u201cIsso \u00e9 uma evid\u00eancia de que os textos coletados sob as condi\u00e7\u00f5es desta pesquisa cont\u00eam senten\u00e7as que associam nordestinos e o Nordeste brasileiro \u00e0s ideias associadas com tais palavras-chave\u201d, afirmam os cientistas.<\/p>\n<\/blockquote>\n<p style=\"text-align: justify;\">\u201cO estudo refor\u00e7a que o preconceito regional n\u00e3o \u00e9 apenas hist\u00f3rico, mas tamb\u00e9m contempor\u00e2neo, e que compreender esses padr\u00f5es \u00e9 essencial para combater o discurso de \u00f3dio e fortalecer uma sociedade mais justa e igualit\u00e1ria\u201d, escreveu o perfil da Ufscar ao divulgar a pesquisa.<\/p>\n","protected":false},"excerpt":{"rendered":"<p>A pesquisa analisou 282 milh\u00f5es de postagens nas redes sociais e identificou um aumento discurso de \u00f3dio a nordestinos \u00e0 medida que a disputa presidencial se intensificava Houve um aumento de 821% no discurso de \u00f3dio contra nordestinos nas redes sociais\u00a0durante o per\u00edodo eleitoral de 2022, de acordo com um estudo desenvolvido por pesquisadores do [&hellip;]<\/p>\n","protected":false},"author":2,"featured_media":127415,"comment_status":"open","ping_status":"open","sticky":false,"template":"","format":"standard","meta":[],"categories":[128,105],"tags":[7518,7519,292],"_links":{"self":[{"href":"https:\/\/www.blogdopaulonunes.com\/v5\/index.php\/wp-json\/wp\/v2\/posts\/127414"}],"collection":[{"href":"https:\/\/www.blogdopaulonunes.com\/v5\/index.php\/wp-json\/wp\/v2\/posts"}],"about":[{"href":"https:\/\/www.blogdopaulonunes.com\/v5\/index.php\/wp-json\/wp\/v2\/types\/post"}],"author":[{"embeddable":true,"href":"https:\/\/www.blogdopaulonunes.com\/v5\/index.php\/wp-json\/wp\/v2\/users\/2"}],"replies":[{"embeddable":true,"href":"https:\/\/www.blogdopaulonunes.com\/v5\/index.php\/wp-json\/wp\/v2\/comments?post=127414"}],"version-history":[{"count":1,"href":"https:\/\/www.blogdopaulonunes.com\/v5\/index.php\/wp-json\/wp\/v2\/posts\/127414\/revisions"}],"predecessor-version":[{"id":127416,"href":"https:\/\/www.blogdopaulonunes.com\/v5\/index.php\/wp-json\/wp\/v2\/posts\/127414\/revisions\/127416"}],"wp:featuredmedia":[{"embeddable":true,"href":"https:\/\/www.blogdopaulonunes.com\/v5\/index.php\/wp-json\/wp\/v2\/media\/127415"}],"wp:attachment":[{"href":"https:\/\/www.blogdopaulonunes.com\/v5\/index.php\/wp-json\/wp\/v2\/media?parent=127414"}],"wp:term":[{"taxonomy":"category","embeddable":true,"href":"https:\/\/www.blogdopaulonunes.com\/v5\/index.php\/wp-json\/wp\/v2\/categories?post=127414"},{"taxonomy":"post_tag","embeddable":true,"href":"https:\/\/www.blogdopaulonunes.com\/v5\/index.php\/wp-json\/wp\/v2\/tags?post=127414"}],"curies":[{"name":"wp","href":"https:\/\/api.w.org\/{rel}","templated":true}]}}