{"id":127342,"date":"2026-01-13T12:45:43","date_gmt":"2026-01-13T15:45:43","guid":{"rendered":"https:\/\/www.blogdopaulonunes.com\/v5\/?p=127342"},"modified":"2026-01-13T12:45:43","modified_gmt":"2026-01-13T15:45:43","slug":"uma-nova-geracao-de-retirantes-que-ocupa-espacos-de-lideranca","status":"publish","type":"post","link":"https:\/\/www.blogdopaulonunes.com\/v5\/index.php\/2026\/01\/13\/uma-nova-geracao-de-retirantes-que-ocupa-espacos-de-lideranca\/","title":{"rendered":"Uma nova gera\u00e7\u00e3o de retirantes que ocupa espa\u00e7os de lideran\u00e7a"},"content":{"rendered":"<div class=\"mt-2 mb-10 max-md:px-4 max-w-max\" style=\"text-align: justify;\">\n<div class=\"w-full\">\n<p class=\"font-sentinel font-bold text-[1.063rem] leading-[1.125rem] text-[#555555]\">Rodrigo Medeiros<\/p>\n<\/div>\n<\/div>\n<div style=\"text-align: justify;\">O que antes era sin\u00f4nimo de fuga e busca de melhores condi\u00e7\u00f5es de vida, hoje \u00e9 ressignificado por uma nova gera\u00e7\u00e3o de nordestinos que est\u00e1 migrando e ocupando espa\u00e7os centrais da inova\u00e7\u00e3o \u00e0 cultura nacional<\/div>\n<div class=\"rehearsal-article-body whitespace-pre-wrap default-body-article max-md:px-4 copy-script\">\n<p style=\"text-align: justify;\">\u201cRetirante\u201d \u00e9 uma palavra que perpassa a hist\u00f3ria brasileira carregada de muitas camadas \u2013 sobretudo de dor e resist\u00eancia. Por muito tempo foi sin\u00f4nimo de seca, fome e longos deslocamentos for\u00e7ados, mas uma nova gera\u00e7\u00e3o vem ressignificando esse termo: jovens nordestinos que migraram n\u00e3o apenas para sobreviver, mas para inovar, liderar e transformar.<\/p>\n<p style=\"text-align: justify;\">Durante d\u00e9cadas, esse movimento foi associado a trabalhos pesados e pouco valorizados, como se o talento e a criatividade desse grupo n\u00e3o tivessem lugar no imagin\u00e1rio nacional. Hoje, no entanto, come\u00e7a a se desenhar um cen\u00e1rio diferente. Uma nova gera\u00e7\u00e3o se move por escolha, ambi\u00e7\u00e3o e prop\u00f3sito. Gente que ocupa posi\u00e7\u00f5es de lideran\u00e7a em empresas globais, que influencia decis\u00f5es estrat\u00e9gicas e que mostra, na pr\u00e1tica, que o Nordeste \u00e9 tamb\u00e9m territ\u00f3rio de futuro. De vanguarda.<\/p>\n<p style=\"text-align: justify;\">N\u00e3o se trata de exce\u00e7\u00f5es isoladas. H\u00e1 uma rede de trajet\u00f3rias que se multiplicam e apontam para uma mudan\u00e7a estrutural. A pandemia e o avan\u00e7o do home office foram gatilhos decisivos: de repente, a barreira geogr\u00e1fica perdeu for\u00e7a. Empresas que antes s\u00f3 contratavam no eixo Rio-S\u00e3o Paulo come\u00e7aram a abrir portas para profissionais nordestinos. O avan\u00e7o da tecnologia criou a possibilidade de acessarmos empregos que, mais do que a execu\u00e7\u00e3o, pediam vis\u00e3o sist\u00eamica, capacidade anal\u00edtica, pensamento estrat\u00e9gico.<\/p>\n<p style=\"text-align: justify;\">Os n\u00fameros confirmam essa virada. <a href=\"https:\/\/exame.com\/negocios\/nasce-um-novo-polo-de-inovacao-nordeste-ja-e-a-segunda-regiao-com-maior-numero-de-startups\/\" target=\"_blank\" rel=\"noopener\">O Nordeste j\u00e1 concentra quase 24% de todas as startups do Brasil<\/a> \u2013 mais de 4,4 mil ativas, ultrapassando inclusive a regi\u00e3o Sul. Polos de tecnologia como a UFPE (Universidade Federal de Pernambuco), a UFCG (Universidade Federal de Campina Grande) e o Instituto Metr\u00f3pole Digital da UFRN (Univerisdade Federal do Rio Grande do Norte) t\u00eam formado profissionais que j\u00e1 saem das gradua\u00e7\u00f5es estagiando ou empregados em grandes empresas nacionais, como Ita\u00fa e AmBev, ou mesmo internacionais, como Google e Microsoft.<\/p>\n<p style=\"text-align: justify;\">H\u00e1, certamente, motivos para que isso aconte\u00e7a. O Nordeste tem sido, h\u00e1 anos, laborat\u00f3rio de pol\u00edticas p\u00fablicas inovadoras na \u00e1rea educacional. Estados como Pernambuco, Cear\u00e1, Piau\u00ed e Para\u00edba <a href=\"https:\/\/todospelaeducacao.org.br\/noticias\/matriculas-no-ensino-medio-integral-triplicam-em-quase-dez-anos-mas-modelo-ainda-e-desigual-nos-estados\/\" target=\"_blank\" rel=\"noopener\">t\u00eam mais da metade de seus alunos da rede estadual em escolas de Ensino M\u00e9dio Integral<\/a> (frente a uma m\u00e9dia nacional de 22%) \u2013 modelo que j\u00e1 mostrou impacto na aprendizagem, no acesso ao ensino superior e na redu\u00e7\u00e3o da evas\u00e3o. Foi em escolas desse modelo que muitos desses jovens \u2013 e me incluo a\u00ed \u2013 tiveram contato com laborat\u00f3rios de inform\u00e1tica, inicia\u00e7\u00e3o cient\u00edfica, atividades culturais e esportivas que ampliaram horizontes.<\/p>\n<blockquote class=\"eye01\"><p>A pandemia e o avan\u00e7o do home office foram gatilhos decisivos: de repente, a barreira geogr\u00e1fica perdeu for\u00e7a<\/p><\/blockquote>\n<p style=\"text-align: justify;\">Essa transi\u00e7\u00e3o n\u00e3o apaga desigualdades hist\u00f3ricas, muito menos significa que o preconceito deixou de existir. Ser nordestino em S\u00e3o Paulo ainda \u00e9 tensionar padr\u00f5es sedimentados, enfrentar olhares enviesados, explicar sotaques, ouvir piadas preconceituosas. Mas h\u00e1 uma diferen\u00e7a importante: agora ocupamos lugares de influ\u00eancia e decis\u00e3o.\u00a0 Pessoas que cresceram longe dos grandes centros econ\u00f4micos est\u00e3o conduzindo projetos, liderando equipes, desenhando estrat\u00e9gias.\u00a0 \u00c9 profundamente transformador ver quem antes seria mantido \u00e0 margem da economia digital ajudando a definir seu rumo.<\/p>\n<p style=\"text-align: justify;\">Chamar esses jovens adultos de \u201cnova gera\u00e7\u00e3o de retirantes\u201d \u00e9, sim, provocador.\u00a0 \u00c9 reivindicar o direito de dar novo significado \u00e0 palavra e tamb\u00e9m ao olhar sobre ela. N\u00e3o partimos para escapar, partimos para transformar. E seguimos conectados \u00e0s nossas origens, trazendo para o centro valores que nasceram do Nordeste: a for\u00e7a da comunidade, a inventividade diante da escassez, a capacidade criativa de fazer muito com pouco. Como disse Alice Carvalho, em sua m\u00fasica \u201cBalacobaco,\u201d com Anitta e BaianaSystem, \u201cno Nordeste tem falta de aporte, mas excesso de cultura e raiz\u201d. E \u00e9 essa mistura que potencializa essa nova gera\u00e7\u00e3o.<\/p>\n<p style=\"text-align: justify;\">Essa virada, no entanto, ainda precisa ser reconhecida. H\u00e1 um desconhecimento persistente sobre o que j\u00e1 se faz em tecnologia e inova\u00e7\u00e3o no Nordeste, bem como no Norte. Recife, Campina Grande, Natal e Manaus abrigam ecossistemas vibrantes, com talentos que poderiam estar em qualquer lugar do mundo \u2013 e que muitas vezes s\u00f3 conseguiram ser vistos durante o auge do trabalho remoto.<\/p>\n<p style=\"text-align: justify;\">Agora, quando cresce o movimento das empresas para o retorno ao presencial, h\u00e1 o risco de que parte desse avan\u00e7o se perca. Fechar as portas para o trabalho distribu\u00eddo \u00e9 tamb\u00e9m fechar portas para essa diversidade geogr\u00e1fica e potencial criativo que oxigena o pa\u00eds. O que est\u00e1 em jogo \u00e9 mais do que inclus\u00e3o, \u00e9 intelig\u00eancia coletiva. A inova\u00e7\u00e3o brasileira s\u00f3 ser\u00e1 de fato robusta se for regional, social e racialmente diversa. E isso come\u00e7a por reconhecer que h\u00e1 uma pot\u00eancia criativa fora do eixo, em cada canto onde algu\u00e9m escreve c\u00f3digo num laborat\u00f3rio de escola p\u00fablica ou coordena times globais direto de Campina Grande ou Caruaru.<\/p>\n<p style=\"text-align: justify;\">Se no passado os retirantes eram s\u00edmbolos da falta, hoje constroem e representam abund\u00e2ncia: de ideias, de prop\u00f3sito, de caminhos poss\u00edveis. Essa gera\u00e7\u00e3o n\u00e3o cabe mais nos estere\u00f3tipos \u2013 e talvez esteja nos mostrando o que o Brasil pode se tornar quando decide acreditar em si mesmo.<\/p>\n<\/div>\n","protected":false},"excerpt":{"rendered":"<p>Rodrigo Medeiros O que antes era sin\u00f4nimo de fuga e busca de melhores condi\u00e7\u00f5es de vida, hoje \u00e9 ressignificado por uma nova gera\u00e7\u00e3o de nordestinos que est\u00e1 migrando e ocupando espa\u00e7os centrais da inova\u00e7\u00e3o \u00e0 cultura nacional \u201cRetirante\u201d \u00e9 uma palavra que perpassa a hist\u00f3ria brasileira carregada de muitas camadas \u2013 sobretudo de dor e [&hellip;]<\/p>\n","protected":false},"author":2,"featured_media":127343,"comment_status":"open","ping_status":"open","sticky":false,"template":"","format":"standard","meta":[],"categories":[82,105],"tags":[2892,7497,7498,2954],"_links":{"self":[{"href":"https:\/\/www.blogdopaulonunes.com\/v5\/index.php\/wp-json\/wp\/v2\/posts\/127342"}],"collection":[{"href":"https:\/\/www.blogdopaulonunes.com\/v5\/index.php\/wp-json\/wp\/v2\/posts"}],"about":[{"href":"https:\/\/www.blogdopaulonunes.com\/v5\/index.php\/wp-json\/wp\/v2\/types\/post"}],"author":[{"embeddable":true,"href":"https:\/\/www.blogdopaulonunes.com\/v5\/index.php\/wp-json\/wp\/v2\/users\/2"}],"replies":[{"embeddable":true,"href":"https:\/\/www.blogdopaulonunes.com\/v5\/index.php\/wp-json\/wp\/v2\/comments?post=127342"}],"version-history":[{"count":1,"href":"https:\/\/www.blogdopaulonunes.com\/v5\/index.php\/wp-json\/wp\/v2\/posts\/127342\/revisions"}],"predecessor-version":[{"id":127344,"href":"https:\/\/www.blogdopaulonunes.com\/v5\/index.php\/wp-json\/wp\/v2\/posts\/127342\/revisions\/127344"}],"wp:featuredmedia":[{"embeddable":true,"href":"https:\/\/www.blogdopaulonunes.com\/v5\/index.php\/wp-json\/wp\/v2\/media\/127343"}],"wp:attachment":[{"href":"https:\/\/www.blogdopaulonunes.com\/v5\/index.php\/wp-json\/wp\/v2\/media?parent=127342"}],"wp:term":[{"taxonomy":"category","embeddable":true,"href":"https:\/\/www.blogdopaulonunes.com\/v5\/index.php\/wp-json\/wp\/v2\/categories?post=127342"},{"taxonomy":"post_tag","embeddable":true,"href":"https:\/\/www.blogdopaulonunes.com\/v5\/index.php\/wp-json\/wp\/v2\/tags?post=127342"}],"curies":[{"name":"wp","href":"https:\/\/api.w.org\/{rel}","templated":true}]}}