{"id":127314,"date":"2026-01-10T00:04:57","date_gmt":"2026-01-10T03:04:57","guid":{"rendered":"https:\/\/www.blogdopaulonunes.com\/v5\/?p=127314"},"modified":"2026-01-09T23:06:27","modified_gmt":"2026-01-10T02:06:27","slug":"lula-sanciona-lei-que-regulamenta-carteira-profissional-de-radialista","status":"publish","type":"post","link":"https:\/\/www.blogdopaulonunes.com\/v5\/index.php\/2026\/01\/10\/lula-sanciona-lei-que-regulamenta-carteira-profissional-de-radialista\/","title":{"rendered":"Lula sanciona lei que regulamenta carteira profissional de radialista"},"content":{"rendered":"<p><strong>Com a nova medida, a carteira profissional passa a ter validade em todo o territ\u00f3rio brasileiro<\/strong><\/p>\n<p style=\"text-align: justify;\">O presidente Luiz In\u00e1cio Lula da Silva sancionou a legisla\u00e7\u00e3o que confere aos profissionais da radiodifus\u00e3o o direito \u00e0 emiss\u00e3o de carteira profissional. A Lei\u00a0<a href=\"https:\/\/www.planalto.gov.br\/ccivil_03\/_ato2023-2026\/2026\/lei\/L15335.htm\" target=\"_blank\" rel=\"noopener\">15.335\/2026<\/a>\u00a0foi publicada no Di\u00e1rio Oficial da Uni\u00e3o (DOU) nesta sexta-feira (9).<\/p>\n<p style=\"text-align: justify;\">Com a nova medida, a carteira profissional passa a ter validade em todo o territ\u00f3rio brasileiro. A lei tamb\u00e9m estende a possibilidade de emiss\u00e3o. Al\u00e9m do Minist\u00e9rio do Trabalho, a Federa\u00e7\u00e3o Interestadual dos Trabalhadores em Empresas de Radiodifus\u00e3o e de Televis\u00e3o (Fitert) e os sindicatos competentes poder\u00e3o realizar o procedimento.<\/p>\n<p style=\"text-align: justify;\">A carteira deve conter o n\u00famero da Carteira de Trabalho e Previd\u00eancia Social, fotografia, n\u00famero do registro profissional e cargo espec\u00edfico, entre outros dados pessoais.<\/p>\n<p><strong>Projeto de lei<\/strong><\/p>\n<p style=\"text-align: justify;\">A norma \u00e9 origin\u00e1ria do projeto de lei\u00a0<a href=\"https:\/\/www25.senado.leg.br\/web\/atividade\/materias\/-\/materia\/156569\" target=\"_blank\" rel=\"noopener\">1.521\/2023<\/a>, do senador\u00a0<a class=\"parlLink ignore-hover\" href=\"https:\/\/radar.congressoemfoco.com.br\/parlamentar\/25352\/perfil\" target=\"_blank\" rel=\"noopener\">Rog\u00e9rio Carvalho<\/a>\u00a0(PT-SE). Para o parlamentar, a aprova\u00e7\u00e3o corresponde a reconhecimento profissional significativo.<\/p>\n<p style=\"text-align: justify;\">\n<blockquote><p><strong>&#8220;\u00c9 gra\u00e7as ao trabalho dos radialistas que a comunica\u00e7\u00e3o via r\u00e1dio permanece atual. N\u00e3o se pode ignorar o amplo espectro comunicativo dessa atividade profissional, que se encontra presente desde os ve\u00edculos de transporte at\u00e9 as resid\u00eancias de milh\u00f5es de brasileiros. Assim, nada mais justo que a categoria passe a ter sua carteira profissional reconhecida como prova de identidade.&#8221;<\/strong><\/p><\/blockquote>\n<p style=\"text-align: justify;\">No Senado, o projeto obteve aprova\u00e7\u00e3o final na Comiss\u00e3o de Assuntos Sociais (CAS) ainda em 2023. A C\u00e2mara dos Deputados aprovou o texto em novembro de 2025, quando seguiu para san\u00e7\u00e3o.<\/p>\n","protected":false},"excerpt":{"rendered":"<p>Com a nova medida, a carteira profissional passa a ter validade em todo o territ\u00f3rio brasileiro O presidente Luiz In\u00e1cio Lula da Silva sancionou a legisla\u00e7\u00e3o que confere aos profissionais da radiodifus\u00e3o o direito \u00e0 emiss\u00e3o de carteira profissional. A Lei\u00a015.335\/2026\u00a0foi publicada no Di\u00e1rio Oficial da Uni\u00e3o (DOU) nesta sexta-feira (9). Com a nova medida, [&hellip;]<\/p>\n","protected":false},"author":2,"featured_media":127315,"comment_status":"open","ping_status":"open","sticky":false,"template":"","format":"standard","meta":[],"categories":[107,105],"tags":[7490,3583],"_links":{"self":[{"href":"https:\/\/www.blogdopaulonunes.com\/v5\/index.php\/wp-json\/wp\/v2\/posts\/127314"}],"collection":[{"href":"https:\/\/www.blogdopaulonunes.com\/v5\/index.php\/wp-json\/wp\/v2\/posts"}],"about":[{"href":"https:\/\/www.blogdopaulonunes.com\/v5\/index.php\/wp-json\/wp\/v2\/types\/post"}],"author":[{"embeddable":true,"href":"https:\/\/www.blogdopaulonunes.com\/v5\/index.php\/wp-json\/wp\/v2\/users\/2"}],"replies":[{"embeddable":true,"href":"https:\/\/www.blogdopaulonunes.com\/v5\/index.php\/wp-json\/wp\/v2\/comments?post=127314"}],"version-history":[{"count":2,"href":"https:\/\/www.blogdopaulonunes.com\/v5\/index.php\/wp-json\/wp\/v2\/posts\/127314\/revisions"}],"predecessor-version":[{"id":127317,"href":"https:\/\/www.blogdopaulonunes.com\/v5\/index.php\/wp-json\/wp\/v2\/posts\/127314\/revisions\/127317"}],"wp:featuredmedia":[{"embeddable":true,"href":"https:\/\/www.blogdopaulonunes.com\/v5\/index.php\/wp-json\/wp\/v2\/media\/127315"}],"wp:attachment":[{"href":"https:\/\/www.blogdopaulonunes.com\/v5\/index.php\/wp-json\/wp\/v2\/media?parent=127314"}],"wp:term":[{"taxonomy":"category","embeddable":true,"href":"https:\/\/www.blogdopaulonunes.com\/v5\/index.php\/wp-json\/wp\/v2\/categories?post=127314"},{"taxonomy":"post_tag","embeddable":true,"href":"https:\/\/www.blogdopaulonunes.com\/v5\/index.php\/wp-json\/wp\/v2\/tags?post=127314"}],"curies":[{"name":"wp","href":"https:\/\/api.w.org\/{rel}","templated":true}]}}